{"id":11664,"date":"2021-04-21T23:03:40","date_gmt":"2021-04-21T21:03:40","guid":{"rendered":"https:\/\/blogdelarechercheclinique.com\/?p=11664"},"modified":"2025-04-11T14:36:36","modified_gmt":"2025-04-11T12:36:36","slug":"apres-anonymisation-rgpd-s-applique","status":"publish","type":"post","link":"https:\/\/blogdelarechercheclinique.com\/en\/apres-anonymisation-rgpd-s-applique\/","title":{"rendered":"Lorsqu\u2019une entreprise utilise l\u2019anonymisation, le RGPD s\u2019applique t-il \u00e0 elle ?"},"content":{"rendered":"<p>&nbsp;<\/p>\r\n<p><iframe data-src=\"https:\/\/www.youtube.com\/embed\/6b04Mwb-XaY\" width=\"560\" height=\"315\" frameborder=\"0\" allowfullscreen=\"allowfullscreen\" src=\"data:image\/svg+xml;base64,PHN2ZyB3aWR0aD0iMSIgaGVpZ2h0PSIxIiB4bWxucz0iaHR0cDovL3d3dy53My5vcmcvMjAwMC9zdmciPjwvc3ZnPg==\" class=\"lazyload\" data-load-mode=\"1\"><\/iframe><\/p>\r\n\r\n<p>Bonjour \u00e0 tous, c\u2019est Manon DURAND, juriste sant\u00e9 au sein de l\u2019entreprise Pharmaspecific.<\/p>\r\n\r\n\r\n\r\n<p>Aujourd\u2019hui, on se retrouve pour parler du <strong>R\u00e8glement G\u00e9n\u00e9ral sur la Protection des Donn\u00e9es (ou RGPD)<\/strong>. Il s&rsquo;agit du texte de r\u00e9f\u00e9rence en mati\u00e8re de protection des donn\u00e9es \u00e0 caract\u00e8re personnel. Le RGPD est entr\u00e9 en application le 25 mai 2018 dans les Etats membres de l\u2019UE. Mais il n\u2019est pas toujours tr\u00e8s simple \u00e0 appliquer. C\u2019est pour cela que je vous viens en aide aujourd\u2019hui avec la question suivante. <br \/>Lorsqu\u2019une entreprise met en place un proc\u00e9d\u00e9 d\u2019anonymisation, est-ce qu\u2019elle est quand m\u00eame oblig\u00e9e d\u2019appliquer le RGPD\u00a0?<\/p>\r\n\r\n\r\n\r\n<h2 class=\"wp-block-heading\">Petit rappel sur l&rsquo;anonymisation<\/h2>\r\n\r\n\r\n\r\n<p>Pour rappel, l\u2019anonymisation est un proc\u00e9d\u00e9 qui va permettre d\u2019emp\u00eacher toute r\u00e9identification des donn\u00e9es. C\u2019est-\u00e0-dire que lorsque l\u2019on met en place un anonymisation, il va \u00eatre impossible, derri\u00e8re, de r\u00e9identifier les donn\u00e9es que l\u2019on a anonymis\u00e9. L\u2019anonymisation se distingue de la pseudonymisation puisqu\u2019\u00e0 l\u2019inverse, la pseudonymisation va permettre la r\u00e9identification en couplant la donn\u00e9e pseudonymis\u00e9e avec d\u2019autres donn\u00e9es. Pour \u00eatre plus claire, l\u2019anonymisation est un proc\u00e9d\u00e9 qui va rendre les donn\u00e9es anonymes de mani\u00e8re irr\u00e9versible.<\/p>\r\n\r\n\r\n\r\n<p>L\u2019anonymisation \u2013 comme la pseudonymisation d\u2019ailleurs \u2013 constitue une mesure de s\u00e9curit\u00e9, c\u2019est-\u00e0-dire qu\u2019elle va permettre de<strong> prot\u00e9ger les donn\u00e9es \u00e0 caract\u00e8re personnel<\/strong> qui sont trait\u00e9es par une entreprise.<\/p>\r\n\r\n\r\n\r\n<h2 class=\"wp-block-heading\">Apr\u00e8s l&rsquo;anonymisation, est-il n\u00e9cessaire d&rsquo;appliquer les autres r\u00e8gles du RGPD?<\/h2>\r\n\r\n\r\n\r\n<p>Mais elle n\u2019est pas suffisante pour permettre de ne pas appliquer les autres r\u00e8gles du RGPD. En voici deux raisons. La premi\u00e8re c\u2019est que le RGPD s\u2019applique dans deux cas\u00a0: soit lorsque l\u2019entreprise est \u00e9tablie sur un Etat membre de l\u2019Union Europ\u00e9enne, soit lorsque l\u2019entreprise traite les donn\u00e9es des citoyens de l\u2019Union Europ\u00e9enne.<\/p>\r\n\r\n\r\n\r\n<p>La deuxi\u00e8me raison, c\u2019est que le RGPD n\u2019est pas constitu\u00e9 que d\u2019un ensemble de mesures de s\u00e9curit\u00e9, il y a bien d\u2019autres obligations qui d\u00e9coulent du RGPD. Comme par exemple la mise en place de registres de traitement, l\u2019analyse d\u2019impact. Ensuite, l\u2019<a title=\"Veille r\u00e8glementaire\" href=\"https:\/\/cours.pharmaspecific-training.com\/veille-juridique-et-reglementaire-recherche-impliquant-la-personne-humaine\/\" target=\"_blank\" rel=\"noopener noreferrer\">encadrement des transferts en dehors de l\u2019UE<\/a> et tout un tas d\u2019autres mesures qui sont mises en place par ce texte.<\/p>\r\n\r\n\r\n\r\n<p>En conclusion, l\u2019anonymisation est un moyen de garantir sa conformit\u00e9 au RGPD. Toutefois, elle ne suffit pas \u00e0 \u00eatre conforme au RGPD. Il faut pour cela mettre en place toutes les autres obligations qui d\u00e9coulent du RGPD.<\/p>\r\n\r\n\r\n\r\n<p>Et voil\u00e0, j\u2019esp\u00e8re que vous avez aim\u00e9 cette vid\u00e9o, si c\u2019est le cas n\u2019h\u00e9sitez pas \u00e0 vous abonner \u00e0 la chaine et \u00e0 aimer cette vid\u00e9o. Vous trouverez dans la barre toutes les informations concernant nos prestations et notamment la veille juridique mensuelle ainsi que le conseil juridique en <a title=\"Recherche clinique\" href=\"https:\/\/blogdelarechercheclinique.com\/en\/recherche-clinique\/\">recherche clinique<\/a>. Et nous on se retrouve bient\u00f4t pour une prochaine vid\u00e9o.<\/p>\r\n\r\n\r\n\r\n<p>www.pharmaspecific-training.com<\/p>\r\n\r\n<p>&nbsp;<\/p>","protected":false},"excerpt":{"rendered":"<p>on se retrouve pour parler du R\u00e8glement G\u00e9n\u00e9ral sur la Protection des Donn\u00e9es (ou RGPD). Il s&rsquo;agit du texte de r\u00e9f\u00e9rence en mati\u00e8re de protection des donn\u00e9es \u00e0 caract\u00e8re personnel. Le RGPD est entr\u00e9 en application le 25 mai 2018 dans les Etats membres de l\u2019UE.<\/p>","protected":false},"author":4,"featured_media":13608,"comment_status":"open","ping_status":"open","sticky":false,"template":"","format":"standard","meta":{"om_disable_all_campaigns":false,"rop_custom_images_group":[],"rop_custom_messages_group":[],"rop_publish_now":"initial","rop_publish_now_accounts":{"facebook_122143508198123560_331463380343150":""},"rop_publish_now_history":[],"rop_publish_now_status":"pending","_sitemap_exclude":false,"_sitemap_priority":"","_sitemap_frequency":"","_exactmetrics_skip_tracking":false,"_exactmetrics_sitenote_active":false,"_exactmetrics_sitenote_note":"","_exactmetrics_sitenote_category":0,"_jetpack_memberships_contains_paid_content":false,"footnotes":""},"categories":[389],"tags":[394,16,8,360,24],"class_list":{"0":"post-11664","1":"post","2":"type-post","3":"status-publish","4":"format-standard","5":"has-post-thumbnail","7":"category-reglementaires","8":"tag-anonymisation","9":"tag-arc","10":"tag-recherche-clinique","11":"tag-rgpd","12":"tag-tec"},"translation":{"provider":"WPGlobus","version":"3.0.2","language":"en","enabled_languages":["fr","en"],"languages":{"fr":{"title":true,"content":true,"excerpt":true},"en":{"title":false,"content":false,"excerpt":false}}},"yoast_head":"<!-- This site is optimized with the Yoast SEO plugin v26.9 - https:\/\/yoast.com\/product\/yoast-seo-wordpress\/ -->\n<title>Apr\u00e8s l&#039;anonymisation, l&#039;entreprise doit-elle se conformer au RGPD<\/title>\n<meta name=\"robots\" content=\"index, follow, max-snippet:-1, max-image-preview:large, max-video-preview:-1\" \/>\n<link rel=\"canonical\" href=\"https:\/\/blogdelarechercheclinique.com\/en\/apres-anonymisation-rgpd-s-applique\/\" \/>\n<meta property=\"og:locale\" content=\"en_US\" \/>\n<meta property=\"og:type\" content=\"article\" \/>\n<meta property=\"og:title\" content=\"Lorsqu\u2019une entreprise utilise l\u2019anonymisation, le RGPD s\u2019applique t-il \u00e0 elle ? -\" \/>\n<meta property=\"og:url\" content=\"https:\/\/blogdelarechercheclinique.com\/en\/apres-anonymisation-rgpd-s-applique\/\" \/>\n<meta property=\"article:publisher\" content=\"https:\/\/www.facebook.com\/blogdelarechercheclinique\" \/>\n<meta property=\"article:published_time\" content=\"2021-04-21T21:03:40+00:00\" \/>\n<meta property=\"article:modified_time\" content=\"2025-04-11T12:36:36+00:00\" \/>\n<meta property=\"og:image\" content=\"https:\/\/blogdelarechercheclinique.com\/blog-contenu\/uploads\/2021\/04\/Anonymisation-RGPD.jpg\" \/>\n\t<meta property=\"og:image:width\" content=\"450\" \/>\n\t<meta property=\"og:image:height\" content=\"300\" \/>\n\t<meta property=\"og:image:type\" content=\"image\/jpeg\" \/>\n<meta name=\"author\" content=\"Vanessa Montanari\" \/>\n<meta name=\"twitter:card\" content=\"summary_large_image\" \/>\n<meta name=\"twitter:label1\" content=\"Written by\" \/>\n\t<meta name=\"twitter:data1\" content=\"Vanessa Montanari\" \/>\n\t<meta name=\"twitter:label2\" content=\"Est. reading time\" \/>\n\t<meta name=\"twitter:data2\" content=\"3 minutes\" \/>\n<script type=\"application\/ld+json\" class=\"yoast-schema-graph\">{\"@context\":\"https:\/\/schema.org\",\"@graph\":[{\"@type\":\"Article\",\"@id\":\"https:\/\/blogdelarechercheclinique.com\/apres-anonymisation-rgpd-s-applique\/#article\",\"isPartOf\":{\"@id\":\"https:\/\/blogdelarechercheclinique.com\/apres-anonymisation-rgpd-s-applique\/\"},\"author\":{\"name\":\"Vanessa Montanari\",\"@id\":\"https:\/\/blogdelarechercheclinique.com\/#\/schema\/person\/13ee3f7a1251afe7e98918a482685938\"},\"headline\":\"Lorsqu\u2019une entreprise utilise l\u2019anonymisation, le RGPD s\u2019applique t-il \u00e0 elle ?\",\"datePublished\":\"2021-04-21T21:03:40+00:00\",\"dateModified\":\"2025-04-11T12:36:36+00:00\",\"mainEntityOfPage\":{\"@id\":\"https:\/\/blogdelarechercheclinique.com\/apres-anonymisation-rgpd-s-applique\/\"},\"wordCount\":537,\"commentCount\":4,\"publisher\":{\"@id\":\"https:\/\/blogdelarechercheclinique.com\/#organization\"},\"image\":{\"@id\":\"https:\/\/blogdelarechercheclinique.com\/apres-anonymisation-rgpd-s-applique\/#primaryimage\"},\"thumbnailUrl\":\"https:\/\/i0.wp.com\/blogdelarechercheclinique.com\/blog-contenu\/uploads\/2021\/04\/Anonymisation-RGPD.jpg?fit=450%2C300&ssl=1\",\"keywords\":[\"Anonymisation\",\"ARC\",\"recherche clinique\",\"RGPD\",\"TEC\"],\"articleSection\":[\"Les r\u00e8glementaires\"],\"inLanguage\":\"en-US\",\"potentialAction\":[{\"@type\":\"CommentAction\",\"name\":\"Comment\",\"target\":[\"https:\/\/blogdelarechercheclinique.com\/apres-anonymisation-rgpd-s-applique\/#respond\"]}]},{\"@type\":\"WebPage\",\"@id\":\"https:\/\/blogdelarechercheclinique.com\/apres-anonymisation-rgpd-s-applique\/\",\"url\":\"https:\/\/blogdelarechercheclinique.com\/apres-anonymisation-rgpd-s-applique\/\",\"name\":\"Apr\u00e8s l'anonymisation, l'entreprise doit-elle se conformer au RGPD\",\"isPartOf\":{\"@id\":\"https:\/\/blogdelarechercheclinique.com\/#website\"},\"primaryImageOfPage\":{\"@id\":\"https:\/\/blogdelarechercheclinique.com\/apres-anonymisation-rgpd-s-applique\/#primaryimage\"},\"image\":{\"@id\":\"https:\/\/blogdelarechercheclinique.com\/apres-anonymisation-rgpd-s-applique\/#primaryimage\"},\"thumbnailUrl\":\"https:\/\/i0.wp.com\/blogdelarechercheclinique.com\/blog-contenu\/uploads\/2021\/04\/Anonymisation-RGPD.jpg?fit=450%2C300&ssl=1\",\"datePublished\":\"2021-04-21T21:03:40+00:00\",\"dateModified\":\"2025-04-11T12:36:36+00:00\",\"description\":\"On se retrouve pour parler du R\u00e8glement G\u00e9n\u00e9ral sur la Protection des Donn\u00e9es (ou RGPD) et l'anonymisation.\",\"breadcrumb\":{\"@id\":\"https:\/\/blogdelarechercheclinique.com\/apres-anonymisation-rgpd-s-applique\/#breadcrumb\"},\"inLanguage\":\"en-US\",\"potentialAction\":[{\"@type\":\"ReadAction\",\"target\":[\"https:\/\/blogdelarechercheclinique.com\/apres-anonymisation-rgpd-s-applique\/\"]}]},{\"@type\":\"ImageObject\",\"inLanguage\":\"en-US\",\"@id\":\"https:\/\/blogdelarechercheclinique.com\/apres-anonymisation-rgpd-s-applique\/#primaryimage\",\"url\":\"https:\/\/i0.wp.com\/blogdelarechercheclinique.com\/blog-contenu\/uploads\/2021\/04\/Anonymisation-RGPD.jpg?fit=450%2C300&ssl=1\",\"contentUrl\":\"https:\/\/i0.wp.com\/blogdelarechercheclinique.com\/blog-contenu\/uploads\/2021\/04\/Anonymisation-RGPD.jpg?fit=450%2C300&ssl=1\",\"width\":450,\"height\":300,\"caption\":\"RGPD is GDPR: general data protection relation in French, Italian, Spanish. Vector illustration\"},{\"@type\":\"BreadcrumbList\",\"@id\":\"https:\/\/blogdelarechercheclinique.com\/apres-anonymisation-rgpd-s-applique\/#breadcrumb\",\"itemListElement\":[{\"@type\":\"ListItem\",\"position\":1,\"name\":\"Accueil\",\"item\":\"https:\/\/blogdelarechercheclinique.com\/\"},{\"@type\":\"ListItem\",\"position\":2,\"name\":\"Lorsqu\u2019une entreprise utilise l\u2019anonymisation, le RGPD s\u2019applique t-il \u00e0 elle ?\"}]},{\"@type\":\"WebSite\",\"@id\":\"https:\/\/blogdelarechercheclinique.com\/#website\",\"url\":\"https:\/\/blogdelarechercheclinique.com\/\",\"name\":\"Blog de la recherche clinique\",\"description\":\"\",\"publisher\":{\"@id\":\"https:\/\/blogdelarechercheclinique.com\/#organization\"},\"potentialAction\":[{\"@type\":\"SearchAction\",\"target\":{\"@type\":\"EntryPoint\",\"urlTemplate\":\"https:\/\/blogdelarechercheclinique.com\/?s={search_term_string}\"},\"query-input\":{\"@type\":\"PropertyValueSpecification\",\"valueRequired\":true,\"valueName\":\"search_term_string\"}}],\"inLanguage\":\"en-US\"},{\"@type\":\"Organization\",\"@id\":\"https:\/\/blogdelarechercheclinique.com\/#organization\",\"name\":\"Blog de la recherche clinique\",\"url\":\"https:\/\/blogdelarechercheclinique.com\/\",\"logo\":{\"@type\":\"ImageObject\",\"inLanguage\":\"en-US\",\"@id\":\"https:\/\/blogdelarechercheclinique.com\/#\/schema\/logo\/image\/\",\"url\":\"https:\/\/i0.wp.com\/blogdelarechercheclinique.com\/blog-contenu\/uploads\/2024\/04\/cropped-BLOG-logo.png?fit=512%2C512&ssl=1\",\"contentUrl\":\"https:\/\/i0.wp.com\/blogdelarechercheclinique.com\/blog-contenu\/uploads\/2024\/04\/cropped-BLOG-logo.png?fit=512%2C512&ssl=1\",\"width\":512,\"height\":512,\"caption\":\"Blog de la recherche clinique\"},\"image\":{\"@id\":\"https:\/\/blogdelarechercheclinique.com\/#\/schema\/logo\/image\/\"},\"sameAs\":[\"https:\/\/www.facebook.com\/blogdelarechercheclinique\"]},{\"@type\":\"Person\",\"@id\":\"https:\/\/blogdelarechercheclinique.com\/#\/schema\/person\/13ee3f7a1251afe7e98918a482685938\",\"name\":\"Vanessa Montanari\",\"image\":{\"@type\":\"ImageObject\",\"inLanguage\":\"en-US\",\"@id\":\"https:\/\/blogdelarechercheclinique.com\/#\/schema\/person\/image\/\",\"url\":\"https:\/\/secure.gravatar.com\/avatar\/ddf428208f542d6c2239ace6606ebe9beb71049642a9c784967f23e4e76e8efc?s=96&d=mm&r=g\",\"contentUrl\":\"https:\/\/secure.gravatar.com\/avatar\/ddf428208f542d6c2239ace6606ebe9beb71049642a9c784967f23e4e76e8efc?s=96&d=mm&r=g\",\"caption\":\"Vanessa Montanari\"},\"url\":\"https:\/\/blogdelarechercheclinique.com\/en\/author\/vanessa\/\"}]}<\/script>\n<!-- \/ Yoast SEO plugin. -->","yoast_head_json":{"title":"Apr\u00e8s l'anonymisation, l'entreprise doit-elle se conformer au RGPD","robots":{"index":"index","follow":"follow","max-snippet":"max-snippet:-1","max-image-preview":"max-image-preview:large","max-video-preview":"max-video-preview:-1"},"canonical":"https:\/\/blogdelarechercheclinique.com\/en\/apres-anonymisation-rgpd-s-applique\/","og_locale":"en_US","og_type":"article","og_title":"Lorsqu\u2019une entreprise utilise l\u2019anonymisation, le RGPD s\u2019applique t-il \u00e0 elle ? -","og_url":"https:\/\/blogdelarechercheclinique.com\/en\/apres-anonymisation-rgpd-s-applique\/","article_publisher":"https:\/\/www.facebook.com\/blogdelarechercheclinique","article_published_time":"2021-04-21T21:03:40+00:00","article_modified_time":"2025-04-11T12:36:36+00:00","og_image":[{"width":450,"height":300,"url":"https:\/\/blogdelarechercheclinique.com\/blog-contenu\/uploads\/2021\/04\/Anonymisation-RGPD.jpg","type":"image\/jpeg"}],"author":"Vanessa Montanari","twitter_card":"summary_large_image","twitter_misc":{"Written by":"Vanessa Montanari","Est. reading time":"3 minutes"},"schema":{"@context":"https:\/\/schema.org","@graph":[{"@type":"Article","@id":"https:\/\/blogdelarechercheclinique.com\/apres-anonymisation-rgpd-s-applique\/#article","isPartOf":{"@id":"https:\/\/blogdelarechercheclinique.com\/apres-anonymisation-rgpd-s-applique\/"},"author":{"name":"Vanessa Montanari","@id":"https:\/\/blogdelarechercheclinique.com\/#\/schema\/person\/13ee3f7a1251afe7e98918a482685938"},"headline":"Lorsqu\u2019une entreprise utilise l\u2019anonymisation, le RGPD s\u2019applique t-il \u00e0 elle ?","datePublished":"2021-04-21T21:03:40+00:00","dateModified":"2025-04-11T12:36:36+00:00","mainEntityOfPage":{"@id":"https:\/\/blogdelarechercheclinique.com\/apres-anonymisation-rgpd-s-applique\/"},"wordCount":537,"commentCount":4,"publisher":{"@id":"https:\/\/blogdelarechercheclinique.com\/#organization"},"image":{"@id":"https:\/\/blogdelarechercheclinique.com\/apres-anonymisation-rgpd-s-applique\/#primaryimage"},"thumbnailUrl":"https:\/\/i0.wp.com\/blogdelarechercheclinique.com\/blog-contenu\/uploads\/2021\/04\/Anonymisation-RGPD.jpg?fit=450%2C300&ssl=1","keywords":["Anonymisation","ARC","recherche clinique","RGPD","TEC"],"articleSection":["Les r\u00e8glementaires"],"inLanguage":"en-US","potentialAction":[{"@type":"CommentAction","name":"Comment","target":["https:\/\/blogdelarechercheclinique.com\/apres-anonymisation-rgpd-s-applique\/#respond"]}]},{"@type":"WebPage","@id":"https:\/\/blogdelarechercheclinique.com\/apres-anonymisation-rgpd-s-applique\/","url":"https:\/\/blogdelarechercheclinique.com\/apres-anonymisation-rgpd-s-applique\/","name":"Apr\u00e8s l'anonymisation, l'entreprise doit-elle se conformer au RGPD","isPartOf":{"@id":"https:\/\/blogdelarechercheclinique.com\/#website"},"primaryImageOfPage":{"@id":"https:\/\/blogdelarechercheclinique.com\/apres-anonymisation-rgpd-s-applique\/#primaryimage"},"image":{"@id":"https:\/\/blogdelarechercheclinique.com\/apres-anonymisation-rgpd-s-applique\/#primaryimage"},"thumbnailUrl":"https:\/\/i0.wp.com\/blogdelarechercheclinique.com\/blog-contenu\/uploads\/2021\/04\/Anonymisation-RGPD.jpg?fit=450%2C300&ssl=1","datePublished":"2021-04-21T21:03:40+00:00","dateModified":"2025-04-11T12:36:36+00:00","description":"On se retrouve pour parler du R\u00e8glement G\u00e9n\u00e9ral sur la Protection des Donn\u00e9es (ou RGPD) et l'anonymisation.","breadcrumb":{"@id":"https:\/\/blogdelarechercheclinique.com\/apres-anonymisation-rgpd-s-applique\/#breadcrumb"},"inLanguage":"en-US","potentialAction":[{"@type":"ReadAction","target":["https:\/\/blogdelarechercheclinique.com\/apres-anonymisation-rgpd-s-applique\/"]}]},{"@type":"ImageObject","inLanguage":"en-US","@id":"https:\/\/blogdelarechercheclinique.com\/apres-anonymisation-rgpd-s-applique\/#primaryimage","url":"https:\/\/i0.wp.com\/blogdelarechercheclinique.com\/blog-contenu\/uploads\/2021\/04\/Anonymisation-RGPD.jpg?fit=450%2C300&ssl=1","contentUrl":"https:\/\/i0.wp.com\/blogdelarechercheclinique.com\/blog-contenu\/uploads\/2021\/04\/Anonymisation-RGPD.jpg?fit=450%2C300&ssl=1","width":450,"height":300,"caption":"RGPD is GDPR: general data protection relation in French, Italian, Spanish. Vector illustration"},{"@type":"BreadcrumbList","@id":"https:\/\/blogdelarechercheclinique.com\/apres-anonymisation-rgpd-s-applique\/#breadcrumb","itemListElement":[{"@type":"ListItem","position":1,"name":"Accueil","item":"https:\/\/blogdelarechercheclinique.com\/"},{"@type":"ListItem","position":2,"name":"Lorsqu\u2019une entreprise utilise l\u2019anonymisation, le RGPD s\u2019applique t-il \u00e0 elle ?"}]},{"@type":"WebSite","@id":"https:\/\/blogdelarechercheclinique.com\/#website","url":"https:\/\/blogdelarechercheclinique.com\/","name":"Blog de la recherche clinique","description":"","publisher":{"@id":"https:\/\/blogdelarechercheclinique.com\/#organization"},"potentialAction":[{"@type":"SearchAction","target":{"@type":"EntryPoint","urlTemplate":"https:\/\/blogdelarechercheclinique.com\/?s={search_term_string}"},"query-input":{"@type":"PropertyValueSpecification","valueRequired":true,"valueName":"search_term_string"}}],"inLanguage":"en-US"},{"@type":"Organization","@id":"https:\/\/blogdelarechercheclinique.com\/#organization","name":"Blog de la recherche clinique","url":"https:\/\/blogdelarechercheclinique.com\/","logo":{"@type":"ImageObject","inLanguage":"en-US","@id":"https:\/\/blogdelarechercheclinique.com\/#\/schema\/logo\/image\/","url":"https:\/\/i0.wp.com\/blogdelarechercheclinique.com\/blog-contenu\/uploads\/2024\/04\/cropped-BLOG-logo.png?fit=512%2C512&ssl=1","contentUrl":"https:\/\/i0.wp.com\/blogdelarechercheclinique.com\/blog-contenu\/uploads\/2024\/04\/cropped-BLOG-logo.png?fit=512%2C512&ssl=1","width":512,"height":512,"caption":"Blog de la recherche clinique"},"image":{"@id":"https:\/\/blogdelarechercheclinique.com\/#\/schema\/logo\/image\/"},"sameAs":["https:\/\/www.facebook.com\/blogdelarechercheclinique"]},{"@type":"Person","@id":"https:\/\/blogdelarechercheclinique.com\/#\/schema\/person\/13ee3f7a1251afe7e98918a482685938","name":"Vanessa Montanari","image":{"@type":"ImageObject","inLanguage":"en-US","@id":"https:\/\/blogdelarechercheclinique.com\/#\/schema\/person\/image\/","url":"https:\/\/secure.gravatar.com\/avatar\/ddf428208f542d6c2239ace6606ebe9beb71049642a9c784967f23e4e76e8efc?s=96&d=mm&r=g","contentUrl":"https:\/\/secure.gravatar.com\/avatar\/ddf428208f542d6c2239ace6606ebe9beb71049642a9c784967f23e4e76e8efc?s=96&d=mm&r=g","caption":"Vanessa Montanari"},"url":"https:\/\/blogdelarechercheclinique.com\/en\/author\/vanessa\/"}]}},"jetpack_featured_media_url":"https:\/\/i0.wp.com\/blogdelarechercheclinique.com\/blog-contenu\/uploads\/2021\/04\/Anonymisation-RGPD.jpg?fit=450%2C300&ssl=1","jetpack-related-posts":[{"id":13605,"url":"https:\/\/blogdelarechercheclinique.com\/en\/company-uses-anonymisation-gdrp-apply\/","url_meta":{"origin":11664,"position":0},"title":"When a company uses anonymisation, does the GDPR apply to it?","author":"Vanessa Montanari","date":"7 May 2024","format":false,"excerpt":"he GDPR went into effect on May 25, 2018 in the EU member states. But it is not always very simple to apply.","rel":"","context":"In &quot;Practice the profession of Clinical Research Associate&quot;","block_context":{"text":"Practice the profession of Clinical Research Associate","link":"https:\/\/blogdelarechercheclinique.com\/en\/category\/practice-the-profession-cra\/"},"img":{"alt_text":"Anonymisation et RGPD","src":"https:\/\/i0.wp.com\/blogdelarechercheclinique.com\/blog-contenu\/uploads\/2021\/04\/Anonymisation-RGPD.jpg?fit=450%2C300&ssl=1&resize=350%2C200","width":350,"height":200},"classes":[]},{"id":14350,"url":"https:\/\/blogdelarechercheclinique.com\/en\/tec-obligations-rgpd\/","url_meta":{"origin":11664,"position":1},"title":"TEC : Mise en place des obligations li\u00e9es au RGPD","author":"Vanessa Montanari","date":"10 June 2024","format":false,"excerpt":"On se retrouve aujourd\u2019hui une nouvelle fois pour parler du RGPD, le R\u00e8glement G\u00e9n\u00e9ral sur la Protection des Donn\u00e9es. Je vous rappelle, ce texte sert de r\u00e9f\u00e9rence en mati\u00e8re de protection des donn\u00e9es \u00e0 caract\u00e8re personnel au sein de l\u2019UE. Il est entr\u00e9 en application le 25 mai 2018 dans\u2026","rel":"","context":"In &quot;Les r\u00e8glementaires&quot;","block_context":{"text":"Les r\u00e8glementaires","link":"https:\/\/blogdelarechercheclinique.com\/en\/category\/reglementaires\/"},"img":{"alt_text":"Technicien en \u00e9tude clinique","src":"https:\/\/i0.wp.com\/blogdelarechercheclinique.com\/blog-contenu\/uploads\/2024\/06\/TEC.png?fit=550%2C307&ssl=1&resize=350%2C200","width":350,"height":200,"srcset":"https:\/\/i0.wp.com\/blogdelarechercheclinique.com\/blog-contenu\/uploads\/2024\/06\/TEC.png?fit=550%2C307&ssl=1&resize=350%2C200 1x, https:\/\/i0.wp.com\/blogdelarechercheclinique.com\/blog-contenu\/uploads\/2024\/06\/TEC.png?fit=550%2C307&ssl=1&resize=525%2C300 1.5x"},"classes":[]},{"id":14360,"url":"https:\/\/blogdelarechercheclinique.com\/en\/rgpd-analyse-impact-a-posteriori\/","url_meta":{"origin":11664,"position":2},"title":"RGPD : peut-on faire une analyse d&rsquo;impact \u00e0 posteriori?","author":"Vanessa Montanari","date":"10 June 2024","format":false,"excerpt":"On se retrouve aujourd\u2019hui pour parler du R\u00e8glement G\u00e9n\u00e9ral sur la Protection des Donn\u00e9es (le RGPD). Je tiens toujours \u00e0 vous le rappeler, il s'agit du texte de r\u00e9f\u00e9rence en mati\u00e8re de protection des donn\u00e9es \u00e0 caract\u00e8re personnel. Ce texte est entr\u00e9 en application au sein de l\u2019Union Europ\u00e9enne le\u2026","rel":"","context":"In &quot;Les r\u00e8glementaires&quot;","block_context":{"text":"Les r\u00e8glementaires","link":"https:\/\/blogdelarechercheclinique.com\/en\/category\/reglementaires\/"},"img":{"alt_text":"analyse d'impact RGPD","src":"https:\/\/i0.wp.com\/blogdelarechercheclinique.com\/blog-contenu\/uploads\/2024\/06\/analyse-dimpact-RGPD.png?fit=555%2C310&ssl=1&resize=350%2C200","width":350,"height":200,"srcset":"https:\/\/i0.wp.com\/blogdelarechercheclinique.com\/blog-contenu\/uploads\/2024\/06\/analyse-dimpact-RGPD.png?fit=555%2C310&ssl=1&resize=350%2C200 1x, https:\/\/i0.wp.com\/blogdelarechercheclinique.com\/blog-contenu\/uploads\/2024\/06\/analyse-dimpact-RGPD.png?fit=555%2C310&ssl=1&resize=525%2C300 1.5x"},"classes":[]},{"id":14368,"url":"https:\/\/blogdelarechercheclinique.com\/en\/rgpd-certification-conformite-processus-entreprise\/","url_meta":{"origin":11664,"position":3},"title":"RGPD: Certification et conformit\u00e9 des processus en entreprise","author":"Vanessa Montanari","date":"10 June 2024","format":false,"excerpt":"Le RGPD est le texte de r\u00e9f\u00e9rence en mati\u00e8re de protection des donn\u00e9es \u00e0 caract\u00e8re personnel. Il est entr\u00e9 en application au sein de l\u2019Union Europ\u00e9enne le 25 mai 2018.","rel":"","context":"In &quot;Les r\u00e8glementaires&quot;","block_context":{"text":"Les r\u00e8glementaires","link":"https:\/\/blogdelarechercheclinique.com\/en\/category\/reglementaires\/"},"img":{"alt_text":"Certification RGPD","src":"https:\/\/i0.wp.com\/blogdelarechercheclinique.com\/blog-contenu\/uploads\/2024\/06\/Certification-RGPD.png?fit=552%2C307&ssl=1&resize=350%2C200","width":350,"height":200,"srcset":"https:\/\/i0.wp.com\/blogdelarechercheclinique.com\/blog-contenu\/uploads\/2024\/06\/Certification-RGPD.png?fit=552%2C307&ssl=1&resize=350%2C200 1x, https:\/\/i0.wp.com\/blogdelarechercheclinique.com\/blog-contenu\/uploads\/2024\/06\/Certification-RGPD.png?fit=552%2C307&ssl=1&resize=525%2C300 1.5x"},"classes":[]},{"id":14387,"url":"https:\/\/blogdelarechercheclinique.com\/en\/dpo-delegue-protection-donnees\/","url_meta":{"origin":11664,"position":4},"title":"Comment \u00eatre DPO (d\u00e9l\u00e9gu\u00e9 \u00e0 la protection des donn\u00e9es)?","author":"Vanessa Montanari","date":"10 June 2024","format":false,"excerpt":"La question du jour est celle de savoir comment devenir DPO. Pour rappel, le DPO ou d\u00e9l\u00e9gu\u00e9 \u00e0 la protection des donn\u00e9es, data protection officer, c\u2019est la personne qui va s\u2019occuper de la conformit\u00e9 de l\u2019entreprise qui l\u2019a d\u00e9sign\u00e9 au RGPD. C\u2019est-\u00e0-dire que c\u2019est lui qui va mettre en place\u2026","rel":"","context":"In &quot;Les r\u00e8glementaires&quot;","block_context":{"text":"Les r\u00e8glementaires","link":"https:\/\/blogdelarechercheclinique.com\/en\/category\/reglementaires\/"},"img":{"alt_text":"D\u00e9l\u00e9gu\u00e9 \u00e0 la protection des donn\u00e9es","src":"https:\/\/i0.wp.com\/blogdelarechercheclinique.com\/blog-contenu\/uploads\/2024\/06\/DPO.png?fit=552%2C308&ssl=1&resize=350%2C200","width":350,"height":200,"srcset":"https:\/\/i0.wp.com\/blogdelarechercheclinique.com\/blog-contenu\/uploads\/2024\/06\/DPO.png?fit=552%2C308&ssl=1&resize=350%2C200 1x, https:\/\/i0.wp.com\/blogdelarechercheclinique.com\/blog-contenu\/uploads\/2024\/06\/DPO.png?fit=552%2C308&ssl=1&resize=525%2C300 1.5x"},"classes":[]},{"id":14375,"url":"https:\/\/blogdelarechercheclinique.com\/en\/rgpd-notifier-violation-donnees-personnelles\/","url_meta":{"origin":11664,"position":5},"title":"RGPD : Quand notifier une violation de donn\u00e9es \u00e0 caract\u00e8re personnel?","author":"Vanessa Montanari","date":"10 June 2024","format":false,"excerpt":"On se retrouve une nouvelle fois pour parler du R\u00e8glement G\u00e9n\u00e9ral sur la Protection des Donn\u00e9es (le RGPD). Il s'agit du texte de r\u00e9f\u00e9rence en mati\u00e8re de protection des donn\u00e9es \u00e0 caract\u00e8re personnel.\u00a0 Ce texte est entr\u00e9 en application au sein de l\u2019Union Europ\u00e9enne le 25 mai 2018.","rel":"","context":"In &quot;Les r\u00e8glementaires&quot;","block_context":{"text":"Les r\u00e8glementaires","link":"https:\/\/blogdelarechercheclinique.com\/en\/category\/reglementaires\/"},"img":{"alt_text":"Violation donn\u00e9es personnelles","src":"https:\/\/i0.wp.com\/blogdelarechercheclinique.com\/blog-contenu\/uploads\/2024\/06\/violation-donnees-personnelles.png?fit=556%2C307&ssl=1&resize=350%2C200","width":350,"height":200,"srcset":"https:\/\/i0.wp.com\/blogdelarechercheclinique.com\/blog-contenu\/uploads\/2024\/06\/violation-donnees-personnelles.png?fit=556%2C307&ssl=1&resize=350%2C200 1x, https:\/\/i0.wp.com\/blogdelarechercheclinique.com\/blog-contenu\/uploads\/2024\/06\/violation-donnees-personnelles.png?fit=556%2C307&ssl=1&resize=525%2C300 1.5x"},"classes":[]}],"jetpack_sharing_enabled":true,"_links":{"self":[{"href":"https:\/\/blogdelarechercheclinique.com\/en\/wp-json\/wp\/v2\/posts\/11664","targetHints":{"allow":["GET"]}}],"collection":[{"href":"https:\/\/blogdelarechercheclinique.com\/en\/wp-json\/wp\/v2\/posts"}],"about":[{"href":"https:\/\/blogdelarechercheclinique.com\/en\/wp-json\/wp\/v2\/types\/post"}],"author":[{"embeddable":true,"href":"https:\/\/blogdelarechercheclinique.com\/en\/wp-json\/wp\/v2\/users\/4"}],"replies":[{"embeddable":true,"href":"https:\/\/blogdelarechercheclinique.com\/en\/wp-json\/wp\/v2\/comments?post=11664"}],"version-history":[{"count":4,"href":"https:\/\/blogdelarechercheclinique.com\/en\/wp-json\/wp\/v2\/posts\/11664\/revisions"}],"predecessor-version":[{"id":15045,"href":"https:\/\/blogdelarechercheclinique.com\/en\/wp-json\/wp\/v2\/posts\/11664\/revisions\/15045"}],"wp:featuredmedia":[{"embeddable":true,"href":"https:\/\/blogdelarechercheclinique.com\/en\/wp-json\/wp\/v2\/media\/13608"}],"wp:attachment":[{"href":"https:\/\/blogdelarechercheclinique.com\/en\/wp-json\/wp\/v2\/media?parent=11664"}],"wp:term":[{"taxonomy":"category","embeddable":true,"href":"https:\/\/blogdelarechercheclinique.com\/en\/wp-json\/wp\/v2\/categories?post=11664"},{"taxonomy":"post_tag","embeddable":true,"href":"https:\/\/blogdelarechercheclinique.com\/en\/wp-json\/wp\/v2\/tags?post=11664"}],"curies":[{"name":"wp","href":"https:\/\/api.w.org\/{rel}","templated":true}]}}