{"id":11679,"date":"2021-04-21T23:02:06","date_gmt":"2021-04-21T21:02:06","guid":{"rendered":"https:\/\/blogdelarechercheclinique.com\/?p=11679"},"modified":"2024-06-07T15:25:11","modified_gmt":"2024-06-07T13:25:11","slug":"suppression-donnees-demande-patient","status":"publish","type":"post","link":"https:\/\/blogdelarechercheclinique.com\/en\/suppression-donnees-demande-patient\/","title":{"rendered":"RGPD : Suppression de donn\u00e9es \u00e0 la demande du patient?"},"content":{"rendered":"<p><iframe data-src=\"https:\/\/www.youtube.com\/embed\/Kwb_coNRErk\" width=\"560\" height=\"315\" frameborder=\"0\" allowfullscreen=\"allowfullscreen\" src=\"data:image\/svg+xml;base64,PHN2ZyB3aWR0aD0iMSIgaGVpZ2h0PSIxIiB4bWxucz0iaHR0cDovL3d3dy53My5vcmcvMjAwMC9zdmciPjwvc3ZnPg==\" class=\"lazyload\" data-load-mode=\"1\"><\/iframe><\/p>\n<p>Bonjour \u00e0 tous, c\u2019est Manon DURAND, juriste sant\u00e9 au sein de l\u2019entreprise Pharmaspecific. On se retrouve encore pour parler du <a href=\"https:\/\/blogdelarechercheclinique.com\/en\/\"><strong>R\u00e8glement G\u00e9n\u00e9ral sur la Protection des Donn\u00e9es<\/strong><\/a> (le RGPD). Ce dernier est entr\u00e9 en application au sein de l\u2019Union Europ\u00e9enne le 25 mai 2018.<\/p>\n<h2>Un patient peut demander la suppression des donn\u00e9es dans son dossier m\u00e9dical<\/h2>\n<p>La question du jour est celle de savoir si un patient peut demander \u00e0 ce que des donn\u00e9es contenues dans son dossier m\u00e9dical soient supprim\u00e9es. Le <a href=\"https:\/\/blogdelarechercheclinique.com\/en\/revoir-contrat-dessai-clinique\/\">dossier m\u00e9dical<\/a> c\u2019est un ensemble de documents qui va retracer la vie du patient concernant sa sant\u00e9. Donc il peut y avoir des historiques d\u2019op\u00e9rations, de traitements pris, de visites m\u00e9dicales\u2026 Sauf que l\u2019importance de ce dossier m\u00e9dical est telle que si un m\u00e9decin consulte le dossier m\u00e9dical d\u2019un patient et qu\u2019il y manque des informations, sa prise de d\u00e9cision peut \u00eatre erron\u00e9e puisqu\u2019il n\u2019aura pas toutes les informations \u00e0 sa disposition.<\/p>\n<p>Cette probl\u00e9matique est \u00e0 mettre en balance avec les <strong>principes de protection des donn\u00e9es \u00e0 caract\u00e8re personnel<\/strong> qui veulent qu\u2019une personne concern\u00e9e, en l\u2019occurrence le patient, puisse avoir quand m\u00eame certains pouvoirs sur ses donn\u00e9es \u00e0 caract\u00e8re personnel. En effet, le patient peut <a href=\"https:\/\/blogdelarechercheclinique.com\/en\/\"><strong>demander \u00e0 supprimer ou rectifier les donn\u00e9es<\/strong><\/a> \u00e0 caract\u00e8re personnel qui sont contenues dans son dossier m\u00e9dical, il peut faire cette demande \u00e0 l\u2019h\u00f4pital mais ce n\u2019est pas sans conditions.<\/p>\n<h2>Les conditions requises pour obtenir la suppression de ses donn\u00e9es<\/h2>\n<p>D\u2019abord, il ne peut le faire que si les donn\u00e9es sont inexactes, \u00e9quivoques, p\u00e9rim\u00e9es ou si elles sont incompl\u00e8tes. Et ensuite, il doit pouvoir justifier d\u2019un motif l\u00e9gitime \u00e0 la suppression ou \u00e0 <a href=\"https:\/\/pharmaspecific.com\/service\/redaction-medicale-et-evaluation-clinique\">la rectification de ses donn\u00e9es<\/a>. Ainsi, un patient avait pu obtenir la suppression de ses donn\u00e9es au motif qu\u2019un membre de sa famille travaillait dans le m\u00eame h\u00f4pital et qu\u2019il ne souhaitait pas que le membre de sa famille ait acc\u00e8s \u00e0 ses informations de sant\u00e9 et notamment une pathologie dont il \u00e9tait victime.<\/p>\n<p>Donc si l\u2019ensemble de ces conditions est r\u00e9uni, le patient pourra demander une notification ou une suppression de ses donn\u00e9es mais en pratique il faut vraiment que le motif soit justifi\u00e9.<\/p>\n<p>Voil\u00e0 c\u2019est tout pour aujourd\u2019hui, j\u2019esp\u00e8re que cette vid\u00e9o vous aura plu. Si c\u2019est le cas n\u2019h\u00e9sitez pas \u00e0 vous abonner \u00e0 notre cha\u00eene, \u00e0 aimer cette vid\u00e9o et vous retrouverez en barre d\u2019information les informations sur nos prestations et notamment la veille juridique mensuelle et le conseil juridique en recherche clinique. Quant \u00e0 moi je vous retrouve bient\u00f4t pour une prochaine vid\u00e9o.<\/p>\n<p>www.pharmaspecific-training.com<\/p>","protected":false},"excerpt":{"rendered":"<p>On se retrouve encore pour parler du R\u00e8glement G\u00e9n\u00e9ral sur la Protection des Donn\u00e9es (le RGPD). Ce dernier est entr\u00e9 en application au sein de l\u2019Union Europ\u00e9enne le 25 mai 2018.<\/p>","protected":false},"author":4,"featured_media":14321,"comment_status":"open","ping_status":"open","sticky":false,"template":"","format":"standard","meta":{"om_disable_all_campaigns":false,"rop_custom_images_group":[],"rop_custom_messages_group":[],"rop_publish_now":"initial","rop_publish_now_accounts":{"facebook_122143508198123560_331463380343150":""},"rop_publish_now_history":[],"rop_publish_now_status":"pending","_sitemap_exclude":false,"_sitemap_priority":"","_sitemap_frequency":"","_exactmetrics_skip_tracking":false,"_exactmetrics_sitenote_active":false,"_exactmetrics_sitenote_note":"","_exactmetrics_sitenote_category":0,"_jetpack_memberships_contains_paid_content":false,"footnotes":""},"categories":[389],"tags":[406,19,402,360],"class_list":{"0":"post-11679","1":"post","2":"type-post","3":"status-publish","4":"format-standard","5":"has-post-thumbnail","7":"category-reglementaires","8":"tag-donnees-clinique","9":"tag-dossier-medical","10":"tag-gdpr","11":"tag-rgpd"},"translation":{"provider":"WPGlobus","version":"3.0.2","language":"en","enabled_languages":["fr","en"],"languages":{"fr":{"title":true,"content":true,"excerpt":true},"en":{"title":false,"content":false,"excerpt":false}}},"yoast_head":"<!-- This site is optimized with the Yoast SEO plugin v26.9 - https:\/\/yoast.com\/product\/yoast-seo-wordpress\/ -->\n<title>RGPD : Suppression de donn\u00e9es \u00e0 la demande du patient?<\/title>\n<meta name=\"robots\" content=\"index, follow, max-snippet:-1, max-image-preview:large, max-video-preview:-1\" \/>\n<link rel=\"canonical\" href=\"https:\/\/blogdelarechercheclinique.com\/en\/suppression-donnees-demande-patient\/\" \/>\n<meta property=\"og:locale\" content=\"en_US\" \/>\n<meta property=\"og:type\" content=\"article\" \/>\n<meta property=\"og:title\" content=\"RGPD : Suppression de donn\u00e9es \u00e0 la demande du patient? -\" \/>\n<meta property=\"og:url\" content=\"https:\/\/blogdelarechercheclinique.com\/en\/suppression-donnees-demande-patient\/\" \/>\n<meta property=\"article:publisher\" content=\"https:\/\/www.facebook.com\/blogdelarechercheclinique\" \/>\n<meta property=\"article:published_time\" content=\"2021-04-21T21:02:06+00:00\" \/>\n<meta property=\"article:modified_time\" content=\"2024-06-07T13:25:11+00:00\" \/>\n<meta property=\"og:image\" content=\"https:\/\/i0.wp.com\/blogdelarechercheclinique.com\/blog-contenu\/uploads\/2021\/04\/RGPD-suppression-donnees.png?fit=555%2C308&ssl=1\" \/>\n\t<meta property=\"og:image:width\" content=\"555\" \/>\n\t<meta property=\"og:image:height\" content=\"308\" \/>\n\t<meta property=\"og:image:type\" content=\"image\/png\" \/>\n<meta name=\"author\" content=\"Vanessa Montanari\" \/>\n<meta name=\"twitter:card\" content=\"summary_large_image\" \/>\n<meta name=\"twitter:label1\" content=\"Written by\" \/>\n\t<meta name=\"twitter:data1\" content=\"Vanessa Montanari\" \/>\n\t<meta name=\"twitter:label2\" content=\"Est. reading time\" \/>\n\t<meta name=\"twitter:data2\" content=\"3 minutes\" \/>\n<script type=\"application\/ld+json\" class=\"yoast-schema-graph\">{\"@context\":\"https:\/\/schema.org\",\"@graph\":[{\"@type\":\"Article\",\"@id\":\"https:\/\/blogdelarechercheclinique.com\/suppression-donnees-demande-patient\/#article\",\"isPartOf\":{\"@id\":\"https:\/\/blogdelarechercheclinique.com\/suppression-donnees-demande-patient\/\"},\"author\":{\"name\":\"Vanessa Montanari\",\"@id\":\"https:\/\/blogdelarechercheclinique.com\/#\/schema\/person\/13ee3f7a1251afe7e98918a482685938\"},\"headline\":\"RGPD : Suppression de donn\u00e9es \u00e0 la demande du patient?\",\"datePublished\":\"2021-04-21T21:02:06+00:00\",\"dateModified\":\"2024-06-07T13:25:11+00:00\",\"mainEntityOfPage\":{\"@id\":\"https:\/\/blogdelarechercheclinique.com\/suppression-donnees-demande-patient\/\"},\"wordCount\":486,\"commentCount\":0,\"publisher\":{\"@id\":\"https:\/\/blogdelarechercheclinique.com\/#organization\"},\"image\":{\"@id\":\"https:\/\/blogdelarechercheclinique.com\/suppression-donnees-demande-patient\/#primaryimage\"},\"thumbnailUrl\":\"https:\/\/i0.wp.com\/blogdelarechercheclinique.com\/blog-contenu\/uploads\/2021\/04\/RGPD-suppression-donnees.png?fit=555%2C308&ssl=1\",\"keywords\":[\"Donn\u00e9es clinique\",\"dossier m\u00e9dical\",\"GDPR\",\"RGPD\"],\"articleSection\":[\"Les r\u00e8glementaires\"],\"inLanguage\":\"en-US\",\"potentialAction\":[{\"@type\":\"CommentAction\",\"name\":\"Comment\",\"target\":[\"https:\/\/blogdelarechercheclinique.com\/suppression-donnees-demande-patient\/#respond\"]}]},{\"@type\":\"WebPage\",\"@id\":\"https:\/\/blogdelarechercheclinique.com\/suppression-donnees-demande-patient\/\",\"url\":\"https:\/\/blogdelarechercheclinique.com\/suppression-donnees-demande-patient\/\",\"name\":\"RGPD : Suppression de donn\u00e9es \u00e0 la demande du patient?\",\"isPartOf\":{\"@id\":\"https:\/\/blogdelarechercheclinique.com\/#website\"},\"primaryImageOfPage\":{\"@id\":\"https:\/\/blogdelarechercheclinique.com\/suppression-donnees-demande-patient\/#primaryimage\"},\"image\":{\"@id\":\"https:\/\/blogdelarechercheclinique.com\/suppression-donnees-demande-patient\/#primaryimage\"},\"thumbnailUrl\":\"https:\/\/i0.wp.com\/blogdelarechercheclinique.com\/blog-contenu\/uploads\/2021\/04\/RGPD-suppression-donnees.png?fit=555%2C308&ssl=1\",\"datePublished\":\"2021-04-21T21:02:06+00:00\",\"dateModified\":\"2024-06-07T13:25:11+00:00\",\"description\":\"Un patient peut demander la suppression des donn\u00e9es dans son dossier m\u00e9dical? Vous aurez la r\u00e9ponse dans cet article!\",\"breadcrumb\":{\"@id\":\"https:\/\/blogdelarechercheclinique.com\/suppression-donnees-demande-patient\/#breadcrumb\"},\"inLanguage\":\"en-US\",\"potentialAction\":[{\"@type\":\"ReadAction\",\"target\":[\"https:\/\/blogdelarechercheclinique.com\/suppression-donnees-demande-patient\/\"]}]},{\"@type\":\"ImageObject\",\"inLanguage\":\"en-US\",\"@id\":\"https:\/\/blogdelarechercheclinique.com\/suppression-donnees-demande-patient\/#primaryimage\",\"url\":\"https:\/\/i0.wp.com\/blogdelarechercheclinique.com\/blog-contenu\/uploads\/2021\/04\/RGPD-suppression-donnees.png?fit=555%2C308&ssl=1\",\"contentUrl\":\"https:\/\/i0.wp.com\/blogdelarechercheclinique.com\/blog-contenu\/uploads\/2021\/04\/RGPD-suppression-donnees.png?fit=555%2C308&ssl=1\",\"width\":555,\"height\":308,\"caption\":\"RGPD : Suppression de donn\u00e9es \u00e0 la demande du patient?\"},{\"@type\":\"BreadcrumbList\",\"@id\":\"https:\/\/blogdelarechercheclinique.com\/suppression-donnees-demande-patient\/#breadcrumb\",\"itemListElement\":[{\"@type\":\"ListItem\",\"position\":1,\"name\":\"Accueil\",\"item\":\"https:\/\/blogdelarechercheclinique.com\/\"},{\"@type\":\"ListItem\",\"position\":2,\"name\":\"RGPD : Suppression de donn\u00e9es \u00e0 la demande du patient?\"}]},{\"@type\":\"WebSite\",\"@id\":\"https:\/\/blogdelarechercheclinique.com\/#website\",\"url\":\"https:\/\/blogdelarechercheclinique.com\/\",\"name\":\"Blog de la recherche clinique\",\"description\":\"\",\"publisher\":{\"@id\":\"https:\/\/blogdelarechercheclinique.com\/#organization\"},\"potentialAction\":[{\"@type\":\"SearchAction\",\"target\":{\"@type\":\"EntryPoint\",\"urlTemplate\":\"https:\/\/blogdelarechercheclinique.com\/?s={search_term_string}\"},\"query-input\":{\"@type\":\"PropertyValueSpecification\",\"valueRequired\":true,\"valueName\":\"search_term_string\"}}],\"inLanguage\":\"en-US\"},{\"@type\":\"Organization\",\"@id\":\"https:\/\/blogdelarechercheclinique.com\/#organization\",\"name\":\"Blog de la recherche clinique\",\"url\":\"https:\/\/blogdelarechercheclinique.com\/\",\"logo\":{\"@type\":\"ImageObject\",\"inLanguage\":\"en-US\",\"@id\":\"https:\/\/blogdelarechercheclinique.com\/#\/schema\/logo\/image\/\",\"url\":\"https:\/\/i0.wp.com\/blogdelarechercheclinique.com\/blog-contenu\/uploads\/2024\/04\/cropped-BLOG-logo.png?fit=512%2C512&ssl=1\",\"contentUrl\":\"https:\/\/i0.wp.com\/blogdelarechercheclinique.com\/blog-contenu\/uploads\/2024\/04\/cropped-BLOG-logo.png?fit=512%2C512&ssl=1\",\"width\":512,\"height\":512,\"caption\":\"Blog de la recherche clinique\"},\"image\":{\"@id\":\"https:\/\/blogdelarechercheclinique.com\/#\/schema\/logo\/image\/\"},\"sameAs\":[\"https:\/\/www.facebook.com\/blogdelarechercheclinique\"]},{\"@type\":\"Person\",\"@id\":\"https:\/\/blogdelarechercheclinique.com\/#\/schema\/person\/13ee3f7a1251afe7e98918a482685938\",\"name\":\"Vanessa Montanari\",\"image\":{\"@type\":\"ImageObject\",\"inLanguage\":\"en-US\",\"@id\":\"https:\/\/blogdelarechercheclinique.com\/#\/schema\/person\/image\/\",\"url\":\"https:\/\/secure.gravatar.com\/avatar\/ddf428208f542d6c2239ace6606ebe9beb71049642a9c784967f23e4e76e8efc?s=96&d=mm&r=g\",\"contentUrl\":\"https:\/\/secure.gravatar.com\/avatar\/ddf428208f542d6c2239ace6606ebe9beb71049642a9c784967f23e4e76e8efc?s=96&d=mm&r=g\",\"caption\":\"Vanessa Montanari\"},\"url\":\"https:\/\/blogdelarechercheclinique.com\/en\/author\/vanessa\/\"}]}<\/script>\n<!-- \/ Yoast SEO plugin. -->","yoast_head_json":{"title":"RGPD : Suppression de donn\u00e9es \u00e0 la demande du patient?","robots":{"index":"index","follow":"follow","max-snippet":"max-snippet:-1","max-image-preview":"max-image-preview:large","max-video-preview":"max-video-preview:-1"},"canonical":"https:\/\/blogdelarechercheclinique.com\/en\/suppression-donnees-demande-patient\/","og_locale":"en_US","og_type":"article","og_title":"RGPD : Suppression de donn\u00e9es \u00e0 la demande du patient? -","og_url":"https:\/\/blogdelarechercheclinique.com\/en\/suppression-donnees-demande-patient\/","article_publisher":"https:\/\/www.facebook.com\/blogdelarechercheclinique","article_published_time":"2021-04-21T21:02:06+00:00","article_modified_time":"2024-06-07T13:25:11+00:00","og_image":[{"width":555,"height":308,"url":"https:\/\/i0.wp.com\/blogdelarechercheclinique.com\/blog-contenu\/uploads\/2021\/04\/RGPD-suppression-donnees.png?fit=555%2C308&ssl=1","type":"image\/png"}],"author":"Vanessa Montanari","twitter_card":"summary_large_image","twitter_misc":{"Written by":"Vanessa Montanari","Est. reading time":"3 minutes"},"schema":{"@context":"https:\/\/schema.org","@graph":[{"@type":"Article","@id":"https:\/\/blogdelarechercheclinique.com\/suppression-donnees-demande-patient\/#article","isPartOf":{"@id":"https:\/\/blogdelarechercheclinique.com\/suppression-donnees-demande-patient\/"},"author":{"name":"Vanessa Montanari","@id":"https:\/\/blogdelarechercheclinique.com\/#\/schema\/person\/13ee3f7a1251afe7e98918a482685938"},"headline":"RGPD : Suppression de donn\u00e9es \u00e0 la demande du patient?","datePublished":"2021-04-21T21:02:06+00:00","dateModified":"2024-06-07T13:25:11+00:00","mainEntityOfPage":{"@id":"https:\/\/blogdelarechercheclinique.com\/suppression-donnees-demande-patient\/"},"wordCount":486,"commentCount":0,"publisher":{"@id":"https:\/\/blogdelarechercheclinique.com\/#organization"},"image":{"@id":"https:\/\/blogdelarechercheclinique.com\/suppression-donnees-demande-patient\/#primaryimage"},"thumbnailUrl":"https:\/\/i0.wp.com\/blogdelarechercheclinique.com\/blog-contenu\/uploads\/2021\/04\/RGPD-suppression-donnees.png?fit=555%2C308&ssl=1","keywords":["Donn\u00e9es clinique","dossier m\u00e9dical","GDPR","RGPD"],"articleSection":["Les r\u00e8glementaires"],"inLanguage":"en-US","potentialAction":[{"@type":"CommentAction","name":"Comment","target":["https:\/\/blogdelarechercheclinique.com\/suppression-donnees-demande-patient\/#respond"]}]},{"@type":"WebPage","@id":"https:\/\/blogdelarechercheclinique.com\/suppression-donnees-demande-patient\/","url":"https:\/\/blogdelarechercheclinique.com\/suppression-donnees-demande-patient\/","name":"RGPD : Suppression de donn\u00e9es \u00e0 la demande du patient?","isPartOf":{"@id":"https:\/\/blogdelarechercheclinique.com\/#website"},"primaryImageOfPage":{"@id":"https:\/\/blogdelarechercheclinique.com\/suppression-donnees-demande-patient\/#primaryimage"},"image":{"@id":"https:\/\/blogdelarechercheclinique.com\/suppression-donnees-demande-patient\/#primaryimage"},"thumbnailUrl":"https:\/\/i0.wp.com\/blogdelarechercheclinique.com\/blog-contenu\/uploads\/2021\/04\/RGPD-suppression-donnees.png?fit=555%2C308&ssl=1","datePublished":"2021-04-21T21:02:06+00:00","dateModified":"2024-06-07T13:25:11+00:00","description":"Un patient peut demander la suppression des donn\u00e9es dans son dossier m\u00e9dical? Vous aurez la r\u00e9ponse dans cet article!","breadcrumb":{"@id":"https:\/\/blogdelarechercheclinique.com\/suppression-donnees-demande-patient\/#breadcrumb"},"inLanguage":"en-US","potentialAction":[{"@type":"ReadAction","target":["https:\/\/blogdelarechercheclinique.com\/suppression-donnees-demande-patient\/"]}]},{"@type":"ImageObject","inLanguage":"en-US","@id":"https:\/\/blogdelarechercheclinique.com\/suppression-donnees-demande-patient\/#primaryimage","url":"https:\/\/i0.wp.com\/blogdelarechercheclinique.com\/blog-contenu\/uploads\/2021\/04\/RGPD-suppression-donnees.png?fit=555%2C308&ssl=1","contentUrl":"https:\/\/i0.wp.com\/blogdelarechercheclinique.com\/blog-contenu\/uploads\/2021\/04\/RGPD-suppression-donnees.png?fit=555%2C308&ssl=1","width":555,"height":308,"caption":"RGPD : Suppression de donn\u00e9es \u00e0 la demande du patient?"},{"@type":"BreadcrumbList","@id":"https:\/\/blogdelarechercheclinique.com\/suppression-donnees-demande-patient\/#breadcrumb","itemListElement":[{"@type":"ListItem","position":1,"name":"Accueil","item":"https:\/\/blogdelarechercheclinique.com\/"},{"@type":"ListItem","position":2,"name":"RGPD : Suppression de donn\u00e9es \u00e0 la demande du patient?"}]},{"@type":"WebSite","@id":"https:\/\/blogdelarechercheclinique.com\/#website","url":"https:\/\/blogdelarechercheclinique.com\/","name":"Blog de la recherche clinique","description":"","publisher":{"@id":"https:\/\/blogdelarechercheclinique.com\/#organization"},"potentialAction":[{"@type":"SearchAction","target":{"@type":"EntryPoint","urlTemplate":"https:\/\/blogdelarechercheclinique.com\/?s={search_term_string}"},"query-input":{"@type":"PropertyValueSpecification","valueRequired":true,"valueName":"search_term_string"}}],"inLanguage":"en-US"},{"@type":"Organization","@id":"https:\/\/blogdelarechercheclinique.com\/#organization","name":"Blog de la recherche clinique","url":"https:\/\/blogdelarechercheclinique.com\/","logo":{"@type":"ImageObject","inLanguage":"en-US","@id":"https:\/\/blogdelarechercheclinique.com\/#\/schema\/logo\/image\/","url":"https:\/\/i0.wp.com\/blogdelarechercheclinique.com\/blog-contenu\/uploads\/2024\/04\/cropped-BLOG-logo.png?fit=512%2C512&ssl=1","contentUrl":"https:\/\/i0.wp.com\/blogdelarechercheclinique.com\/blog-contenu\/uploads\/2024\/04\/cropped-BLOG-logo.png?fit=512%2C512&ssl=1","width":512,"height":512,"caption":"Blog de la recherche clinique"},"image":{"@id":"https:\/\/blogdelarechercheclinique.com\/#\/schema\/logo\/image\/"},"sameAs":["https:\/\/www.facebook.com\/blogdelarechercheclinique"]},{"@type":"Person","@id":"https:\/\/blogdelarechercheclinique.com\/#\/schema\/person\/13ee3f7a1251afe7e98918a482685938","name":"Vanessa Montanari","image":{"@type":"ImageObject","inLanguage":"en-US","@id":"https:\/\/blogdelarechercheclinique.com\/#\/schema\/person\/image\/","url":"https:\/\/secure.gravatar.com\/avatar\/ddf428208f542d6c2239ace6606ebe9beb71049642a9c784967f23e4e76e8efc?s=96&d=mm&r=g","contentUrl":"https:\/\/secure.gravatar.com\/avatar\/ddf428208f542d6c2239ace6606ebe9beb71049642a9c784967f23e4e76e8efc?s=96&d=mm&r=g","caption":"Vanessa Montanari"},"url":"https:\/\/blogdelarechercheclinique.com\/en\/author\/vanessa\/"}]}},"jetpack_featured_media_url":"https:\/\/i0.wp.com\/blogdelarechercheclinique.com\/blog-contenu\/uploads\/2021\/04\/RGPD-suppression-donnees.png?fit=555%2C308&ssl=1","jetpack-related-posts":[{"id":14310,"url":"https:\/\/blogdelarechercheclinique.com\/en\/dossier-medical-patient-perdu\/","url_meta":{"origin":11679,"position":0},"title":"Challenge #6 Le dossier m\u00e9dical de mon patient est perdu! Que faire?","author":"Vanessa Montanari","date":"7 June 2024","format":false,"excerpt":"Aujourd'hui, nous allons voir un nouveau cas. Le dossier m\u00e9dical du patient est perdu. Que faire ?","rel":"","context":"In &quot;Pratiquer le m\u00e9tier d'Attach\u00e9 de recherche clinique&quot;","block_context":{"text":"Pratiquer le m\u00e9tier d'Attach\u00e9 de recherche clinique","link":"https:\/\/blogdelarechercheclinique.com\/en\/category\/pratiquer-le-metier-dattache-de-recherche-clinique\/"},"img":{"alt_text":"Dossier m\u00e9dical perdu","src":"https:\/\/i0.wp.com\/blogdelarechercheclinique.com\/blog-contenu\/uploads\/2024\/06\/dossier-medical-perdu.png?fit=553%2C311&ssl=1&resize=350%2C200","width":350,"height":200,"srcset":"https:\/\/i0.wp.com\/blogdelarechercheclinique.com\/blog-contenu\/uploads\/2024\/06\/dossier-medical-perdu.png?fit=553%2C311&ssl=1&resize=350%2C200 1x, https:\/\/i0.wp.com\/blogdelarechercheclinique.com\/blog-contenu\/uploads\/2024\/06\/dossier-medical-perdu.png?fit=553%2C311&ssl=1&resize=525%2C300 1.5x"},"classes":[]},{"id":14539,"url":"https:\/\/blogdelarechercheclinique.com\/en\/tout-savoir-origine-acronyme-alcoa\/","url_meta":{"origin":11679,"position":1},"title":"Tout savoir sur l&rsquo;origine de l&rsquo;acronyme de l&rsquo; ALCOA","author":"Vanessa Montanari","date":"13 June 2024","format":false,"excerpt":"Tu as peut-\u00eatre entendu parler de la notion d\u2019ALCOA, mais sais-tu ce que cela signifie exactement\u00a0? Voici quelques explications au sujet de ce nouveau mot\u00a0: d\u2019o\u00f9 vient-il\u00a0? Que signifie-t\u2019il concr\u00e8tement et comment l\u2019appliquer\u00a0?","rel":"","context":"In &quot;Pratiquer le m\u00e9tier d'Attach\u00e9 de recherche clinique&quot;","block_context":{"text":"Pratiquer le m\u00e9tier d'Attach\u00e9 de recherche clinique","link":"https:\/\/blogdelarechercheclinique.com\/en\/category\/pratiquer-le-metier-dattache-de-recherche-clinique\/"},"img":{"alt_text":"Attributable, Legible, Contemporaneous, Original et Accurate","src":"https:\/\/i0.wp.com\/blogdelarechercheclinique.com\/blog-contenu\/uploads\/2024\/06\/ALCOA.png?fit=1200%2C631&ssl=1&resize=350%2C200","width":350,"height":200,"srcset":"https:\/\/i0.wp.com\/blogdelarechercheclinique.com\/blog-contenu\/uploads\/2024\/06\/ALCOA.png?fit=1200%2C631&ssl=1&resize=350%2C200 1x, https:\/\/i0.wp.com\/blogdelarechercheclinique.com\/blog-contenu\/uploads\/2024\/06\/ALCOA.png?fit=1200%2C631&ssl=1&resize=525%2C300 1.5x, https:\/\/i0.wp.com\/blogdelarechercheclinique.com\/blog-contenu\/uploads\/2024\/06\/ALCOA.png?fit=1200%2C631&ssl=1&resize=700%2C400 2x, https:\/\/i0.wp.com\/blogdelarechercheclinique.com\/blog-contenu\/uploads\/2024\/06\/ALCOA.png?fit=1200%2C631&ssl=1&resize=1050%2C600 3x"},"classes":[]},{"id":14544,"url":"https:\/\/blogdelarechercheclinique.com\/en\/intersection-recherche-clinique\/","url_meta":{"origin":11679,"position":2},"title":"A l\u2019intersection des acteurs de la recherche clinique","author":"Vanessa Montanari","date":"13 June 2024","format":false,"excerpt":"Les promoteurs ou les laboratoires pharma ont mis en place un syst\u00e8me ramifi\u00e9 pour \u00e9valuer les traitements ou dispositif m\u00e9dical,\u2026\u00a0\u00e9labor\u00e9s lors de la recherche clinique","rel":"","context":"In &quot;Actualit\u00e9s de la recherche clinique&quot;","block_context":{"text":"Actualit\u00e9s de la recherche clinique","link":"https:\/\/blogdelarechercheclinique.com\/en\/category\/actualites-de-la-recherche-clinique\/"},"img":{"alt_text":"Intersection de la recherche clinique","src":"https:\/\/i0.wp.com\/blogdelarechercheclinique.com\/blog-contenu\/uploads\/2024\/06\/intersection.png?fit=742%2C537&ssl=1&resize=350%2C200","width":350,"height":200,"srcset":"https:\/\/i0.wp.com\/blogdelarechercheclinique.com\/blog-contenu\/uploads\/2024\/06\/intersection.png?fit=742%2C537&ssl=1&resize=350%2C200 1x, https:\/\/i0.wp.com\/blogdelarechercheclinique.com\/blog-contenu\/uploads\/2024\/06\/intersection.png?fit=742%2C537&ssl=1&resize=525%2C300 1.5x, https:\/\/i0.wp.com\/blogdelarechercheclinique.com\/blog-contenu\/uploads\/2024\/06\/intersection.png?fit=742%2C537&ssl=1&resize=700%2C400 2x"},"classes":[]},{"id":14895,"url":"https:\/\/blogdelarechercheclinique.com\/en\/quelle-destinee-pour-la-recherche-clinique-2-0\/","url_meta":{"origin":11679,"position":3},"title":"Quelle destin\u00e9e pour la recherche clinique 2.0 ?","author":"Vanessa Montanari","date":"21 September 2024","format":false,"excerpt":"R\u00e9dig\u00e9 par l'\u00e9quipe de Pharmaspecific. Introduction Ces derni\u00e8res ann\u00e9es, la technologie a r\u00e9volutionn\u00e9 presque tous les aspects de notre vie et la recherche clinique ne fait pas exception. Avec l\u2019av\u00e8nement de nouvelles technologies et l\u2019\u00e9volution constante des r\u00e9glementations, le r\u00f4le des Attach\u00e9s de Recherche Clinique (ARC)\u00a0 et Techniciens d\u2019\u00e9tude clinique\u2026","rel":"","context":"In &quot;Actualit\u00e9s de la recherche clinique&quot;","block_context":{"text":"Actualit\u00e9s de la recherche clinique","link":"https:\/\/blogdelarechercheclinique.com\/en\/category\/actualites-de-la-recherche-clinique\/"},"img":{"alt_text":"R\u00e9ussir un entretien t\u00e9l\u00e9phonique est donc la premi\u00e8re \u00e9tape vers le succ\u00e8s.","src":"https:\/\/i0.wp.com\/blogdelarechercheclinique.com\/blog-contenu\/uploads\/2015\/08\/entretien-telephonique.png?fit=986%2C657&ssl=1&resize=350%2C200","width":350,"height":200,"srcset":"https:\/\/i0.wp.com\/blogdelarechercheclinique.com\/blog-contenu\/uploads\/2015\/08\/entretien-telephonique.png?fit=986%2C657&ssl=1&resize=350%2C200 1x, https:\/\/i0.wp.com\/blogdelarechercheclinique.com\/blog-contenu\/uploads\/2015\/08\/entretien-telephonique.png?fit=986%2C657&ssl=1&resize=525%2C300 1.5x, https:\/\/i0.wp.com\/blogdelarechercheclinique.com\/blog-contenu\/uploads\/2015\/08\/entretien-telephonique.png?fit=986%2C657&ssl=1&resize=700%2C400 2x"},"classes":[]},{"id":14528,"url":"https:\/\/blogdelarechercheclinique.com\/en\/consentement-eclaire-monitorer\/","url_meta":{"origin":11679,"position":4},"title":"Au secours, j\u2019ai un consentement \u00e9clair\u00e9 \u00e0 monitorer !","author":"Vanessa Montanari","date":"13 June 2024","format":false,"excerpt":"Cependant, il n\u2019est pas toujours facile de savoir quoi v\u00e9rifier et comment g\u00e9rer les non-conformit\u00e9s que tu auras not\u00e9 lors du monitoring. Voici un petit guide pour t\u2019aider \u00e0 revoir les formulaires de consentement \u00e9clair\u00e9 et les notes d\u2019information au patient.","rel":"","context":"In &quot;Pratiquer le m\u00e9tier d'Attach\u00e9 de recherche clinique&quot;","block_context":{"text":"Pratiquer le m\u00e9tier d'Attach\u00e9 de recherche clinique","link":"https:\/\/blogdelarechercheclinique.com\/en\/category\/pratiquer-le-metier-dattache-de-recherche-clinique\/"},"img":{"alt_text":"Appel au secours","src":"https:\/\/i0.wp.com\/blogdelarechercheclinique.com\/blog-contenu\/uploads\/2024\/06\/appel-secours.png?fit=737%2C490&ssl=1&resize=350%2C200","width":350,"height":200,"srcset":"https:\/\/i0.wp.com\/blogdelarechercheclinique.com\/blog-contenu\/uploads\/2024\/06\/appel-secours.png?fit=737%2C490&ssl=1&resize=350%2C200 1x, https:\/\/i0.wp.com\/blogdelarechercheclinique.com\/blog-contenu\/uploads\/2024\/06\/appel-secours.png?fit=737%2C490&ssl=1&resize=525%2C300 1.5x, https:\/\/i0.wp.com\/blogdelarechercheclinique.com\/blog-contenu\/uploads\/2024\/06\/appel-secours.png?fit=737%2C490&ssl=1&resize=700%2C400 2x"},"classes":[]},{"id":14457,"url":"https:\/\/blogdelarechercheclinique.com\/en\/priorites-premiere-visite-monitoring\/","url_meta":{"origin":11679,"position":5},"title":"Les priorit\u00e9s lors d&rsquo;une premi\u00e8re visite de monitoring","author":"Vanessa Montanari","date":"12 June 2024","format":false,"excerpt":"Pendant la premi\u00e8re visite de monitoring, commencez par v\u00e9rifier les consentements et les SAE.","rel":"","context":"In &quot;Devenir Attach\u00e9 de recherche clinique: formation, financement&quot;","block_context":{"text":"Devenir Attach\u00e9 de recherche clinique: formation, financement","link":"https:\/\/blogdelarechercheclinique.com\/en\/category\/devenir-attache-de-recherche-clinique\/"},"img":{"alt_text":"Visite de monitoring","src":"https:\/\/i0.wp.com\/blogdelarechercheclinique.com\/blog-contenu\/uploads\/2024\/06\/priorite-visite-monitoring.png?fit=791%2C292&ssl=1&resize=350%2C200","width":350,"height":200,"srcset":"https:\/\/i0.wp.com\/blogdelarechercheclinique.com\/blog-contenu\/uploads\/2024\/06\/priorite-visite-monitoring.png?fit=791%2C292&ssl=1&resize=350%2C200 1x, https:\/\/i0.wp.com\/blogdelarechercheclinique.com\/blog-contenu\/uploads\/2024\/06\/priorite-visite-monitoring.png?fit=791%2C292&ssl=1&resize=525%2C300 1.5x, https:\/\/i0.wp.com\/blogdelarechercheclinique.com\/blog-contenu\/uploads\/2024\/06\/priorite-visite-monitoring.png?fit=791%2C292&ssl=1&resize=700%2C400 2x"},"classes":[]}],"jetpack_sharing_enabled":true,"_links":{"self":[{"href":"https:\/\/blogdelarechercheclinique.com\/en\/wp-json\/wp\/v2\/posts\/11679","targetHints":{"allow":["GET"]}}],"collection":[{"href":"https:\/\/blogdelarechercheclinique.com\/en\/wp-json\/wp\/v2\/posts"}],"about":[{"href":"https:\/\/blogdelarechercheclinique.com\/en\/wp-json\/wp\/v2\/types\/post"}],"author":[{"embeddable":true,"href":"https:\/\/blogdelarechercheclinique.com\/en\/wp-json\/wp\/v2\/users\/4"}],"replies":[{"embeddable":true,"href":"https:\/\/blogdelarechercheclinique.com\/en\/wp-json\/wp\/v2\/comments?post=11679"}],"version-history":[{"count":2,"href":"https:\/\/blogdelarechercheclinique.com\/en\/wp-json\/wp\/v2\/posts\/11679\/revisions"}],"predecessor-version":[{"id":14323,"href":"https:\/\/blogdelarechercheclinique.com\/en\/wp-json\/wp\/v2\/posts\/11679\/revisions\/14323"}],"wp:featuredmedia":[{"embeddable":true,"href":"https:\/\/blogdelarechercheclinique.com\/en\/wp-json\/wp\/v2\/media\/14321"}],"wp:attachment":[{"href":"https:\/\/blogdelarechercheclinique.com\/en\/wp-json\/wp\/v2\/media?parent=11679"}],"wp:term":[{"taxonomy":"category","embeddable":true,"href":"https:\/\/blogdelarechercheclinique.com\/en\/wp-json\/wp\/v2\/categories?post=11679"},{"taxonomy":"post_tag","embeddable":true,"href":"https:\/\/blogdelarechercheclinique.com\/en\/wp-json\/wp\/v2\/tags?post=11679"}],"curies":[{"name":"wp","href":"https:\/\/api.w.org\/{rel}","templated":true}]}}