{"id":12758,"date":"2023-11-13T15:01:06","date_gmt":"2023-11-13T14:01:06","guid":{"rendered":"https:\/\/blogdelarechercheclinique.com\/?p=12758"},"modified":"2024-05-03T14:39:20","modified_gmt":"2024-05-03T12:39:20","slug":"cadre-transatlantique-transfert-donnees-clinique","status":"publish","type":"post","link":"https:\/\/blogdelarechercheclinique.com\/en\/cadre-transatlantique-transfert-donnees-clinique\/","title":{"rendered":"CADRE TRANSATLANTIQUE: TRANSFERT DE DONN\u00c9ES CLINIQUE"},"content":{"rendered":"<p><strong>Le nouveau cadre transatlantique de protection des donn\u00e9es<\/strong>\u00a0<strong>cliniques<\/strong><\/p>\r\n\r\n\r\n\r\n<p>L\u2019histoire d\u2019(d\u00e9s)amour(s) entre l\u2019Union Europ\u00e9enne et les \u00c9tats-Unis sur la <strong>protection des donn\u00e9es cliniques<\/strong> dure depuis si longtemps que nous pourrions pratiquement en faire un film.<\/p>\r\n\r\n\r\n\r\n<p>Commen\u00e7ons par retourner dans le temps. A l\u2019aube des ann\u00e9es 2000,\u202fun ensemble de principes appel\u00e9 \u00ab\u202fSafe Harbor\u202f\u00bb, avait \u00e9t\u00e9 mis en place afin de permettre \u00e0 certaines entreprises am\u00e9ricaines de certifier qu\u2019elles \u00e9taient conformes \u00e0 la l\u00e9gislation de l\u2019Union europ\u00e9enne. Cette certification leur permettait donc d\u2019obtenir l\u2019autorisation de transfert pour les donn\u00e9es cliniques de l\u2019Union europ\u00e9enne vers les Etats-Unis.\u00a0\u00a0<\/p>\r\n\r\n\r\n\r\n<h2 class=\"wp-block-heading\">Le cadre transatlantique et son histoire de protection de donn\u00e9es<\/h2>\r\n\r\n\r\n\r\n<p>En 2015, le Safe Harbor a \u00e9t\u00e9 invalid\u00e9 par la Cour de Justice de l\u2019Union Europ\u00e9enne aux motifs que la l\u00e9gislation am\u00e9ricaine, permettant \u00ab\u202f<em>aux pouvoirs publics d\u2019acc\u00e9der de mani\u00e8re g\u00e9n\u00e9ralis\u00e9e au contenu des communications \u00e9lectroniques, doit \u00eatre consid\u00e9r\u00e9e comme compromettante pour l\u2019essence m\u00eame du droit fondamental au respect de la vie priv\u00e9e<\/em> \u00bb. Ainsi, le niveau de <a title=\"\" href=\"https:\/\/blogdelarechercheclinique.com\/en\/invalidation-safe-harbor\/\" target=\"_blank\" rel=\"noopener noreferrer\">protection ad\u00e9quat des donn\u00e9es \u00e0 caract\u00e8re personnel<\/a> n\u2019\u00e9tait pas garanti.\u00a0\u00a0<\/p>\r\n\r\n\r\n\r\n<p>En 2016, c\u2019est au tour du Privacy Shield de venir tenter d\u2019encadrer les transferts de donn\u00e9es de l\u2019Union europ\u00e9enne vers les \u00c9tats-Unis. Le Privacy Shield \u00e9tait un bouclier de <strong>protection des donn\u00e9es<\/strong>, lui aussi approuv\u00e9 par la Commission europ\u00e9enne, par la formule\u202f: \u00ab\u202f<em>Les garanties pour le transfert des donn\u00e9es sur la base de la nouvelle protection des donn\u00e9es UE-\u00c9tats-Unis prot\u00e8gent selon les normes de protection des donn\u00e9es dans l&rsquo;U.E<\/em>.\u202f\u00bb\u00a0<\/p>\r\n\r\n\r\n\r\n<p>A l\u2019instar de son grand fr\u00e8re, le Privacy Shield a \u00e9t\u00e9 invalid\u00e9 en 2020 par la Cour de Justice de l\u2019Union Europ\u00e9enne. D\u00e8s lors, depuis cette date, nous \u00e9tions dans un vide entre n\u00e9cessit\u00e9 de transfert de donn\u00e9es vers les Etats-Unis, dans la mesure o\u00f9 l\u2019utilisation m\u00eame d\u2019un ordinateur suppose pratiquement syst\u00e9matiquement le transfert de donn\u00e9es vers les Etats-Unis (par l\u2019utilisation d\u2019outils tels que Microsoft, Dropbox\u2026), et complexit\u00e9 dans l\u2019encadrement de celui-ci. Pendant les deux derni\u00e8res ann\u00e9es, \u00ab\u202ftransfert de donn\u00e9es vers les \u00c9tats-Unis\u202f\u00bb rimait alors, le plus souvent avec \u00ab\u202fclauses contractuelles types\u202f\u00bb.\u00a0<\/p>\r\n\r\n\r\n\r\n<figure class=\"wp-block-image size-large is-style-default\"><img data-recalc-dims=\"1\" height=\"1024\" width=\"724\" decoding=\"async\" class=\"wp-image-12759 lazyload\" data-src=\"https:\/\/i0.wp.com\/blogdelarechercheclinique.com\/blog-contenu\/uploads\/2023\/11\/Data-transfert.png?resize=724%2C1024&#038;ssl=1\" alt=\"\" src=\"data:image\/svg+xml;base64,PHN2ZyB3aWR0aD0iMSIgaGVpZ2h0PSIxIiB4bWxucz0iaHR0cDovL3d3dy53My5vcmcvMjAwMC9zdmciPjwvc3ZnPg==\" style=\"--smush-placeholder-width: 724px; --smush-placeholder-aspect-ratio: 724\/1024;\" \/><\/figure>\r\n\r\n\r\n\r\n<h2 class=\"wp-block-heading\">Nouvelle d\u00e9cision d&rsquo;ad\u00e9quation en faveur des Etats-Unis<\/h2>\r\n\r\n\r\n\r\n<p>Or, le 10 juillet 2023 (date d\u2019entr\u00e9e en application), la Commission europ\u00e9enne a adopt\u00e9 une nouvelle d\u00e9cision d\u2019ad\u00e9quation en faveur des \u00c9tats-Unis, consid\u00e9rant qu\u2019ils assurent d\u00e9sormais un niveau de protection de donn\u00e9es \u00e9quivalent \u00e0 celui de l\u2019Union europ\u00e9enne. D\u00e8s lors, dans certaines conditions, <strong>transfert de donn\u00e9es personnelles<\/strong> vers ce pays pourra donc d\u00e9sormais s\u2019effectuer sans exigences suppl\u00e9mentaires (et donc, sans avoir besoin de mettre en place des clauses contractuelles types).\u00a0\u00a0<\/p>\r\n\r\n\r\n\r\n<p>Comme pour le Privacy Shield, le choix d\u2019un m\u00e9canisme d\u2019auto-certification a \u00e9t\u00e9 fait. C\u2019est-\u00e0-dire que les entreprises \u00e9tasuniennes peuvent s\u2019auto-certifier afin de d\u00e9clarer qu\u2019elles sont conformes aux obligations et y adh\u00e8rent. Ce faisant, elles s\u2019engagent publiquement et annuellement.\u00a0\u00a0<\/p>\r\n\r\n\r\n\r\n<p>Une fois auto-certifi\u00e9es, elles seront ensuite inscrites sur la Liste du D\u00e9partement du Commerce \u00e9tatsunien. Ainsi, seul le <strong>transfert de donn\u00e9es<\/strong> vers des organismes inscrits sur cette liste entre dans le m\u00e9canisme d\u2019ad\u00e9quation et permet d\u2019\u00eatre dispens\u00e9 de la mise en \u0153uvre de tout autre transfert. Le transfert s\u2019effectue alors comme n\u2019importe quel transfert entre deux pays de l\u2019Union europ\u00e9enne, par exemple.\u00a0\u00a0<\/p>\r\n\r\n\r\n\r\n<p>Attention\u202f: cela ne dispense pas de r\u00e9aliser les autres obligations du RGPD (registres de traitement, information\u2026).\u00a0<\/p>\r\n\r\n\r\n\r\n<p>\u00a0La recherche clinique est \u00e9galement concern\u00e9e par ce cadre, car les <a title=\"\" href=\"http:\/\/www.pharmaspecific.com\"><strong>essais cliniques<\/strong><\/a> se concentrent sur les donn\u00e9es \u00e0 caract\u00e8re personnel (informations sur les patients&#8230;)<\/p>\r\n\r\n\r\n\r\n<p>A ce jour, ce sont presque 2500 organismes qui sont d\u00e9j\u00e0 inscrits sur cette liste, dont Microsoft, META, ou encore Dropbox. Vous pourrez retrouver la liste compl\u00e8te du D\u00e9partement du Commerce \u00e9tatsunien \u00e0 l\u2019adresse suivante\u202f: <a href=\"https:\/\/www.dataprivacyframework.gov\/s\/participant-search\" target=\"_blank\" rel=\"noreferrer noopener\">https:\/\/www.dataprivacyframework.gov\/s\/participant-search<\/a>.\u00a0\u00a0<\/p>\r\n\r\n\r\n\r\n<p>Pour l\u2019industrie pharmaceutique, il peut \u00eatre int\u00e9ressant de se reporter \u00e0 la liste afin de choisir les prestataires conformes, ce qui \u00e9vitera d\u2019alourdir la charge administrative \u2013 et donc, les co\u00fbts \u2013 d\u2019une \u00e9tude.\u00a0\u00a0<\/p>\r\n\r\n\r\n\r\n<figure class=\"wp-block-image size-large\"><img data-recalc-dims=\"1\" decoding=\"async\" class=\"wp-image-12768 lazyload\" data-src=\"https:\/\/i0.wp.com\/blogdelarechercheclinique.com\/blog-contenu\/uploads\/2023\/11\/Transfert-donnees.png?w=1080&#038;ssl=1\" alt=\"\" src=\"data:image\/svg+xml;base64,PHN2ZyB3aWR0aD0iMSIgaGVpZ2h0PSIxIiB4bWxucz0iaHR0cDovL3d3dy53My5vcmcvMjAwMC9zdmciPjwvc3ZnPg==\" \/><\/figure>\r\n\r\n\r\n\r\n<p>Il est \u00e0 noter que cette d\u00e9cision d\u2019ad\u00e9quation reste applicable jusqu\u2019\u00e0 sa modification, son remplacement ou son abrogation par la Commission europ\u00e9enne, le cas \u00e9ch\u00e9ant. La CNIL indique tout de m\u00eame qu\u2019une premi\u00e8re revue aura lieu dans un an, et que selon le r\u00e9sultat de ce premier examen, la Commission d\u00e9cidera, en consultation avec les \u00c9tats membres, de la p\u00e9riodicit\u00e9 des revues suivantes, qui ne pourra pas exc\u00e9der 4 ans.\u00a0<\/p>\r\n\r\n\r\n\r\n<p>Nous ne sommes donc pas encore \u00e0 l\u2019abri d\u2019une nouvelle invalidation\u2026 Jamais deux sans trois\u202f?\u00a0<\/p>","protected":false},"excerpt":{"rendered":"<p>A l\u2019aube des ann\u00e9es 2000,\u202fun ensemble de principes appel\u00e9 \u00ab\u202fSafe Harbor\u202f\u00bb, avait \u00e9t\u00e9 mis en place afin de permettre \u00e0 certaines entreprises am\u00e9ricaines de certifier qu\u2019elles \u00e9taient conformes \u00e0 la l\u00e9gislation de l\u2019Union europ\u00e9enne. Cette certification leur permettait donc d\u2019obtenir l\u2019autorisation de transfert pour les donn\u00e9es cliniques de l\u2019Union europ\u00e9enne vers les Etats-Unis.\u00a0<\/p>","protected":false},"author":4,"featured_media":12923,"comment_status":"open","ping_status":"open","sticky":false,"template":"","format":"standard","meta":{"om_disable_all_campaigns":false,"rop_custom_images_group":[],"rop_custom_messages_group":[],"rop_publish_now":"initial","rop_publish_now_accounts":{"facebook_122143508198123560_331463380343150":""},"rop_publish_now_history":[],"rop_publish_now_status":"pending","_sitemap_exclude":false,"_sitemap_priority":"","_sitemap_frequency":"","_exactmetrics_skip_tracking":false,"_exactmetrics_sitenote_active":false,"_exactmetrics_sitenote_note":"","_exactmetrics_sitenote_category":0,"_jetpack_memberships_contains_paid_content":false,"footnotes":""},"categories":[389],"tags":[359,360,202,358],"class_list":{"0":"post-12758","1":"post","2":"type-post","3":"status-publish","4":"format-standard","5":"has-post-thumbnail","7":"category-reglementaires","8":"tag-protection-de-donnees","9":"tag-rgpd","10":"tag-safe-harbor","11":"tag-transfert-donnees"},"translation":{"provider":"WPGlobus","version":"3.0.2","language":"en","enabled_languages":["fr","en"],"languages":{"fr":{"title":true,"content":true,"excerpt":true},"en":{"title":false,"content":false,"excerpt":false}}},"yoast_head":"<!-- This site is optimized with the Yoast SEO plugin v26.9 - https:\/\/yoast.com\/product\/yoast-seo-wordpress\/ -->\n<title>Cadre transatlantique : transfert de donn\u00e9es en recherche clinique<\/title>\n<meta name=\"robots\" content=\"index, follow, max-snippet:-1, max-image-preview:large, max-video-preview:-1\" \/>\n<link rel=\"canonical\" href=\"https:\/\/blogdelarechercheclinique.com\/en\/cadre-transatlantique-transfert-donnees-clinique\/\" \/>\n<meta property=\"og:locale\" content=\"en_US\" \/>\n<meta property=\"og:type\" content=\"article\" \/>\n<meta property=\"og:title\" content=\"CADRE TRANSATLANTIQUE: TRANSFERT DE DONN\u00c9ES CLINIQUE -\" \/>\n<meta property=\"og:url\" content=\"https:\/\/blogdelarechercheclinique.com\/en\/cadre-transatlantique-transfert-donnees-clinique\/\" \/>\n<meta property=\"article:publisher\" content=\"https:\/\/www.facebook.com\/blogdelarechercheclinique\" \/>\n<meta property=\"article:published_time\" content=\"2023-11-13T14:01:06+00:00\" \/>\n<meta property=\"article:modified_time\" content=\"2024-05-03T12:39:20+00:00\" \/>\n<meta property=\"og:image\" content=\"https:\/\/i0.wp.com\/blogdelarechercheclinique.com\/blog-contenu\/uploads\/2023\/11\/Data-transfert.png?fit=1414%2C2000&ssl=1\" \/>\n\t<meta property=\"og:image:width\" content=\"1414\" \/>\n\t<meta property=\"og:image:height\" content=\"2000\" \/>\n\t<meta property=\"og:image:type\" content=\"image\/png\" \/>\n<meta name=\"author\" content=\"Vanessa Montanari\" \/>\n<meta name=\"twitter:card\" content=\"summary_large_image\" \/>\n<meta name=\"twitter:label1\" content=\"Written by\" \/>\n\t<meta name=\"twitter:data1\" content=\"Vanessa Montanari\" \/>\n\t<meta name=\"twitter:label2\" content=\"Est. reading time\" \/>\n\t<meta name=\"twitter:data2\" content=\"5 minutes\" \/>\n<script type=\"application\/ld+json\" class=\"yoast-schema-graph\">{\"@context\":\"https:\/\/schema.org\",\"@graph\":[{\"@type\":\"Article\",\"@id\":\"https:\/\/blogdelarechercheclinique.com\/cadre-transatlantique-transfert-donnees-clinique\/#article\",\"isPartOf\":{\"@id\":\"https:\/\/blogdelarechercheclinique.com\/cadre-transatlantique-transfert-donnees-clinique\/\"},\"author\":{\"name\":\"Vanessa Montanari\",\"@id\":\"https:\/\/blogdelarechercheclinique.com\/#\/schema\/person\/13ee3f7a1251afe7e98918a482685938\"},\"headline\":\"CADRE TRANSATLANTIQUE: TRANSFERT DE DONN\u00c9ES CLINIQUE\",\"datePublished\":\"2023-11-13T14:01:06+00:00\",\"dateModified\":\"2024-05-03T12:39:20+00:00\",\"mainEntityOfPage\":{\"@id\":\"https:\/\/blogdelarechercheclinique.com\/cadre-transatlantique-transfert-donnees-clinique\/\"},\"wordCount\":840,\"commentCount\":0,\"publisher\":{\"@id\":\"https:\/\/blogdelarechercheclinique.com\/#organization\"},\"image\":{\"@id\":\"https:\/\/blogdelarechercheclinique.com\/cadre-transatlantique-transfert-donnees-clinique\/#primaryimage\"},\"thumbnailUrl\":\"https:\/\/i0.wp.com\/blogdelarechercheclinique.com\/blog-contenu\/uploads\/2023\/11\/Data-transfert.png?fit=1414%2C2000&ssl=1\",\"keywords\":[\"Protection de donn\u00e9es\",\"RGPD\",\"Safe Harbor\",\"Transfert donn\u00e9es\"],\"articleSection\":[\"Les r\u00e8glementaires\"],\"inLanguage\":\"en-US\",\"potentialAction\":[{\"@type\":\"CommentAction\",\"name\":\"Comment\",\"target\":[\"https:\/\/blogdelarechercheclinique.com\/cadre-transatlantique-transfert-donnees-clinique\/#respond\"]}]},{\"@type\":\"WebPage\",\"@id\":\"https:\/\/blogdelarechercheclinique.com\/cadre-transatlantique-transfert-donnees-clinique\/\",\"url\":\"https:\/\/blogdelarechercheclinique.com\/cadre-transatlantique-transfert-donnees-clinique\/\",\"name\":\"Cadre transatlantique : transfert de donn\u00e9es en recherche clinique\",\"isPartOf\":{\"@id\":\"https:\/\/blogdelarechercheclinique.com\/#website\"},\"primaryImageOfPage\":{\"@id\":\"https:\/\/blogdelarechercheclinique.com\/cadre-transatlantique-transfert-donnees-clinique\/#primaryimage\"},\"image\":{\"@id\":\"https:\/\/blogdelarechercheclinique.com\/cadre-transatlantique-transfert-donnees-clinique\/#primaryimage\"},\"thumbnailUrl\":\"https:\/\/i0.wp.com\/blogdelarechercheclinique.com\/blog-contenu\/uploads\/2023\/11\/Data-transfert.png?fit=1414%2C2000&ssl=1\",\"datePublished\":\"2023-11-13T14:01:06+00:00\",\"dateModified\":\"2024-05-03T12:39:20+00:00\",\"description\":\"Le nouveau cadre transatlantique de protection des donn\u00e9es\u00a0cliniques, son histoire et sa nouvelle ad\u00e9quation en faveur des \u00c9tats-Unis.\",\"breadcrumb\":{\"@id\":\"https:\/\/blogdelarechercheclinique.com\/cadre-transatlantique-transfert-donnees-clinique\/#breadcrumb\"},\"inLanguage\":\"en-US\",\"potentialAction\":[{\"@type\":\"ReadAction\",\"target\":[\"https:\/\/blogdelarechercheclinique.com\/cadre-transatlantique-transfert-donnees-clinique\/\"]}]},{\"@type\":\"ImageObject\",\"inLanguage\":\"en-US\",\"@id\":\"https:\/\/blogdelarechercheclinique.com\/cadre-transatlantique-transfert-donnees-clinique\/#primaryimage\",\"url\":\"https:\/\/i0.wp.com\/blogdelarechercheclinique.com\/blog-contenu\/uploads\/2023\/11\/Data-transfert.png?fit=1414%2C2000&ssl=1\",\"contentUrl\":\"https:\/\/i0.wp.com\/blogdelarechercheclinique.com\/blog-contenu\/uploads\/2023\/11\/Data-transfert.png?fit=1414%2C2000&ssl=1\",\"width\":1414,\"height\":2000,\"caption\":\"Le cadre transatlantique et son histoire de protection de donn\u00e9es\"},{\"@type\":\"BreadcrumbList\",\"@id\":\"https:\/\/blogdelarechercheclinique.com\/cadre-transatlantique-transfert-donnees-clinique\/#breadcrumb\",\"itemListElement\":[{\"@type\":\"ListItem\",\"position\":1,\"name\":\"Accueil\",\"item\":\"https:\/\/blogdelarechercheclinique.com\/\"},{\"@type\":\"ListItem\",\"position\":2,\"name\":\"CADRE TRANSATLANTIQUE: TRANSFERT DE DONN\u00c9ES CLINIQUE\"}]},{\"@type\":\"WebSite\",\"@id\":\"https:\/\/blogdelarechercheclinique.com\/#website\",\"url\":\"https:\/\/blogdelarechercheclinique.com\/\",\"name\":\"Blog de la recherche clinique\",\"description\":\"\",\"publisher\":{\"@id\":\"https:\/\/blogdelarechercheclinique.com\/#organization\"},\"potentialAction\":[{\"@type\":\"SearchAction\",\"target\":{\"@type\":\"EntryPoint\",\"urlTemplate\":\"https:\/\/blogdelarechercheclinique.com\/?s={search_term_string}\"},\"query-input\":{\"@type\":\"PropertyValueSpecification\",\"valueRequired\":true,\"valueName\":\"search_term_string\"}}],\"inLanguage\":\"en-US\"},{\"@type\":\"Organization\",\"@id\":\"https:\/\/blogdelarechercheclinique.com\/#organization\",\"name\":\"Blog de la recherche clinique\",\"url\":\"https:\/\/blogdelarechercheclinique.com\/\",\"logo\":{\"@type\":\"ImageObject\",\"inLanguage\":\"en-US\",\"@id\":\"https:\/\/blogdelarechercheclinique.com\/#\/schema\/logo\/image\/\",\"url\":\"https:\/\/i0.wp.com\/blogdelarechercheclinique.com\/blog-contenu\/uploads\/2024\/04\/cropped-BLOG-logo.png?fit=512%2C512&ssl=1\",\"contentUrl\":\"https:\/\/i0.wp.com\/blogdelarechercheclinique.com\/blog-contenu\/uploads\/2024\/04\/cropped-BLOG-logo.png?fit=512%2C512&ssl=1\",\"width\":512,\"height\":512,\"caption\":\"Blog de la recherche clinique\"},\"image\":{\"@id\":\"https:\/\/blogdelarechercheclinique.com\/#\/schema\/logo\/image\/\"},\"sameAs\":[\"https:\/\/www.facebook.com\/blogdelarechercheclinique\"]},{\"@type\":\"Person\",\"@id\":\"https:\/\/blogdelarechercheclinique.com\/#\/schema\/person\/13ee3f7a1251afe7e98918a482685938\",\"name\":\"Vanessa Montanari\",\"image\":{\"@type\":\"ImageObject\",\"inLanguage\":\"en-US\",\"@id\":\"https:\/\/blogdelarechercheclinique.com\/#\/schema\/person\/image\/\",\"url\":\"https:\/\/secure.gravatar.com\/avatar\/ddf428208f542d6c2239ace6606ebe9beb71049642a9c784967f23e4e76e8efc?s=96&d=mm&r=g\",\"contentUrl\":\"https:\/\/secure.gravatar.com\/avatar\/ddf428208f542d6c2239ace6606ebe9beb71049642a9c784967f23e4e76e8efc?s=96&d=mm&r=g\",\"caption\":\"Vanessa Montanari\"},\"url\":\"https:\/\/blogdelarechercheclinique.com\/en\/author\/vanessa\/\"}]}<\/script>\n<!-- \/ Yoast SEO plugin. -->","yoast_head_json":{"title":"Cadre transatlantique : transfert de donn\u00e9es en recherche clinique","robots":{"index":"index","follow":"follow","max-snippet":"max-snippet:-1","max-image-preview":"max-image-preview:large","max-video-preview":"max-video-preview:-1"},"canonical":"https:\/\/blogdelarechercheclinique.com\/en\/cadre-transatlantique-transfert-donnees-clinique\/","og_locale":"en_US","og_type":"article","og_title":"CADRE TRANSATLANTIQUE: TRANSFERT DE DONN\u00c9ES CLINIQUE -","og_url":"https:\/\/blogdelarechercheclinique.com\/en\/cadre-transatlantique-transfert-donnees-clinique\/","article_publisher":"https:\/\/www.facebook.com\/blogdelarechercheclinique","article_published_time":"2023-11-13T14:01:06+00:00","article_modified_time":"2024-05-03T12:39:20+00:00","og_image":[{"width":1414,"height":2000,"url":"https:\/\/i0.wp.com\/blogdelarechercheclinique.com\/blog-contenu\/uploads\/2023\/11\/Data-transfert.png?fit=1414%2C2000&ssl=1","type":"image\/png"}],"author":"Vanessa Montanari","twitter_card":"summary_large_image","twitter_misc":{"Written by":"Vanessa Montanari","Est. reading time":"5 minutes"},"schema":{"@context":"https:\/\/schema.org","@graph":[{"@type":"Article","@id":"https:\/\/blogdelarechercheclinique.com\/cadre-transatlantique-transfert-donnees-clinique\/#article","isPartOf":{"@id":"https:\/\/blogdelarechercheclinique.com\/cadre-transatlantique-transfert-donnees-clinique\/"},"author":{"name":"Vanessa Montanari","@id":"https:\/\/blogdelarechercheclinique.com\/#\/schema\/person\/13ee3f7a1251afe7e98918a482685938"},"headline":"CADRE TRANSATLANTIQUE: TRANSFERT DE DONN\u00c9ES CLINIQUE","datePublished":"2023-11-13T14:01:06+00:00","dateModified":"2024-05-03T12:39:20+00:00","mainEntityOfPage":{"@id":"https:\/\/blogdelarechercheclinique.com\/cadre-transatlantique-transfert-donnees-clinique\/"},"wordCount":840,"commentCount":0,"publisher":{"@id":"https:\/\/blogdelarechercheclinique.com\/#organization"},"image":{"@id":"https:\/\/blogdelarechercheclinique.com\/cadre-transatlantique-transfert-donnees-clinique\/#primaryimage"},"thumbnailUrl":"https:\/\/i0.wp.com\/blogdelarechercheclinique.com\/blog-contenu\/uploads\/2023\/11\/Data-transfert.png?fit=1414%2C2000&ssl=1","keywords":["Protection de donn\u00e9es","RGPD","Safe Harbor","Transfert donn\u00e9es"],"articleSection":["Les r\u00e8glementaires"],"inLanguage":"en-US","potentialAction":[{"@type":"CommentAction","name":"Comment","target":["https:\/\/blogdelarechercheclinique.com\/cadre-transatlantique-transfert-donnees-clinique\/#respond"]}]},{"@type":"WebPage","@id":"https:\/\/blogdelarechercheclinique.com\/cadre-transatlantique-transfert-donnees-clinique\/","url":"https:\/\/blogdelarechercheclinique.com\/cadre-transatlantique-transfert-donnees-clinique\/","name":"Cadre transatlantique : transfert de donn\u00e9es en recherche clinique","isPartOf":{"@id":"https:\/\/blogdelarechercheclinique.com\/#website"},"primaryImageOfPage":{"@id":"https:\/\/blogdelarechercheclinique.com\/cadre-transatlantique-transfert-donnees-clinique\/#primaryimage"},"image":{"@id":"https:\/\/blogdelarechercheclinique.com\/cadre-transatlantique-transfert-donnees-clinique\/#primaryimage"},"thumbnailUrl":"https:\/\/i0.wp.com\/blogdelarechercheclinique.com\/blog-contenu\/uploads\/2023\/11\/Data-transfert.png?fit=1414%2C2000&ssl=1","datePublished":"2023-11-13T14:01:06+00:00","dateModified":"2024-05-03T12:39:20+00:00","description":"Le nouveau cadre transatlantique de protection des donn\u00e9es\u00a0cliniques, son histoire et sa nouvelle ad\u00e9quation en faveur des \u00c9tats-Unis.","breadcrumb":{"@id":"https:\/\/blogdelarechercheclinique.com\/cadre-transatlantique-transfert-donnees-clinique\/#breadcrumb"},"inLanguage":"en-US","potentialAction":[{"@type":"ReadAction","target":["https:\/\/blogdelarechercheclinique.com\/cadre-transatlantique-transfert-donnees-clinique\/"]}]},{"@type":"ImageObject","inLanguage":"en-US","@id":"https:\/\/blogdelarechercheclinique.com\/cadre-transatlantique-transfert-donnees-clinique\/#primaryimage","url":"https:\/\/i0.wp.com\/blogdelarechercheclinique.com\/blog-contenu\/uploads\/2023\/11\/Data-transfert.png?fit=1414%2C2000&ssl=1","contentUrl":"https:\/\/i0.wp.com\/blogdelarechercheclinique.com\/blog-contenu\/uploads\/2023\/11\/Data-transfert.png?fit=1414%2C2000&ssl=1","width":1414,"height":2000,"caption":"Le cadre transatlantique et son histoire de protection de donn\u00e9es"},{"@type":"BreadcrumbList","@id":"https:\/\/blogdelarechercheclinique.com\/cadre-transatlantique-transfert-donnees-clinique\/#breadcrumb","itemListElement":[{"@type":"ListItem","position":1,"name":"Accueil","item":"https:\/\/blogdelarechercheclinique.com\/"},{"@type":"ListItem","position":2,"name":"CADRE TRANSATLANTIQUE: TRANSFERT DE DONN\u00c9ES CLINIQUE"}]},{"@type":"WebSite","@id":"https:\/\/blogdelarechercheclinique.com\/#website","url":"https:\/\/blogdelarechercheclinique.com\/","name":"Blog de la recherche clinique","description":"","publisher":{"@id":"https:\/\/blogdelarechercheclinique.com\/#organization"},"potentialAction":[{"@type":"SearchAction","target":{"@type":"EntryPoint","urlTemplate":"https:\/\/blogdelarechercheclinique.com\/?s={search_term_string}"},"query-input":{"@type":"PropertyValueSpecification","valueRequired":true,"valueName":"search_term_string"}}],"inLanguage":"en-US"},{"@type":"Organization","@id":"https:\/\/blogdelarechercheclinique.com\/#organization","name":"Blog de la recherche clinique","url":"https:\/\/blogdelarechercheclinique.com\/","logo":{"@type":"ImageObject","inLanguage":"en-US","@id":"https:\/\/blogdelarechercheclinique.com\/#\/schema\/logo\/image\/","url":"https:\/\/i0.wp.com\/blogdelarechercheclinique.com\/blog-contenu\/uploads\/2024\/04\/cropped-BLOG-logo.png?fit=512%2C512&ssl=1","contentUrl":"https:\/\/i0.wp.com\/blogdelarechercheclinique.com\/blog-contenu\/uploads\/2024\/04\/cropped-BLOG-logo.png?fit=512%2C512&ssl=1","width":512,"height":512,"caption":"Blog de la recherche clinique"},"image":{"@id":"https:\/\/blogdelarechercheclinique.com\/#\/schema\/logo\/image\/"},"sameAs":["https:\/\/www.facebook.com\/blogdelarechercheclinique"]},{"@type":"Person","@id":"https:\/\/blogdelarechercheclinique.com\/#\/schema\/person\/13ee3f7a1251afe7e98918a482685938","name":"Vanessa Montanari","image":{"@type":"ImageObject","inLanguage":"en-US","@id":"https:\/\/blogdelarechercheclinique.com\/#\/schema\/person\/image\/","url":"https:\/\/secure.gravatar.com\/avatar\/ddf428208f542d6c2239ace6606ebe9beb71049642a9c784967f23e4e76e8efc?s=96&d=mm&r=g","contentUrl":"https:\/\/secure.gravatar.com\/avatar\/ddf428208f542d6c2239ace6606ebe9beb71049642a9c784967f23e4e76e8efc?s=96&d=mm&r=g","caption":"Vanessa Montanari"},"url":"https:\/\/blogdelarechercheclinique.com\/en\/author\/vanessa\/"}]}},"jetpack_featured_media_url":"https:\/\/i0.wp.com\/blogdelarechercheclinique.com\/blog-contenu\/uploads\/2023\/11\/Data-transfert.png?fit=1414%2C2000&ssl=1","jetpack-related-posts":[{"id":14403,"url":"https:\/\/blogdelarechercheclinique.com\/en\/seisme-invalidation-privacy-shield-recherche-clinique\/","url_meta":{"origin":12758,"position":0},"title":"Le s\u00e9isme: invalidation du privacy shield et recherche clinique","author":"Vanessa Montanari","date":"11 June 2024","format":false,"excerpt":"Aujourd'hui, on va aborder le th\u00e8me de la protection des donn\u00e9es personnelles \u00e0 travers l'invalidation du privacy shield.","rel":"","context":"In &quot;Jeux - \u00e9v\u00e8nements&quot;","block_context":{"text":"Jeux - \u00e9v\u00e8nements","link":"https:\/\/blogdelarechercheclinique.com\/en\/category\/jeux-evenements\/"},"img":{"alt_text":"Privacy shield","src":"https:\/\/i0.wp.com\/blogdelarechercheclinique.com\/blog-contenu\/uploads\/2024\/06\/invalidation-privacy-shield.png?fit=552%2C307&ssl=1&resize=350%2C200","width":350,"height":200,"srcset":"https:\/\/i0.wp.com\/blogdelarechercheclinique.com\/blog-contenu\/uploads\/2024\/06\/invalidation-privacy-shield.png?fit=552%2C307&ssl=1&resize=350%2C200 1x, https:\/\/i0.wp.com\/blogdelarechercheclinique.com\/blog-contenu\/uploads\/2024\/06\/invalidation-privacy-shield.png?fit=552%2C307&ssl=1&resize=525%2C300 1.5x"},"classes":[]},{"id":13931,"url":"https:\/\/blogdelarechercheclinique.com\/en\/safe-harbor-transfert-donnees-personnelles\/","url_meta":{"origin":12758,"position":1},"title":"Safe Harbor : transfert de donn\u00e9es personnelles non valid\u00e9","author":"Vanessa Montanari","date":"4 November 2015","format":false,"excerpt":"Savais tu que l\u2019accord commercial reliant l\u2019Espace Economique Europ\u00e9en et les Etats-Unis avait \u00e9t\u00e9 invalid\u00e9 et que les transferts de donn\u00e9es personnelles r\u00e9alis\u00e9s dans le cadre du Safe Harbor n\u2019\u00e9taient plus autoris\u00e9s ? Voici concr\u00e8tement ce que cela implique pour tes essais.","rel":"","context":"In &quot;Les r\u00e8glementaires&quot;","block_context":{"text":"Les r\u00e8glementaires","link":"https:\/\/blogdelarechercheclinique.com\/en\/category\/reglementaires\/"},"img":{"alt_text":"Invalidation safe harbor","src":"https:\/\/i0.wp.com\/blogdelarechercheclinique.com\/blog-contenu\/uploads\/2024\/05\/safe-harbor.jpg?resize=350%2C200&ssl=1","width":350,"height":200},"classes":[]},{"id":11674,"url":"https:\/\/blogdelarechercheclinique.com\/en\/designer-dpo-dehors-union-europeenne\/","url_meta":{"origin":12758,"position":2},"title":"Peut-on designer un DPO en dehors de l&rsquo;Union Europ\u00e9enne?","author":"Vanessa Montanari","date":"21 April 2021","format":false,"excerpt":"Est-il possible de designer un DPO en dehors de l'Union Europ\u00e9en? Comment designer son DPO en dehors de l'Union Europ\u00e9en.","rel":"","context":"In &quot;Les r\u00e8glementaires&quot;","block_context":{"text":"Les r\u00e8glementaires","link":"https:\/\/blogdelarechercheclinique.com\/en\/category\/reglementaires\/"},"img":{"alt_text":"Designer un DPO hors UE","src":"https:\/\/i0.wp.com\/blogdelarechercheclinique.com\/blog-contenu\/uploads\/2021\/04\/Outside-UE.png?fit=1138%2C562&ssl=1&resize=350%2C200","width":350,"height":200,"srcset":"https:\/\/i0.wp.com\/blogdelarechercheclinique.com\/blog-contenu\/uploads\/2021\/04\/Outside-UE.png?fit=1138%2C562&ssl=1&resize=350%2C200 1x, https:\/\/i0.wp.com\/blogdelarechercheclinique.com\/blog-contenu\/uploads\/2021\/04\/Outside-UE.png?fit=1138%2C562&ssl=1&resize=525%2C300 1.5x, https:\/\/i0.wp.com\/blogdelarechercheclinique.com\/blog-contenu\/uploads\/2021\/04\/Outside-UE.png?fit=1138%2C562&ssl=1&resize=700%2C400 2x, https:\/\/i0.wp.com\/blogdelarechercheclinique.com\/blog-contenu\/uploads\/2021\/04\/Outside-UE.png?fit=1138%2C562&ssl=1&resize=1050%2C600 3x"},"classes":[]},{"id":11664,"url":"https:\/\/blogdelarechercheclinique.com\/en\/apres-anonymisation-rgpd-s-applique\/","url_meta":{"origin":12758,"position":3},"title":"Lorsqu\u2019une entreprise utilise l\u2019anonymisation, le RGPD s\u2019applique t-il \u00e0 elle ?","author":"Vanessa Montanari","date":"21 April 2021","format":false,"excerpt":"on se retrouve pour parler du R\u00e8glement G\u00e9n\u00e9ral sur la Protection des Donn\u00e9es (ou RGPD). Il s'agit du texte de r\u00e9f\u00e9rence en mati\u00e8re de protection des donn\u00e9es \u00e0 caract\u00e8re personnel. Le RGPD est entr\u00e9 en application le 25 mai 2018 dans les Etats membres de l\u2019UE.","rel":"","context":"In &quot;Les r\u00e8glementaires&quot;","block_context":{"text":"Les r\u00e8glementaires","link":"https:\/\/blogdelarechercheclinique.com\/en\/category\/reglementaires\/"},"img":{"alt_text":"Anonymisation et RGPD","src":"https:\/\/i0.wp.com\/blogdelarechercheclinique.com\/blog-contenu\/uploads\/2021\/04\/Anonymisation-RGPD.jpg?fit=450%2C300&ssl=1&resize=350%2C200","width":350,"height":200},"classes":[]},{"id":13915,"url":"https:\/\/blogdelarechercheclinique.com\/en\/points-importants-du-nouveau-reglement-europeen-2014\/","url_meta":{"origin":12758,"position":4},"title":"Les points importants du nouveau r\u00e8glement europ\u00e9en de 2014","author":"Vanessa Montanari","date":"25 November 2015","format":false,"excerpt":"Te souviens-tu que l\u2019ann\u00e9e derni\u00e8re, la Directive Europ\u00e9enne de 2001 (2001\/20\/CE) avait \u00e9t\u00e9 abrog\u00e9e par le r\u00e8glement europ\u00e9en de 2014\u00a0? Ce nouveau r\u00e8glement, applicable aux essais cliniques de m\u00e9dicaments \u00e0 usage humain, entrera en application en 2016. Mais au fait, qu\u2019a-t-il de plus que la directive de 2001 exactement\u00a0?","rel":"","context":"In &quot;Les r\u00e8glementaires&quot;","block_context":{"text":"Les r\u00e8glementaires","link":"https:\/\/blogdelarechercheclinique.com\/en\/category\/reglementaires\/"},"img":{"alt_text":"Demandes initiales d'autorisation EC","src":"https:\/\/i0.wp.com\/blogdelarechercheclinique.com\/blog-contenu\/uploads\/2015\/11\/Tableau-demande-initiales-autorisation-EC.png?fit=776%2C572&ssl=1&resize=350%2C200","width":350,"height":200,"srcset":"https:\/\/i0.wp.com\/blogdelarechercheclinique.com\/blog-contenu\/uploads\/2015\/11\/Tableau-demande-initiales-autorisation-EC.png?fit=776%2C572&ssl=1&resize=350%2C200 1x, https:\/\/i0.wp.com\/blogdelarechercheclinique.com\/blog-contenu\/uploads\/2015\/11\/Tableau-demande-initiales-autorisation-EC.png?fit=776%2C572&ssl=1&resize=525%2C300 1.5x, https:\/\/i0.wp.com\/blogdelarechercheclinique.com\/blog-contenu\/uploads\/2015\/11\/Tableau-demande-initiales-autorisation-EC.png?fit=776%2C572&ssl=1&resize=700%2C400 2x"},"classes":[]},{"id":14895,"url":"https:\/\/blogdelarechercheclinique.com\/en\/quelle-destinee-pour-la-recherche-clinique-2-0\/","url_meta":{"origin":12758,"position":5},"title":"Quelle destin\u00e9e pour la recherche clinique 2.0 ?","author":"Vanessa Montanari","date":"21 September 2024","format":false,"excerpt":"R\u00e9dig\u00e9 par l'\u00e9quipe de Pharmaspecific. Introduction Ces derni\u00e8res ann\u00e9es, la technologie a r\u00e9volutionn\u00e9 presque tous les aspects de notre vie et la recherche clinique ne fait pas exception. Avec l\u2019av\u00e8nement de nouvelles technologies et l\u2019\u00e9volution constante des r\u00e9glementations, le r\u00f4le des Attach\u00e9s de Recherche Clinique (ARC)\u00a0 et Techniciens d\u2019\u00e9tude clinique\u2026","rel":"","context":"In &quot;Actualit\u00e9s de la recherche clinique&quot;","block_context":{"text":"Actualit\u00e9s de la recherche clinique","link":"https:\/\/blogdelarechercheclinique.com\/en\/category\/actualites-de-la-recherche-clinique\/"},"img":{"alt_text":"R\u00e9ussir un entretien t\u00e9l\u00e9phonique est donc la premi\u00e8re \u00e9tape vers le succ\u00e8s.","src":"https:\/\/i0.wp.com\/blogdelarechercheclinique.com\/blog-contenu\/uploads\/2015\/08\/entretien-telephonique.png?fit=986%2C657&ssl=1&resize=350%2C200","width":350,"height":200,"srcset":"https:\/\/i0.wp.com\/blogdelarechercheclinique.com\/blog-contenu\/uploads\/2015\/08\/entretien-telephonique.png?fit=986%2C657&ssl=1&resize=350%2C200 1x, https:\/\/i0.wp.com\/blogdelarechercheclinique.com\/blog-contenu\/uploads\/2015\/08\/entretien-telephonique.png?fit=986%2C657&ssl=1&resize=525%2C300 1.5x, https:\/\/i0.wp.com\/blogdelarechercheclinique.com\/blog-contenu\/uploads\/2015\/08\/entretien-telephonique.png?fit=986%2C657&ssl=1&resize=700%2C400 2x"},"classes":[]}],"jetpack_sharing_enabled":false,"_links":{"self":[{"href":"https:\/\/blogdelarechercheclinique.com\/en\/wp-json\/wp\/v2\/posts\/12758","targetHints":{"allow":["GET"]}}],"collection":[{"href":"https:\/\/blogdelarechercheclinique.com\/en\/wp-json\/wp\/v2\/posts"}],"about":[{"href":"https:\/\/blogdelarechercheclinique.com\/en\/wp-json\/wp\/v2\/types\/post"}],"author":[{"embeddable":true,"href":"https:\/\/blogdelarechercheclinique.com\/en\/wp-json\/wp\/v2\/users\/4"}],"replies":[{"embeddable":true,"href":"https:\/\/blogdelarechercheclinique.com\/en\/wp-json\/wp\/v2\/comments?post=12758"}],"version-history":[{"count":3,"href":"https:\/\/blogdelarechercheclinique.com\/en\/wp-json\/wp\/v2\/posts\/12758\/revisions"}],"predecessor-version":[{"id":13469,"href":"https:\/\/blogdelarechercheclinique.com\/en\/wp-json\/wp\/v2\/posts\/12758\/revisions\/13469"}],"wp:featuredmedia":[{"embeddable":true,"href":"https:\/\/blogdelarechercheclinique.com\/en\/wp-json\/wp\/v2\/media\/12923"}],"wp:attachment":[{"href":"https:\/\/blogdelarechercheclinique.com\/en\/wp-json\/wp\/v2\/media?parent=12758"}],"wp:term":[{"taxonomy":"category","embeddable":true,"href":"https:\/\/blogdelarechercheclinique.com\/en\/wp-json\/wp\/v2\/categories?post=12758"},{"taxonomy":"post_tag","embeddable":true,"href":"https:\/\/blogdelarechercheclinique.com\/en\/wp-json\/wp\/v2\/tags?post=12758"}],"curies":[{"name":"wp","href":"https:\/\/api.w.org\/{rel}","templated":true}]}}