{"id":13611,"date":"2021-04-21T23:03:57","date_gmt":"2021-04-21T21:03:57","guid":{"rendered":"https:\/\/blogdelarechercheclinique.com\/?p=13611"},"modified":"2024-05-08T09:48:51","modified_gmt":"2024-05-08T07:48:51","slug":"liste-preselection-initiales-patient","status":"publish","type":"post","link":"https:\/\/blogdelarechercheclinique.com\/en\/liste-preselection-initiales-patient\/","title":{"rendered":"Est-il possible de remplir la liste de pr\u00e9s\u00e9lection par les initiales du patient?"},"content":{"rendered":"<p><iframe data-src=\"https:\/\/www.youtube.com\/embed\/dNkG2WRLtYA\" width=\"560\" height=\"315\" frameborder=\"0\" allowfullscreen=\"allowfullscreen\" src=\"data:image\/svg+xml;base64,PHN2ZyB3aWR0aD0iMSIgaGVpZ2h0PSIxIiB4bWxucz0iaHR0cDovL3d3dy53My5vcmcvMjAwMC9zdmciPjwvc3ZnPg==\" class=\"lazyload\" data-load-mode=\"1\"><\/iframe><\/p>\r\n\r\n<p>Bonjour \u00e0 tous, c\u2019est Manon DURAND, juriste sant\u00e9 au sein de l\u2019entreprise Pharmaspecific.<\/p>\r\n\r\n\r\n\r\n<p>Aujourd\u2019hui, on se retrouve une nouvelle fois pour parler du R\u00e8glement G\u00e9n\u00e9ral sur la Protection des Donn\u00e9es (le RGPD). Je vous rappelle, c&rsquo;est le texte de r\u00e9f\u00e9rence en mati\u00e8re de protection des donn\u00e9es \u00e0 caract\u00e8re personnel. Il est entr\u00e9 en application au sein de l\u2019Union Europ\u00e9enne le 25 mai 2018.<\/p>\r\n\r\n\r\n\r\n<h2 class=\"wp-block-heading\">Est-il possible de remplir la liste de pr\u00e9s\u00e9lection par les initiales du patient sans son consentement \u00e9clair\u00e9?<\/h2>\r\n\r\n\r\n\r\n<p>La question du jour est celle de savoir si lorsque l\u2019on a une liste de pr\u00e9s\u00e9lection, il est possible d\u2019y entrer les initiales du patient avant m\u00eame que celui-ci ait sign\u00e9 son consentement \u00e9clair\u00e9. Alors, pour trouver la r\u00e9ponse \u00e0 cette question, il faut se pencher sur l\u2019essence m\u00eame du <a title=\"Notification de violation \u00e0 la CNIL\" href=\"https:\/\/blogdelarechercheclinique.com\/en\/rgpd-qui-doit-faire-la-notification-de-violation-a-la-cnil\/\">RGPD<\/a>. A la lecture de ce texte, on se rend bien compte que le sujet principal du texte c\u2019est la personne concern\u00e9e. C\u2019est-\u00e0-dire qu\u2019on est vraiment ax\u00e9s sur le choix de la personne concern\u00e9e du devenir de ses donn\u00e9es, de la mani\u00e8re dont elles sont trait\u00e9es et de leur s\u00e9curit\u00e9, \u00e9videmment.<\/p>\r\n\r\n\r\n\r\n<p>Donc, les initiales du patient, elles sont consid\u00e9r\u00e9es comme des donn\u00e9es \u00e0 caract\u00e8re personnel. D\u00e8s lors on ne peut pas en faire n\u2019importe quoi. En l\u2019occurrence, il n\u2019est pas possible de remplir la liste de pr\u00e9s\u00e9lection avec les initiales du patient avant qu\u2019il ait sign\u00e9 son consentement \u00e9clair\u00e9, mais pourquoi\u00a0?<\/p>\r\n\r\n\r\n\r\n<p>C\u2019est simple, en fait le <strong>traitement de donn\u00e9es \u00e0 caract\u00e8re personnel<\/strong> doit \u00eatre fond\u00e9 sur ce que l\u2019on appelle une base l\u00e9gale. En fait, c\u2019est une raison qui serait l\u00e9gitime. Les bases l\u00e9gales sont aux articles 6 et 9 du RGPD. On a une liste qui est exhaustive. Dans ce cas l\u00e0, il y a 2 bases l\u00e9gales que nous pouvons utiliser\u00a0: le consentement de la personne concern\u00e9e &#8211; donc du patient &#8211; \u00e0 l\u2019utilisation de ses donn\u00e9es \u00e0 caract\u00e8re personnel ou les int\u00e9r\u00eats l\u00e9gitimes du responsable de traitement.<\/p>\r\n\r\n\r\n\r\n<h2 class=\"wp-block-heading\">Les bases l\u00e9gales relatives au traitement de donn\u00e9es \u00e0 caract\u00e8re personnel<\/h2>\r\n\r\n\r\n\r\n<p>Si on fondait notre traitement sur le consentement de la personne concern\u00e9e \u00e0 l\u2019utilisation de ses donn\u00e9es \u00e0 caract\u00e8re personnel. Cela voudrait dire qu&rsquo;en r\u00e8gle g\u00e9n\u00e9rale, ce consentement l\u00e0 est consign\u00e9 dans un seul et m\u00eame document avec le consentement \u00e9clair\u00e9. Il faudrait que par un moyen d\u00e9tourn\u00e9, le patient ait sign\u00e9 d\u2019abord le <strong>consentement \u00e0 l\u2019utilisation de ses donn\u00e9es personnelles<\/strong> puis, plus tard, le consentement \u00e9clair\u00e9. Ce qui est rare car en g\u00e9n\u00e9ral, ces deux consentements l\u00e0, m\u00eame s\u2019il ne s\u2019agit pas vraiment de la m\u00eame chose, sont dans un seul et m\u00eame document. Donc on peut d\u00e9j\u00e0 \u00e9carter le consentement.<\/p>\r\n\r\n\r\n\r\n<p>Ensuite, les int\u00e9r\u00eats l\u00e9gitimes du responsable de traitement ne sont pas utilisables non plus puisque tant que le patient n\u2019a pas sign\u00e9 son consentement \u00e9clair\u00e9, il ne fait pas partie de l\u2019\u00e9tude. Il n\u2019est donc pas inclus dedans puisqu\u2019il peut refuser d\u2019y participer \u00e0 tout moment. D\u00e8s lors le <a title=\"Management de projet\" href=\"https:\/\/pharmaspecific.com\/service\/management-projet\" target=\"_blank\" rel=\"noopener noreferrer\">responsable de traitement<\/a> ne peut pas se fonder sur ses int\u00e9r\u00eats l\u00e9gitimes puisque pr\u00e9cis\u00e9ment, il n\u2019est pas encore en capacit\u00e9 de s\u2019assurer que le patient participera \u00e0 l\u2019\u00e9tude.<\/p>\r\n\r\n\r\n\r\n<p>En conclusion, il n\u2019est pas possible d\u2019utiliser les initiales d\u2019un participant \u00e0 une \u00e9tude clinique de quelque mani\u00e8re que ce soit avant qu\u2019il n\u2019ait sign\u00e9 son consentement \u00e9clair\u00e9.<\/p>\r\n\r\n\r\n\r\n<p>Voil\u00e0 j\u2019esp\u00e8re que cette vid\u00e9o vous aura plu, si c\u2019est le cas n\u2019h\u00e9sitez pas \u00e0 vous abonner \u00e0 la chaine et \u00e0 aimer cette vid\u00e9o. Vous retrouverez dans la barre d\u2019information des informations sur nos diverses prestations\u00a0; la vielle mensuelle juridique d\u2019un c\u00f4t\u00e9 et le conseil juridique en recherche clinique. Quant \u00e0 nous, on se retrouve bient\u00f4t pour une prochaine vid\u00e9o.<\/p>\r\n\r\n\r\n\r\n<p>www.pharmaspecific-training.com<\/p>\r\n\r\n<p>&nbsp;<\/p>\r\n<p>&nbsp;<\/p>\r\n\r\n<p>&nbsp;<\/p>","protected":false},"excerpt":{"rendered":"<p>La question du jour est celle de savoir si lorsque l\u2019on a une liste de pr\u00e9s\u00e9lection, il est possible d\u2019y entrer les initiales du patient avant m\u00eame que celui-ci ait sign\u00e9 son consentement \u00e9clair\u00e9.<\/p>","protected":false},"author":4,"featured_media":13613,"comment_status":"open","ping_status":"open","sticky":false,"template":"","format":"standard","meta":{"om_disable_all_campaigns":false,"rop_custom_images_group":[],"rop_custom_messages_group":[],"rop_publish_now":"initial","rop_publish_now_accounts":{"facebook_122143508198123560_331463380343150":""},"rop_publish_now_history":[],"rop_publish_now_status":"pending","_sitemap_exclude":false,"_sitemap_priority":"","_sitemap_frequency":"","_exactmetrics_skip_tracking":false,"_exactmetrics_sitenote_active":false,"_exactmetrics_sitenote_note":"","_exactmetrics_sitenote_category":0,"_jetpack_memberships_contains_paid_content":false,"footnotes":""},"categories":[389],"tags":[201,399,96,360,400],"class_list":{"0":"post-13611","1":"post","2":"type-post","3":"status-publish","4":"format-standard","5":"has-post-thumbnail","7":"category-reglementaires","8":"tag-donnees-personnelles","9":"tag-liste-preselection","10":"tag-patient","11":"tag-rgpd","12":"tag-traitement-de-donnees"},"translation":{"provider":"WPGlobus","version":"3.0.2","language":"en","enabled_languages":["fr","en"],"languages":{"fr":{"title":true,"content":true,"excerpt":true},"en":{"title":false,"content":false,"excerpt":false}}},"yoast_head":"<!-- This site is optimized with the Yoast SEO plugin v26.9 - https:\/\/yoast.com\/product\/yoast-seo-wordpress\/ -->\n<title>Remplir la liste de pr\u00e9s\u00e9lection par les initiales du patient<\/title>\n<meta name=\"robots\" content=\"index, follow, max-snippet:-1, max-image-preview:large, max-video-preview:-1\" \/>\n<link rel=\"canonical\" href=\"https:\/\/blogdelarechercheclinique.com\/en\/liste-preselection-initiales-patient\/\" \/>\n<meta property=\"og:locale\" content=\"en_US\" \/>\n<meta property=\"og:type\" content=\"article\" \/>\n<meta property=\"og:title\" content=\"Est-il possible de remplir la liste de pr\u00e9s\u00e9lection par les initiales du patient? -\" \/>\n<meta property=\"og:url\" content=\"https:\/\/blogdelarechercheclinique.com\/en\/liste-preselection-initiales-patient\/\" \/>\n<meta property=\"article:publisher\" content=\"https:\/\/www.facebook.com\/blogdelarechercheclinique\" \/>\n<meta property=\"article:published_time\" content=\"2021-04-21T21:03:57+00:00\" \/>\n<meta property=\"article:modified_time\" content=\"2024-05-08T07:48:51+00:00\" \/>\n<meta property=\"og:image\" content=\"https:\/\/i0.wp.com\/blogdelarechercheclinique.com\/blog-contenu\/uploads\/2024\/05\/Liste-preselection.png?fit=1165%2C662&ssl=1\" \/>\n\t<meta property=\"og:image:width\" content=\"1165\" \/>\n\t<meta property=\"og:image:height\" content=\"662\" \/>\n\t<meta property=\"og:image:type\" content=\"image\/png\" \/>\n<meta name=\"author\" content=\"Vanessa Montanari\" \/>\n<meta name=\"twitter:card\" content=\"summary_large_image\" \/>\n<meta name=\"twitter:label1\" content=\"Written by\" \/>\n\t<meta name=\"twitter:data1\" content=\"Vanessa Montanari\" \/>\n\t<meta name=\"twitter:label2\" content=\"Est. reading time\" \/>\n\t<meta name=\"twitter:data2\" content=\"4 minutes\" \/>\n<script type=\"application\/ld+json\" class=\"yoast-schema-graph\">{\"@context\":\"https:\/\/schema.org\",\"@graph\":[{\"@type\":\"Article\",\"@id\":\"https:\/\/blogdelarechercheclinique.com\/liste-preselection-initiales-patient\/#article\",\"isPartOf\":{\"@id\":\"https:\/\/blogdelarechercheclinique.com\/liste-preselection-initiales-patient\/\"},\"author\":{\"name\":\"Vanessa Montanari\",\"@id\":\"https:\/\/blogdelarechercheclinique.com\/#\/schema\/person\/13ee3f7a1251afe7e98918a482685938\"},\"headline\":\"Est-il possible de remplir la liste de pr\u00e9s\u00e9lection par les initiales du patient?\",\"datePublished\":\"2021-04-21T21:03:57+00:00\",\"dateModified\":\"2024-05-08T07:48:51+00:00\",\"mainEntityOfPage\":{\"@id\":\"https:\/\/blogdelarechercheclinique.com\/liste-preselection-initiales-patient\/\"},\"wordCount\":719,\"commentCount\":0,\"publisher\":{\"@id\":\"https:\/\/blogdelarechercheclinique.com\/#organization\"},\"image\":{\"@id\":\"https:\/\/blogdelarechercheclinique.com\/liste-preselection-initiales-patient\/#primaryimage\"},\"thumbnailUrl\":\"https:\/\/i0.wp.com\/blogdelarechercheclinique.com\/blog-contenu\/uploads\/2024\/05\/Liste-preselection.png?fit=1165%2C662&ssl=1\",\"keywords\":[\"Donn\u00e9es personnelles\",\"Liste pr\u00e9s\u00e9lection\",\"patient\",\"RGPD\",\"traitement de donn\u00e9es\"],\"articleSection\":[\"Les r\u00e8glementaires\"],\"inLanguage\":\"en-US\",\"potentialAction\":[{\"@type\":\"CommentAction\",\"name\":\"Comment\",\"target\":[\"https:\/\/blogdelarechercheclinique.com\/liste-preselection-initiales-patient\/#respond\"]}]},{\"@type\":\"WebPage\",\"@id\":\"https:\/\/blogdelarechercheclinique.com\/liste-preselection-initiales-patient\/\",\"url\":\"https:\/\/blogdelarechercheclinique.com\/liste-preselection-initiales-patient\/\",\"name\":\"Remplir la liste de pr\u00e9s\u00e9lection par les initiales du patient\",\"isPartOf\":{\"@id\":\"https:\/\/blogdelarechercheclinique.com\/#website\"},\"primaryImageOfPage\":{\"@id\":\"https:\/\/blogdelarechercheclinique.com\/liste-preselection-initiales-patient\/#primaryimage\"},\"image\":{\"@id\":\"https:\/\/blogdelarechercheclinique.com\/liste-preselection-initiales-patient\/#primaryimage\"},\"thumbnailUrl\":\"https:\/\/i0.wp.com\/blogdelarechercheclinique.com\/blog-contenu\/uploads\/2024\/05\/Liste-preselection.png?fit=1165%2C662&ssl=1\",\"datePublished\":\"2021-04-21T21:03:57+00:00\",\"dateModified\":\"2024-05-08T07:48:51+00:00\",\"description\":\"Est-il possible de remplir la liste de pr\u00e9s\u00e9lection par les initiales du patient sans son consentement \u00e9clair\u00e9?\",\"breadcrumb\":{\"@id\":\"https:\/\/blogdelarechercheclinique.com\/liste-preselection-initiales-patient\/#breadcrumb\"},\"inLanguage\":\"en-US\",\"potentialAction\":[{\"@type\":\"ReadAction\",\"target\":[\"https:\/\/blogdelarechercheclinique.com\/liste-preselection-initiales-patient\/\"]}]},{\"@type\":\"ImageObject\",\"inLanguage\":\"en-US\",\"@id\":\"https:\/\/blogdelarechercheclinique.com\/liste-preselection-initiales-patient\/#primaryimage\",\"url\":\"https:\/\/i0.wp.com\/blogdelarechercheclinique.com\/blog-contenu\/uploads\/2024\/05\/Liste-preselection.png?fit=1165%2C662&ssl=1\",\"contentUrl\":\"https:\/\/i0.wp.com\/blogdelarechercheclinique.com\/blog-contenu\/uploads\/2024\/05\/Liste-preselection.png?fit=1165%2C662&ssl=1\",\"width\":1165,\"height\":662,\"caption\":\"remplir la liste de pr\u00e9s\u00e9lection par les initiales du patient\"},{\"@type\":\"BreadcrumbList\",\"@id\":\"https:\/\/blogdelarechercheclinique.com\/liste-preselection-initiales-patient\/#breadcrumb\",\"itemListElement\":[{\"@type\":\"ListItem\",\"position\":1,\"name\":\"Accueil\",\"item\":\"https:\/\/blogdelarechercheclinique.com\/\"},{\"@type\":\"ListItem\",\"position\":2,\"name\":\"Est-il possible de remplir la liste de pr\u00e9s\u00e9lection par les initiales du patient?\"}]},{\"@type\":\"WebSite\",\"@id\":\"https:\/\/blogdelarechercheclinique.com\/#website\",\"url\":\"https:\/\/blogdelarechercheclinique.com\/\",\"name\":\"Blog de la recherche clinique\",\"description\":\"\",\"publisher\":{\"@id\":\"https:\/\/blogdelarechercheclinique.com\/#organization\"},\"potentialAction\":[{\"@type\":\"SearchAction\",\"target\":{\"@type\":\"EntryPoint\",\"urlTemplate\":\"https:\/\/blogdelarechercheclinique.com\/?s={search_term_string}\"},\"query-input\":{\"@type\":\"PropertyValueSpecification\",\"valueRequired\":true,\"valueName\":\"search_term_string\"}}],\"inLanguage\":\"en-US\"},{\"@type\":\"Organization\",\"@id\":\"https:\/\/blogdelarechercheclinique.com\/#organization\",\"name\":\"Blog de la recherche clinique\",\"url\":\"https:\/\/blogdelarechercheclinique.com\/\",\"logo\":{\"@type\":\"ImageObject\",\"inLanguage\":\"en-US\",\"@id\":\"https:\/\/blogdelarechercheclinique.com\/#\/schema\/logo\/image\/\",\"url\":\"https:\/\/i0.wp.com\/blogdelarechercheclinique.com\/blog-contenu\/uploads\/2024\/04\/cropped-BLOG-logo.png?fit=512%2C512&ssl=1\",\"contentUrl\":\"https:\/\/i0.wp.com\/blogdelarechercheclinique.com\/blog-contenu\/uploads\/2024\/04\/cropped-BLOG-logo.png?fit=512%2C512&ssl=1\",\"width\":512,\"height\":512,\"caption\":\"Blog de la recherche clinique\"},\"image\":{\"@id\":\"https:\/\/blogdelarechercheclinique.com\/#\/schema\/logo\/image\/\"},\"sameAs\":[\"https:\/\/www.facebook.com\/blogdelarechercheclinique\"]},{\"@type\":\"Person\",\"@id\":\"https:\/\/blogdelarechercheclinique.com\/#\/schema\/person\/13ee3f7a1251afe7e98918a482685938\",\"name\":\"Vanessa Montanari\",\"image\":{\"@type\":\"ImageObject\",\"inLanguage\":\"en-US\",\"@id\":\"https:\/\/blogdelarechercheclinique.com\/#\/schema\/person\/image\/\",\"url\":\"https:\/\/secure.gravatar.com\/avatar\/ddf428208f542d6c2239ace6606ebe9beb71049642a9c784967f23e4e76e8efc?s=96&d=mm&r=g\",\"contentUrl\":\"https:\/\/secure.gravatar.com\/avatar\/ddf428208f542d6c2239ace6606ebe9beb71049642a9c784967f23e4e76e8efc?s=96&d=mm&r=g\",\"caption\":\"Vanessa Montanari\"},\"url\":\"https:\/\/blogdelarechercheclinique.com\/en\/author\/vanessa\/\"}]}<\/script>\n<!-- \/ Yoast SEO plugin. -->","yoast_head_json":{"title":"Remplir la liste de pr\u00e9s\u00e9lection par les initiales du patient","robots":{"index":"index","follow":"follow","max-snippet":"max-snippet:-1","max-image-preview":"max-image-preview:large","max-video-preview":"max-video-preview:-1"},"canonical":"https:\/\/blogdelarechercheclinique.com\/en\/liste-preselection-initiales-patient\/","og_locale":"en_US","og_type":"article","og_title":"Est-il possible de remplir la liste de pr\u00e9s\u00e9lection par les initiales du patient? -","og_url":"https:\/\/blogdelarechercheclinique.com\/en\/liste-preselection-initiales-patient\/","article_publisher":"https:\/\/www.facebook.com\/blogdelarechercheclinique","article_published_time":"2021-04-21T21:03:57+00:00","article_modified_time":"2024-05-08T07:48:51+00:00","og_image":[{"width":1165,"height":662,"url":"https:\/\/i0.wp.com\/blogdelarechercheclinique.com\/blog-contenu\/uploads\/2024\/05\/Liste-preselection.png?fit=1165%2C662&ssl=1","type":"image\/png"}],"author":"Vanessa Montanari","twitter_card":"summary_large_image","twitter_misc":{"Written by":"Vanessa Montanari","Est. reading time":"4 minutes"},"schema":{"@context":"https:\/\/schema.org","@graph":[{"@type":"Article","@id":"https:\/\/blogdelarechercheclinique.com\/liste-preselection-initiales-patient\/#article","isPartOf":{"@id":"https:\/\/blogdelarechercheclinique.com\/liste-preselection-initiales-patient\/"},"author":{"name":"Vanessa Montanari","@id":"https:\/\/blogdelarechercheclinique.com\/#\/schema\/person\/13ee3f7a1251afe7e98918a482685938"},"headline":"Est-il possible de remplir la liste de pr\u00e9s\u00e9lection par les initiales du patient?","datePublished":"2021-04-21T21:03:57+00:00","dateModified":"2024-05-08T07:48:51+00:00","mainEntityOfPage":{"@id":"https:\/\/blogdelarechercheclinique.com\/liste-preselection-initiales-patient\/"},"wordCount":719,"commentCount":0,"publisher":{"@id":"https:\/\/blogdelarechercheclinique.com\/#organization"},"image":{"@id":"https:\/\/blogdelarechercheclinique.com\/liste-preselection-initiales-patient\/#primaryimage"},"thumbnailUrl":"https:\/\/i0.wp.com\/blogdelarechercheclinique.com\/blog-contenu\/uploads\/2024\/05\/Liste-preselection.png?fit=1165%2C662&ssl=1","keywords":["Donn\u00e9es personnelles","Liste pr\u00e9s\u00e9lection","patient","RGPD","traitement de donn\u00e9es"],"articleSection":["Les r\u00e8glementaires"],"inLanguage":"en-US","potentialAction":[{"@type":"CommentAction","name":"Comment","target":["https:\/\/blogdelarechercheclinique.com\/liste-preselection-initiales-patient\/#respond"]}]},{"@type":"WebPage","@id":"https:\/\/blogdelarechercheclinique.com\/liste-preselection-initiales-patient\/","url":"https:\/\/blogdelarechercheclinique.com\/liste-preselection-initiales-patient\/","name":"Remplir la liste de pr\u00e9s\u00e9lection par les initiales du patient","isPartOf":{"@id":"https:\/\/blogdelarechercheclinique.com\/#website"},"primaryImageOfPage":{"@id":"https:\/\/blogdelarechercheclinique.com\/liste-preselection-initiales-patient\/#primaryimage"},"image":{"@id":"https:\/\/blogdelarechercheclinique.com\/liste-preselection-initiales-patient\/#primaryimage"},"thumbnailUrl":"https:\/\/i0.wp.com\/blogdelarechercheclinique.com\/blog-contenu\/uploads\/2024\/05\/Liste-preselection.png?fit=1165%2C662&ssl=1","datePublished":"2021-04-21T21:03:57+00:00","dateModified":"2024-05-08T07:48:51+00:00","description":"Est-il possible de remplir la liste de pr\u00e9s\u00e9lection par les initiales du patient sans son consentement \u00e9clair\u00e9?","breadcrumb":{"@id":"https:\/\/blogdelarechercheclinique.com\/liste-preselection-initiales-patient\/#breadcrumb"},"inLanguage":"en-US","potentialAction":[{"@type":"ReadAction","target":["https:\/\/blogdelarechercheclinique.com\/liste-preselection-initiales-patient\/"]}]},{"@type":"ImageObject","inLanguage":"en-US","@id":"https:\/\/blogdelarechercheclinique.com\/liste-preselection-initiales-patient\/#primaryimage","url":"https:\/\/i0.wp.com\/blogdelarechercheclinique.com\/blog-contenu\/uploads\/2024\/05\/Liste-preselection.png?fit=1165%2C662&ssl=1","contentUrl":"https:\/\/i0.wp.com\/blogdelarechercheclinique.com\/blog-contenu\/uploads\/2024\/05\/Liste-preselection.png?fit=1165%2C662&ssl=1","width":1165,"height":662,"caption":"remplir la liste de pr\u00e9s\u00e9lection par les initiales du patient"},{"@type":"BreadcrumbList","@id":"https:\/\/blogdelarechercheclinique.com\/liste-preselection-initiales-patient\/#breadcrumb","itemListElement":[{"@type":"ListItem","position":1,"name":"Accueil","item":"https:\/\/blogdelarechercheclinique.com\/"},{"@type":"ListItem","position":2,"name":"Est-il possible de remplir la liste de pr\u00e9s\u00e9lection par les initiales du patient?"}]},{"@type":"WebSite","@id":"https:\/\/blogdelarechercheclinique.com\/#website","url":"https:\/\/blogdelarechercheclinique.com\/","name":"Blog de la recherche clinique","description":"","publisher":{"@id":"https:\/\/blogdelarechercheclinique.com\/#organization"},"potentialAction":[{"@type":"SearchAction","target":{"@type":"EntryPoint","urlTemplate":"https:\/\/blogdelarechercheclinique.com\/?s={search_term_string}"},"query-input":{"@type":"PropertyValueSpecification","valueRequired":true,"valueName":"search_term_string"}}],"inLanguage":"en-US"},{"@type":"Organization","@id":"https:\/\/blogdelarechercheclinique.com\/#organization","name":"Blog de la recherche clinique","url":"https:\/\/blogdelarechercheclinique.com\/","logo":{"@type":"ImageObject","inLanguage":"en-US","@id":"https:\/\/blogdelarechercheclinique.com\/#\/schema\/logo\/image\/","url":"https:\/\/i0.wp.com\/blogdelarechercheclinique.com\/blog-contenu\/uploads\/2024\/04\/cropped-BLOG-logo.png?fit=512%2C512&ssl=1","contentUrl":"https:\/\/i0.wp.com\/blogdelarechercheclinique.com\/blog-contenu\/uploads\/2024\/04\/cropped-BLOG-logo.png?fit=512%2C512&ssl=1","width":512,"height":512,"caption":"Blog de la recherche clinique"},"image":{"@id":"https:\/\/blogdelarechercheclinique.com\/#\/schema\/logo\/image\/"},"sameAs":["https:\/\/www.facebook.com\/blogdelarechercheclinique"]},{"@type":"Person","@id":"https:\/\/blogdelarechercheclinique.com\/#\/schema\/person\/13ee3f7a1251afe7e98918a482685938","name":"Vanessa Montanari","image":{"@type":"ImageObject","inLanguage":"en-US","@id":"https:\/\/blogdelarechercheclinique.com\/#\/schema\/person\/image\/","url":"https:\/\/secure.gravatar.com\/avatar\/ddf428208f542d6c2239ace6606ebe9beb71049642a9c784967f23e4e76e8efc?s=96&d=mm&r=g","contentUrl":"https:\/\/secure.gravatar.com\/avatar\/ddf428208f542d6c2239ace6606ebe9beb71049642a9c784967f23e4e76e8efc?s=96&d=mm&r=g","caption":"Vanessa Montanari"},"url":"https:\/\/blogdelarechercheclinique.com\/en\/author\/vanessa\/"}]}},"jetpack_featured_media_url":"https:\/\/i0.wp.com\/blogdelarechercheclinique.com\/blog-contenu\/uploads\/2024\/05\/Liste-preselection.png?fit=1165%2C662&ssl=1","jetpack-related-posts":[{"id":14382,"url":"https:\/\/blogdelarechercheclinique.com\/en\/rgpd-droit-a-la-portabilite-donnees-a-caractere-personnel\/","url_meta":{"origin":13611,"position":0},"title":"RGPD: Droit \u00e0 la portabilit\u00e9 donn\u00e9es \u00e0 caract\u00e8re personnel","author":"Vanessa Montanari","date":"10 June 2024","format":false,"excerpt":"Le patient a-t-il le droit de r\u00e9cup\u00e9rer ses donn\u00e9es pour les transf\u00e9rer? Le droit \u00e0 la portabilit\u00e9, il permet donc \u00e0 une personne concern\u00e9e de r\u00e9cup\u00e9rer ses donn\u00e9es \u00e9lectroniques (seulement les donn\u00e9es \u00e9lectroniques) dans un format ouvert et lisible par machine.","rel":"","context":"In &quot;Les r\u00e8glementaires&quot;","block_context":{"text":"Les r\u00e8glementaires","link":"https:\/\/blogdelarechercheclinique.com\/en\/category\/reglementaires\/"},"img":{"alt_text":"R\u00e9cup\u00e9ration donn\u00e9es personnelles","src":"https:\/\/i0.wp.com\/blogdelarechercheclinique.com\/blog-contenu\/uploads\/2024\/06\/droit-recuperer-donnees.png?fit=562%2C306&ssl=1&resize=350%2C200","width":350,"height":200,"srcset":"https:\/\/i0.wp.com\/blogdelarechercheclinique.com\/blog-contenu\/uploads\/2024\/06\/droit-recuperer-donnees.png?fit=562%2C306&ssl=1&resize=350%2C200 1x, https:\/\/i0.wp.com\/blogdelarechercheclinique.com\/blog-contenu\/uploads\/2024\/06\/droit-recuperer-donnees.png?fit=562%2C306&ssl=1&resize=525%2C300 1.5x"},"classes":[]},{"id":11679,"url":"https:\/\/blogdelarechercheclinique.com\/en\/suppression-donnees-demande-patient\/","url_meta":{"origin":13611,"position":1},"title":"RGPD : Suppression de donn\u00e9es \u00e0 la demande du patient?","author":"Vanessa Montanari","date":"21 April 2021","format":false,"excerpt":"On se retrouve encore pour parler du R\u00e8glement G\u00e9n\u00e9ral sur la Protection des Donn\u00e9es (le RGPD). Ce dernier est entr\u00e9 en application au sein de l\u2019Union Europ\u00e9enne le 25 mai 2018.","rel":"","context":"In &quot;Les r\u00e8glementaires&quot;","block_context":{"text":"Les r\u00e8glementaires","link":"https:\/\/blogdelarechercheclinique.com\/en\/category\/reglementaires\/"},"img":{"alt_text":"RGPD : Suppression de donn\u00e9es \u00e0 la demande du patient?","src":"https:\/\/i0.wp.com\/blogdelarechercheclinique.com\/blog-contenu\/uploads\/2021\/04\/RGPD-suppression-donnees.png?fit=555%2C308&ssl=1&resize=350%2C200","width":350,"height":200,"srcset":"https:\/\/i0.wp.com\/blogdelarechercheclinique.com\/blog-contenu\/uploads\/2021\/04\/RGPD-suppression-donnees.png?fit=555%2C308&ssl=1&resize=350%2C200 1x, https:\/\/i0.wp.com\/blogdelarechercheclinique.com\/blog-contenu\/uploads\/2021\/04\/RGPD-suppression-donnees.png?fit=555%2C308&ssl=1&resize=525%2C300 1.5x"},"classes":[]},{"id":12917,"url":"https:\/\/blogdelarechercheclinique.com\/en\/mise-a-jour-good-clinical-practice-ich-e6-r3\/","url_meta":{"origin":13611,"position":2},"title":"Mise \u00e0 jour du document Good Clinical Practice ICH E6 (R3) : Etat actuel, objectifs et principaux changements","author":"Vanessa Montanari","date":"18 March 2024","format":false,"excerpt":"Vous devez suivre une formation aux Bonnes Pratiques Cliniques li\u00e9e \u00e0 l'exercice de la profession. Cependant, cette pr\u00e9occupation s'\u00e9tend \u00e9galement aux investigateurs et aux promoteurs.","rel":"","context":"In &quot;Actualit\u00e9s de la recherche clinique&quot;","block_context":{"text":"Actualit\u00e9s de la recherche clinique","link":"https:\/\/blogdelarechercheclinique.com\/en\/category\/actualites-de-la-recherche-clinique\/"},"img":{"alt_text":"Etat actuel, objectifs et principaux changements","src":"https:\/\/i0.wp.com\/blogdelarechercheclinique.com\/blog-contenu\/uploads\/2024\/03\/MAJ-GCP.png?fit=1080%2C1080&ssl=1&resize=350%2C200","width":350,"height":200,"srcset":"https:\/\/i0.wp.com\/blogdelarechercheclinique.com\/blog-contenu\/uploads\/2024\/03\/MAJ-GCP.png?fit=1080%2C1080&ssl=1&resize=350%2C200 1x, https:\/\/i0.wp.com\/blogdelarechercheclinique.com\/blog-contenu\/uploads\/2024\/03\/MAJ-GCP.png?fit=1080%2C1080&ssl=1&resize=525%2C300 1.5x, https:\/\/i0.wp.com\/blogdelarechercheclinique.com\/blog-contenu\/uploads\/2024\/03\/MAJ-GCP.png?fit=1080%2C1080&ssl=1&resize=700%2C400 2x, https:\/\/i0.wp.com\/blogdelarechercheclinique.com\/blog-contenu\/uploads\/2024\/03\/MAJ-GCP.png?fit=1080%2C1080&ssl=1&resize=1050%2C600 3x"},"classes":[]},{"id":14368,"url":"https:\/\/blogdelarechercheclinique.com\/en\/rgpd-certification-conformite-processus-entreprise\/","url_meta":{"origin":13611,"position":3},"title":"RGPD: Certification et conformit\u00e9 des processus en entreprise","author":"Vanessa Montanari","date":"10 June 2024","format":false,"excerpt":"Le RGPD est le texte de r\u00e9f\u00e9rence en mati\u00e8re de protection des donn\u00e9es \u00e0 caract\u00e8re personnel. Il est entr\u00e9 en application au sein de l\u2019Union Europ\u00e9enne le 25 mai 2018.","rel":"","context":"In &quot;Les r\u00e8glementaires&quot;","block_context":{"text":"Les r\u00e8glementaires","link":"https:\/\/blogdelarechercheclinique.com\/en\/category\/reglementaires\/"},"img":{"alt_text":"Certification RGPD","src":"https:\/\/i0.wp.com\/blogdelarechercheclinique.com\/blog-contenu\/uploads\/2024\/06\/Certification-RGPD.png?fit=552%2C307&ssl=1&resize=350%2C200","width":350,"height":200,"srcset":"https:\/\/i0.wp.com\/blogdelarechercheclinique.com\/blog-contenu\/uploads\/2024\/06\/Certification-RGPD.png?fit=552%2C307&ssl=1&resize=350%2C200 1x, https:\/\/i0.wp.com\/blogdelarechercheclinique.com\/blog-contenu\/uploads\/2024\/06\/Certification-RGPD.png?fit=552%2C307&ssl=1&resize=525%2C300 1.5x"},"classes":[]},{"id":14350,"url":"https:\/\/blogdelarechercheclinique.com\/en\/tec-obligations-rgpd\/","url_meta":{"origin":13611,"position":4},"title":"TEC : Mise en place des obligations li\u00e9es au RGPD","author":"Vanessa Montanari","date":"10 June 2024","format":false,"excerpt":"On se retrouve aujourd\u2019hui une nouvelle fois pour parler du RGPD, le R\u00e8glement G\u00e9n\u00e9ral sur la Protection des Donn\u00e9es. Je vous rappelle, ce texte sert de r\u00e9f\u00e9rence en mati\u00e8re de protection des donn\u00e9es \u00e0 caract\u00e8re personnel au sein de l\u2019UE. Il est entr\u00e9 en application le 25 mai 2018 dans\u2026","rel":"","context":"In &quot;Les r\u00e8glementaires&quot;","block_context":{"text":"Les r\u00e8glementaires","link":"https:\/\/blogdelarechercheclinique.com\/en\/category\/reglementaires\/"},"img":{"alt_text":"Technicien en \u00e9tude clinique","src":"https:\/\/i0.wp.com\/blogdelarechercheclinique.com\/blog-contenu\/uploads\/2024\/06\/TEC.png?fit=550%2C307&ssl=1&resize=350%2C200","width":350,"height":200,"srcset":"https:\/\/i0.wp.com\/blogdelarechercheclinique.com\/blog-contenu\/uploads\/2024\/06\/TEC.png?fit=550%2C307&ssl=1&resize=350%2C200 1x, https:\/\/i0.wp.com\/blogdelarechercheclinique.com\/blog-contenu\/uploads\/2024\/06\/TEC.png?fit=550%2C307&ssl=1&resize=525%2C300 1.5x"},"classes":[]},{"id":11674,"url":"https:\/\/blogdelarechercheclinique.com\/en\/designer-dpo-dehors-union-europeenne\/","url_meta":{"origin":13611,"position":5},"title":"Peut-on designer un DPO en dehors de l&rsquo;Union Europ\u00e9enne?","author":"Vanessa Montanari","date":"21 April 2021","format":false,"excerpt":"Est-il possible de designer un DPO en dehors de l'Union Europ\u00e9en? Comment designer son DPO en dehors de l'Union Europ\u00e9en.","rel":"","context":"In &quot;Les r\u00e8glementaires&quot;","block_context":{"text":"Les r\u00e8glementaires","link":"https:\/\/blogdelarechercheclinique.com\/en\/category\/reglementaires\/"},"img":{"alt_text":"Designer un DPO hors UE","src":"https:\/\/i0.wp.com\/blogdelarechercheclinique.com\/blog-contenu\/uploads\/2021\/04\/Outside-UE.png?fit=1138%2C562&ssl=1&resize=350%2C200","width":350,"height":200,"srcset":"https:\/\/i0.wp.com\/blogdelarechercheclinique.com\/blog-contenu\/uploads\/2021\/04\/Outside-UE.png?fit=1138%2C562&ssl=1&resize=350%2C200 1x, https:\/\/i0.wp.com\/blogdelarechercheclinique.com\/blog-contenu\/uploads\/2021\/04\/Outside-UE.png?fit=1138%2C562&ssl=1&resize=525%2C300 1.5x, https:\/\/i0.wp.com\/blogdelarechercheclinique.com\/blog-contenu\/uploads\/2021\/04\/Outside-UE.png?fit=1138%2C562&ssl=1&resize=700%2C400 2x, https:\/\/i0.wp.com\/blogdelarechercheclinique.com\/blog-contenu\/uploads\/2021\/04\/Outside-UE.png?fit=1138%2C562&ssl=1&resize=1050%2C600 3x"},"classes":[]}],"jetpack_sharing_enabled":true,"_links":{"self":[{"href":"https:\/\/blogdelarechercheclinique.com\/en\/wp-json\/wp\/v2\/posts\/13611","targetHints":{"allow":["GET"]}}],"collection":[{"href":"https:\/\/blogdelarechercheclinique.com\/en\/wp-json\/wp\/v2\/posts"}],"about":[{"href":"https:\/\/blogdelarechercheclinique.com\/en\/wp-json\/wp\/v2\/types\/post"}],"author":[{"embeddable":true,"href":"https:\/\/blogdelarechercheclinique.com\/en\/wp-json\/wp\/v2\/users\/4"}],"replies":[{"embeddable":true,"href":"https:\/\/blogdelarechercheclinique.com\/en\/wp-json\/wp\/v2\/comments?post=13611"}],"version-history":[{"count":1,"href":"https:\/\/blogdelarechercheclinique.com\/en\/wp-json\/wp\/v2\/posts\/13611\/revisions"}],"predecessor-version":[{"id":13614,"href":"https:\/\/blogdelarechercheclinique.com\/en\/wp-json\/wp\/v2\/posts\/13611\/revisions\/13614"}],"wp:featuredmedia":[{"embeddable":true,"href":"https:\/\/blogdelarechercheclinique.com\/en\/wp-json\/wp\/v2\/media\/13613"}],"wp:attachment":[{"href":"https:\/\/blogdelarechercheclinique.com\/en\/wp-json\/wp\/v2\/media?parent=13611"}],"wp:term":[{"taxonomy":"category","embeddable":true,"href":"https:\/\/blogdelarechercheclinique.com\/en\/wp-json\/wp\/v2\/categories?post=13611"},{"taxonomy":"post_tag","embeddable":true,"href":"https:\/\/blogdelarechercheclinique.com\/en\/wp-json\/wp\/v2\/tags?post=13611"}],"curies":[{"name":"wp","href":"https:\/\/api.w.org\/{rel}","templated":true}]}}