{"id":13789,"date":"2024-05-21T15:59:17","date_gmt":"2024-05-21T13:59:17","guid":{"rendered":"https:\/\/blogdelarechercheclinique.com\/?p=13789"},"modified":"2024-06-11T16:55:00","modified_gmt":"2024-06-11T14:55:00","slug":"recherche-clinique-2017","status":"publish","type":"post","link":"https:\/\/blogdelarechercheclinique.com\/en\/recherche-clinique-2017\/","title":{"rendered":"SOUVENIR, SOUVENIR\u2026La journ\u00e9e de la recherche clinique 2017"},"content":{"rendered":"<p><iframe title=\"SOUVENIR, SOUVENIR\u2026LA JOURNEE DE LA RECHERCHE CLINIQUE 2017\" width=\"1080\" height=\"810\" data-src=\"https:\/\/www.youtube.com\/embed\/R6eAF9hraXQ?feature=oembed\" frameborder=\"0\" allow=\"accelerometer; autoplay; clipboard-write; encrypted-media; gyroscope; picture-in-picture; web-share\" referrerpolicy=\"strict-origin-when-cross-origin\" allowfullscreen src=\"data:image\/svg+xml;base64,PHN2ZyB3aWR0aD0iMSIgaGVpZ2h0PSIxIiB4bWxucz0iaHR0cDovL3d3dy53My5vcmcvMjAwMC9zdmciPjwvc3ZnPg==\" class=\"lazyload\" data-load-mode=\"1\"><\/iframe><\/p>\n<p class=\"p1\"><span class=\"s1\"><i>Article r\u00e9dig\u00e9 par la Soci\u00e9t\u00e9 Pharmaspecific, sp\u00e9cialiste en recherche clinique<\/i><\/span><\/p>\n<p class=\"p1\" style=\"text-align: left;\"><span class=\"s1\" style=\"color: #000000;\">Si tu n\u2019as pas pu te rendre \u00e0 la journ\u00e9e de la recherche clinique, voici un petit aper\u00e7u qui devrait t\u2019int\u00e9resser !<\/span><\/p>\n<p class=\"p1\" style=\"text-align: left;\"><span class=\"s1\" style=\"color: #000000;\">Sophie Hammer et Gaelle (une internaute qui avait gagner une place pour l\u2019\u00e9v\u00e9nement sur notre blog) ont pu s\u2019y rendre.<\/span><\/p>\n<p class=\"p1\" style=\"text-align: left;\"><span class=\"s1\" style=\"color: #000000;\">D\u00e9sol\u00e9 pour la qualit\u00e9 de la vid\u00e9o, on a fait avec les moyens du bord\u00a0!<\/span><\/p>\n<p class=\"p1\" style=\"text-align: left;\"><span class=\"s1\" style=\"color: #000000;\">Merci \u00e0 l\u2019AFCRO et \u00e0 Sup-sant\u00e9 pour nous avoir permis de participer\u00a0!<\/span><\/p>\n<p class=\"p1\" style=\"text-align: left;\"><span class=\"s1\" style=\"color: #000000;\">La <a href=\"https:\/\/blogdelarechercheclinique.com\/en\/\"><strong>journ\u00e9e de la recherche clinique<\/strong><\/a> 2018, aura lieu le 30 Janvier 2018. Ne loupez pas le coche\u00a0!<\/span><\/p>\n<p class=\"p1\" style=\"text-align: left;\"><span class=\"s1\" style=\"color: #000000;\">Bonne Vacance \u00e0 tous\u00a0!<\/span><\/p>\n<hr \/>\n<p style=\"text-align: center;\"><em>Vous avez besoin d&rsquo;une prestation en recherche clinique ? contactez PHARMASPECIFIC en vous rendant sur notre site en cliquant ici :<\/em><strong><a href=\"https:\/\/pharmaspecific.com\/devis\/\" target=\"_blank\" rel=\"noopener noreferrer\">https:\/\/pharmaspecific.com\/devis\/<\/a><\/strong><\/p>\n<p style=\"text-align: center;\"><em>Si tu as des questions sur le m\u00e9tier d\u2019attach\u00e9 de recherche clinique ou sur une carri\u00e8re dans la recherche clinique, tu peux la mettre dans les commentaires ci-dessous. Nous te r\u00e9pondrons dans les plus brefs d\u00e9lais.\u00a0<\/em><\/p>\n<p style=\"text-align: center;\"><em>Si tu veux \u00eatre coach\u00e9, si tu veux une r\u00e9ponse personnalis\u00e9e \u00e0 tes questions ou \u00eatre en contact avec d\u2019autres professionnels de la recherche clinique, tu peux te rendre sur\u00a0<a href=\"https:\/\/pharmaspecific-training.com\/\" target=\"_blank\" rel=\"noopener noreferrer\">https:\/\/pharmaspecific-training.com\/<\/a><\/em><\/p>","protected":false},"excerpt":{"rendered":"<p>Si tu n\u2019as pas pu te rendre \u00e0 cet \u00e9v\u00e9nement, voici un petit aper\u00e7u qui devrait t\u2019int\u00e9resser\u00a0!<\/p>\n<p>Sophie Hammer et Gaelle (une internaute qui avait gagner une place pour l\u2019\u00e9v\u00e9nement sur notre blog) ont pu s\u2019y rendre.<\/p>","protected":false},"author":4,"featured_media":13786,"comment_status":"open","ping_status":"open","sticky":false,"template":"","format":"standard","meta":{"om_disable_all_campaigns":false,"rop_custom_images_group":[],"rop_custom_messages_group":[],"rop_publish_now":"initial","rop_publish_now_accounts":{"facebook_122143508198123560_331463380343150":""},"rop_publish_now_history":[],"rop_publish_now_status":"pending","_sitemap_exclude":false,"_sitemap_priority":"","_sitemap_frequency":"","_exactmetrics_skip_tracking":false,"_exactmetrics_sitenote_active":false,"_exactmetrics_sitenote_note":"","_exactmetrics_sitenote_category":0,"_jetpack_memberships_contains_paid_content":false,"footnotes":""},"categories":[390],"tags":[66,127,299,300,8],"class_list":{"0":"post-13789","1":"post","2":"type-post","3":"status-publish","4":"format-standard","5":"has-post-thumbnail","7":"category-jeux-evenements","8":"tag-attache-de-recherche-clinique","9":"tag-essais-cliniques","10":"tag-etudes-cliniques","11":"tag-journee-de-la-recherche-clinique","12":"tag-recherche-clinique"},"translation":{"provider":"WPGlobus","version":"3.0.2","language":"en","enabled_languages":["fr","en"],"languages":{"fr":{"title":true,"content":true,"excerpt":true},"en":{"title":false,"content":false,"excerpt":false}}},"yoast_head":"<!-- This site is optimized with the Yoast SEO plugin v26.9 - https:\/\/yoast.com\/product\/yoast-seo-wordpress\/ -->\n<title>SOUVENIR \u2026La journ\u00e9e de la recherche clinique 2017<\/title>\n<meta name=\"robots\" content=\"index, follow, max-snippet:-1, max-image-preview:large, max-video-preview:-1\" \/>\n<link rel=\"canonical\" href=\"https:\/\/blogdelarechercheclinique.com\/en\/recherche-clinique-2017\/\" \/>\n<meta property=\"og:locale\" content=\"en_US\" \/>\n<meta property=\"og:type\" content=\"article\" \/>\n<meta property=\"og:title\" content=\"SOUVENIR, SOUVENIR\u2026La journ\u00e9e de la recherche clinique 2017 -\" \/>\n<meta property=\"og:url\" content=\"https:\/\/blogdelarechercheclinique.com\/en\/recherche-clinique-2017\/\" \/>\n<meta property=\"article:publisher\" content=\"https:\/\/www.facebook.com\/blogdelarechercheclinique\" \/>\n<meta property=\"article:published_time\" content=\"2024-05-21T13:59:17+00:00\" \/>\n<meta property=\"article:modified_time\" content=\"2024-06-11T14:55:00+00:00\" \/>\n<meta property=\"og:image\" content=\"https:\/\/i0.wp.com\/blogdelarechercheclinique.com\/blog-contenu\/uploads\/2017\/08\/journee-recherche-clinique-janv2017.png?fit=930%2C637&ssl=1\" \/>\n\t<meta property=\"og:image:width\" content=\"930\" \/>\n\t<meta property=\"og:image:height\" content=\"637\" \/>\n\t<meta property=\"og:image:type\" content=\"image\/png\" \/>\n<meta name=\"author\" content=\"Vanessa Montanari\" \/>\n<meta name=\"twitter:card\" content=\"summary_large_image\" \/>\n<meta name=\"twitter:label1\" content=\"Written by\" \/>\n\t<meta name=\"twitter:data1\" content=\"Vanessa Montanari\" \/>\n\t<meta name=\"twitter:label2\" content=\"Est. reading time\" \/>\n\t<meta name=\"twitter:data2\" content=\"2 minutes\" \/>\n<script type=\"application\/ld+json\" class=\"yoast-schema-graph\">{\"@context\":\"https:\/\/schema.org\",\"@graph\":[{\"@type\":\"Article\",\"@id\":\"https:\/\/blogdelarechercheclinique.com\/recherche-clinique-2017\/#article\",\"isPartOf\":{\"@id\":\"https:\/\/blogdelarechercheclinique.com\/recherche-clinique-2017\/\"},\"author\":{\"name\":\"Vanessa Montanari\",\"@id\":\"https:\/\/blogdelarechercheclinique.com\/#\/schema\/person\/13ee3f7a1251afe7e98918a482685938\"},\"headline\":\"SOUVENIR, SOUVENIR\u2026La journ\u00e9e de la recherche clinique 2017\",\"datePublished\":\"2024-05-21T13:59:17+00:00\",\"dateModified\":\"2024-06-11T14:55:00+00:00\",\"mainEntityOfPage\":{\"@id\":\"https:\/\/blogdelarechercheclinique.com\/recherche-clinique-2017\/\"},\"wordCount\":223,\"commentCount\":0,\"publisher\":{\"@id\":\"https:\/\/blogdelarechercheclinique.com\/#organization\"},\"image\":{\"@id\":\"https:\/\/blogdelarechercheclinique.com\/recherche-clinique-2017\/#primaryimage\"},\"thumbnailUrl\":\"https:\/\/i0.wp.com\/blogdelarechercheclinique.com\/blog-contenu\/uploads\/2017\/08\/journee-recherche-clinique-janv2017.png?fit=930%2C637&ssl=1\",\"keywords\":[\"Attach\u00e9 de recherche clinique\",\"essais cliniques\",\"etudes cliniques\",\"journ\u00e9e de la recherche clinique\",\"recherche clinique\"],\"articleSection\":[\"Jeux - \u00e9v\u00e8nements\"],\"inLanguage\":\"en-US\",\"potentialAction\":[{\"@type\":\"CommentAction\",\"name\":\"Comment\",\"target\":[\"https:\/\/blogdelarechercheclinique.com\/recherche-clinique-2017\/#respond\"]}]},{\"@type\":\"WebPage\",\"@id\":\"https:\/\/blogdelarechercheclinique.com\/recherche-clinique-2017\/\",\"url\":\"https:\/\/blogdelarechercheclinique.com\/recherche-clinique-2017\/\",\"name\":\"SOUVENIR \u2026La journ\u00e9e de la recherche clinique 2017\",\"isPartOf\":{\"@id\":\"https:\/\/blogdelarechercheclinique.com\/#website\"},\"primaryImageOfPage\":{\"@id\":\"https:\/\/blogdelarechercheclinique.com\/recherche-clinique-2017\/#primaryimage\"},\"image\":{\"@id\":\"https:\/\/blogdelarechercheclinique.com\/recherche-clinique-2017\/#primaryimage\"},\"thumbnailUrl\":\"https:\/\/i0.wp.com\/blogdelarechercheclinique.com\/blog-contenu\/uploads\/2017\/08\/journee-recherche-clinique-janv2017.png?fit=930%2C637&ssl=1\",\"datePublished\":\"2024-05-21T13:59:17+00:00\",\"dateModified\":\"2024-06-11T14:55:00+00:00\",\"description\":\"Si tu n\u2019as pas pu te rendre \u00e0 la journ\u00e9e de la recherche clinique, Je te laisse un souvenir de la journ\u00e9e de la recherche clinique 2017\",\"breadcrumb\":{\"@id\":\"https:\/\/blogdelarechercheclinique.com\/recherche-clinique-2017\/#breadcrumb\"},\"inLanguage\":\"en-US\",\"potentialAction\":[{\"@type\":\"ReadAction\",\"target\":[\"https:\/\/blogdelarechercheclinique.com\/recherche-clinique-2017\/\"]}]},{\"@type\":\"ImageObject\",\"inLanguage\":\"en-US\",\"@id\":\"https:\/\/blogdelarechercheclinique.com\/recherche-clinique-2017\/#primaryimage\",\"url\":\"https:\/\/i0.wp.com\/blogdelarechercheclinique.com\/blog-contenu\/uploads\/2017\/08\/journee-recherche-clinique-janv2017.png?fit=930%2C637&ssl=1\",\"contentUrl\":\"https:\/\/i0.wp.com\/blogdelarechercheclinique.com\/blog-contenu\/uploads\/2017\/08\/journee-recherche-clinique-janv2017.png?fit=930%2C637&ssl=1\",\"width\":930,\"height\":637,\"caption\":\"Journ\u00e9e de la recherche clinique en Janvier 2017\"},{\"@type\":\"BreadcrumbList\",\"@id\":\"https:\/\/blogdelarechercheclinique.com\/recherche-clinique-2017\/#breadcrumb\",\"itemListElement\":[{\"@type\":\"ListItem\",\"position\":1,\"name\":\"Accueil\",\"item\":\"https:\/\/blogdelarechercheclinique.com\/\"},{\"@type\":\"ListItem\",\"position\":2,\"name\":\"SOUVENIR, SOUVENIR\u2026La journ\u00e9e de la recherche clinique 2017\"}]},{\"@type\":\"WebSite\",\"@id\":\"https:\/\/blogdelarechercheclinique.com\/#website\",\"url\":\"https:\/\/blogdelarechercheclinique.com\/\",\"name\":\"Blog de la recherche clinique\",\"description\":\"\",\"publisher\":{\"@id\":\"https:\/\/blogdelarechercheclinique.com\/#organization\"},\"potentialAction\":[{\"@type\":\"SearchAction\",\"target\":{\"@type\":\"EntryPoint\",\"urlTemplate\":\"https:\/\/blogdelarechercheclinique.com\/?s={search_term_string}\"},\"query-input\":{\"@type\":\"PropertyValueSpecification\",\"valueRequired\":true,\"valueName\":\"search_term_string\"}}],\"inLanguage\":\"en-US\"},{\"@type\":\"Organization\",\"@id\":\"https:\/\/blogdelarechercheclinique.com\/#organization\",\"name\":\"Blog de la recherche clinique\",\"url\":\"https:\/\/blogdelarechercheclinique.com\/\",\"logo\":{\"@type\":\"ImageObject\",\"inLanguage\":\"en-US\",\"@id\":\"https:\/\/blogdelarechercheclinique.com\/#\/schema\/logo\/image\/\",\"url\":\"https:\/\/i0.wp.com\/blogdelarechercheclinique.com\/blog-contenu\/uploads\/2024\/04\/cropped-BLOG-logo.png?fit=512%2C512&ssl=1\",\"contentUrl\":\"https:\/\/i0.wp.com\/blogdelarechercheclinique.com\/blog-contenu\/uploads\/2024\/04\/cropped-BLOG-logo.png?fit=512%2C512&ssl=1\",\"width\":512,\"height\":512,\"caption\":\"Blog de la recherche clinique\"},\"image\":{\"@id\":\"https:\/\/blogdelarechercheclinique.com\/#\/schema\/logo\/image\/\"},\"sameAs\":[\"https:\/\/www.facebook.com\/blogdelarechercheclinique\"]},{\"@type\":\"Person\",\"@id\":\"https:\/\/blogdelarechercheclinique.com\/#\/schema\/person\/13ee3f7a1251afe7e98918a482685938\",\"name\":\"Vanessa Montanari\",\"image\":{\"@type\":\"ImageObject\",\"inLanguage\":\"en-US\",\"@id\":\"https:\/\/blogdelarechercheclinique.com\/#\/schema\/person\/image\/\",\"url\":\"https:\/\/secure.gravatar.com\/avatar\/ddf428208f542d6c2239ace6606ebe9beb71049642a9c784967f23e4e76e8efc?s=96&d=mm&r=g\",\"contentUrl\":\"https:\/\/secure.gravatar.com\/avatar\/ddf428208f542d6c2239ace6606ebe9beb71049642a9c784967f23e4e76e8efc?s=96&d=mm&r=g\",\"caption\":\"Vanessa Montanari\"},\"url\":\"https:\/\/blogdelarechercheclinique.com\/en\/author\/vanessa\/\"}]}<\/script>\n<!-- \/ Yoast SEO plugin. -->","yoast_head_json":{"title":"SOUVENIR \u2026La journ\u00e9e de la recherche clinique 2017","robots":{"index":"index","follow":"follow","max-snippet":"max-snippet:-1","max-image-preview":"max-image-preview:large","max-video-preview":"max-video-preview:-1"},"canonical":"https:\/\/blogdelarechercheclinique.com\/en\/recherche-clinique-2017\/","og_locale":"en_US","og_type":"article","og_title":"SOUVENIR, SOUVENIR\u2026La journ\u00e9e de la recherche clinique 2017 -","og_url":"https:\/\/blogdelarechercheclinique.com\/en\/recherche-clinique-2017\/","article_publisher":"https:\/\/www.facebook.com\/blogdelarechercheclinique","article_published_time":"2024-05-21T13:59:17+00:00","article_modified_time":"2024-06-11T14:55:00+00:00","og_image":[{"width":930,"height":637,"url":"https:\/\/i0.wp.com\/blogdelarechercheclinique.com\/blog-contenu\/uploads\/2017\/08\/journee-recherche-clinique-janv2017.png?fit=930%2C637&ssl=1","type":"image\/png"}],"author":"Vanessa Montanari","twitter_card":"summary_large_image","twitter_misc":{"Written by":"Vanessa Montanari","Est. reading time":"2 minutes"},"schema":{"@context":"https:\/\/schema.org","@graph":[{"@type":"Article","@id":"https:\/\/blogdelarechercheclinique.com\/recherche-clinique-2017\/#article","isPartOf":{"@id":"https:\/\/blogdelarechercheclinique.com\/recherche-clinique-2017\/"},"author":{"name":"Vanessa Montanari","@id":"https:\/\/blogdelarechercheclinique.com\/#\/schema\/person\/13ee3f7a1251afe7e98918a482685938"},"headline":"SOUVENIR, SOUVENIR\u2026La journ\u00e9e de la recherche clinique 2017","datePublished":"2024-05-21T13:59:17+00:00","dateModified":"2024-06-11T14:55:00+00:00","mainEntityOfPage":{"@id":"https:\/\/blogdelarechercheclinique.com\/recherche-clinique-2017\/"},"wordCount":223,"commentCount":0,"publisher":{"@id":"https:\/\/blogdelarechercheclinique.com\/#organization"},"image":{"@id":"https:\/\/blogdelarechercheclinique.com\/recherche-clinique-2017\/#primaryimage"},"thumbnailUrl":"https:\/\/i0.wp.com\/blogdelarechercheclinique.com\/blog-contenu\/uploads\/2017\/08\/journee-recherche-clinique-janv2017.png?fit=930%2C637&ssl=1","keywords":["Attach\u00e9 de recherche clinique","essais cliniques","etudes cliniques","journ\u00e9e de la recherche clinique","recherche clinique"],"articleSection":["Jeux - \u00e9v\u00e8nements"],"inLanguage":"en-US","potentialAction":[{"@type":"CommentAction","name":"Comment","target":["https:\/\/blogdelarechercheclinique.com\/recherche-clinique-2017\/#respond"]}]},{"@type":"WebPage","@id":"https:\/\/blogdelarechercheclinique.com\/recherche-clinique-2017\/","url":"https:\/\/blogdelarechercheclinique.com\/recherche-clinique-2017\/","name":"SOUVENIR \u2026La journ\u00e9e de la recherche clinique 2017","isPartOf":{"@id":"https:\/\/blogdelarechercheclinique.com\/#website"},"primaryImageOfPage":{"@id":"https:\/\/blogdelarechercheclinique.com\/recherche-clinique-2017\/#primaryimage"},"image":{"@id":"https:\/\/blogdelarechercheclinique.com\/recherche-clinique-2017\/#primaryimage"},"thumbnailUrl":"https:\/\/i0.wp.com\/blogdelarechercheclinique.com\/blog-contenu\/uploads\/2017\/08\/journee-recherche-clinique-janv2017.png?fit=930%2C637&ssl=1","datePublished":"2024-05-21T13:59:17+00:00","dateModified":"2024-06-11T14:55:00+00:00","description":"Si tu n\u2019as pas pu te rendre \u00e0 la journ\u00e9e de la recherche clinique, Je te laisse un souvenir de la journ\u00e9e de la recherche clinique 2017","breadcrumb":{"@id":"https:\/\/blogdelarechercheclinique.com\/recherche-clinique-2017\/#breadcrumb"},"inLanguage":"en-US","potentialAction":[{"@type":"ReadAction","target":["https:\/\/blogdelarechercheclinique.com\/recherche-clinique-2017\/"]}]},{"@type":"ImageObject","inLanguage":"en-US","@id":"https:\/\/blogdelarechercheclinique.com\/recherche-clinique-2017\/#primaryimage","url":"https:\/\/i0.wp.com\/blogdelarechercheclinique.com\/blog-contenu\/uploads\/2017\/08\/journee-recherche-clinique-janv2017.png?fit=930%2C637&ssl=1","contentUrl":"https:\/\/i0.wp.com\/blogdelarechercheclinique.com\/blog-contenu\/uploads\/2017\/08\/journee-recherche-clinique-janv2017.png?fit=930%2C637&ssl=1","width":930,"height":637,"caption":"Journ\u00e9e de la recherche clinique en Janvier 2017"},{"@type":"BreadcrumbList","@id":"https:\/\/blogdelarechercheclinique.com\/recherche-clinique-2017\/#breadcrumb","itemListElement":[{"@type":"ListItem","position":1,"name":"Accueil","item":"https:\/\/blogdelarechercheclinique.com\/"},{"@type":"ListItem","position":2,"name":"SOUVENIR, SOUVENIR\u2026La journ\u00e9e de la recherche clinique 2017"}]},{"@type":"WebSite","@id":"https:\/\/blogdelarechercheclinique.com\/#website","url":"https:\/\/blogdelarechercheclinique.com\/","name":"Blog de la recherche clinique","description":"","publisher":{"@id":"https:\/\/blogdelarechercheclinique.com\/#organization"},"potentialAction":[{"@type":"SearchAction","target":{"@type":"EntryPoint","urlTemplate":"https:\/\/blogdelarechercheclinique.com\/?s={search_term_string}"},"query-input":{"@type":"PropertyValueSpecification","valueRequired":true,"valueName":"search_term_string"}}],"inLanguage":"en-US"},{"@type":"Organization","@id":"https:\/\/blogdelarechercheclinique.com\/#organization","name":"Blog de la recherche clinique","url":"https:\/\/blogdelarechercheclinique.com\/","logo":{"@type":"ImageObject","inLanguage":"en-US","@id":"https:\/\/blogdelarechercheclinique.com\/#\/schema\/logo\/image\/","url":"https:\/\/i0.wp.com\/blogdelarechercheclinique.com\/blog-contenu\/uploads\/2024\/04\/cropped-BLOG-logo.png?fit=512%2C512&ssl=1","contentUrl":"https:\/\/i0.wp.com\/blogdelarechercheclinique.com\/blog-contenu\/uploads\/2024\/04\/cropped-BLOG-logo.png?fit=512%2C512&ssl=1","width":512,"height":512,"caption":"Blog de la recherche clinique"},"image":{"@id":"https:\/\/blogdelarechercheclinique.com\/#\/schema\/logo\/image\/"},"sameAs":["https:\/\/www.facebook.com\/blogdelarechercheclinique"]},{"@type":"Person","@id":"https:\/\/blogdelarechercheclinique.com\/#\/schema\/person\/13ee3f7a1251afe7e98918a482685938","name":"Vanessa Montanari","image":{"@type":"ImageObject","inLanguage":"en-US","@id":"https:\/\/blogdelarechercheclinique.com\/#\/schema\/person\/image\/","url":"https:\/\/secure.gravatar.com\/avatar\/ddf428208f542d6c2239ace6606ebe9beb71049642a9c784967f23e4e76e8efc?s=96&d=mm&r=g","contentUrl":"https:\/\/secure.gravatar.com\/avatar\/ddf428208f542d6c2239ace6606ebe9beb71049642a9c784967f23e4e76e8efc?s=96&d=mm&r=g","caption":"Vanessa Montanari"},"url":"https:\/\/blogdelarechercheclinique.com\/en\/author\/vanessa\/"}]}},"jetpack_featured_media_url":"https:\/\/i0.wp.com\/blogdelarechercheclinique.com\/blog-contenu\/uploads\/2017\/08\/journee-recherche-clinique-janv2017.png?fit=930%2C637&ssl=1","jetpack-related-posts":[{"id":3999,"url":"https:\/\/blogdelarechercheclinique.com\/en\/souvenir-souvenirla-journee-de-recherche-clinique-2017\/","url_meta":{"origin":13789,"position":0},"title":"SOUVENIR, SOUVENIR\u2026LA JOURNEE DE LA RECHERCHE CLINIQUE 2017","author":"Vanessa Montanari","date":"8 August 2017","format":false,"excerpt":"Si tu n\u2019as pas pu te rendre \u00e0 cet \u00e9v\u00e9nement, voici un petit aper\u00e7u qui devrait t\u2019int\u00e9resser\u00a0! Sophie Hammer et Gaelle (une internaute qui avait gagner une place pour l\u2019\u00e9v\u00e9nement sur notre blog) ont pu s\u2019y rendre.","rel":"","context":"In &quot;Jeux - \u00e9v\u00e8nements&quot;","block_context":{"text":"Jeux - \u00e9v\u00e8nements","link":"https:\/\/blogdelarechercheclinique.com\/en\/category\/jeux-evenements\/"},"img":{"alt_text":"Journ\u00e9e de la recherche clinique en Janvier 2017","src":"https:\/\/i0.wp.com\/blogdelarechercheclinique.com\/blog-contenu\/uploads\/2017\/08\/journee-recherche-clinique-janv2017.png?fit=930%2C637&ssl=1&resize=350%2C200","width":350,"height":200,"srcset":"https:\/\/i0.wp.com\/blogdelarechercheclinique.com\/blog-contenu\/uploads\/2017\/08\/journee-recherche-clinique-janv2017.png?fit=930%2C637&ssl=1&resize=350%2C200 1x, https:\/\/i0.wp.com\/blogdelarechercheclinique.com\/blog-contenu\/uploads\/2017\/08\/journee-recherche-clinique-janv2017.png?fit=930%2C637&ssl=1&resize=525%2C300 1.5x, https:\/\/i0.wp.com\/blogdelarechercheclinique.com\/blog-contenu\/uploads\/2017\/08\/journee-recherche-clinique-janv2017.png?fit=930%2C637&ssl=1&resize=700%2C400 2x"},"classes":[]},{"id":422,"url":"https:\/\/blogdelarechercheclinique.com\/en\/coeur-metier-attache-recherche-clinique\/","url_meta":{"origin":13789,"position":1},"title":"Au c\u0153ur du m\u00e9tier d&rsquo;attach\u00e9 de Recherche Clinique","author":"Vanessa Montanari","date":"15 February 2018","format":false,"excerpt":"Vous aimeriez savoir ce qu'un ARC fait concr\u00e8tement, au quotidien. Je vous emm\u00e8ne passer une journ\u00e9e au bureau avec moi.","rel":"","context":"In &quot;Pratiquer le m\u00e9tier d'Attach\u00e9 de recherche clinique&quot;","block_context":{"text":"Pratiquer le m\u00e9tier d'Attach\u00e9 de recherche clinique","link":"https:\/\/blogdelarechercheclinique.com\/en\/category\/pratiquer-le-metier-dattache-de-recherche-clinique\/"},"img":{"alt_text":"Au c\u0153ur du m\u00e9tier d'attach\u00e9 en Recherche Clinique","src":"https:\/\/i0.wp.com\/blogdelarechercheclinique.com\/blog-contenu\/uploads\/2024\/03\/Quotidien-dun-ARC.png?fit=1080%2C1080&ssl=1&resize=350%2C200","width":350,"height":200,"srcset":"https:\/\/i0.wp.com\/blogdelarechercheclinique.com\/blog-contenu\/uploads\/2024\/03\/Quotidien-dun-ARC.png?fit=1080%2C1080&ssl=1&resize=350%2C200 1x, https:\/\/i0.wp.com\/blogdelarechercheclinique.com\/blog-contenu\/uploads\/2024\/03\/Quotidien-dun-ARC.png?fit=1080%2C1080&ssl=1&resize=525%2C300 1.5x, https:\/\/i0.wp.com\/blogdelarechercheclinique.com\/blog-contenu\/uploads\/2024\/03\/Quotidien-dun-ARC.png?fit=1080%2C1080&ssl=1&resize=700%2C400 2x, https:\/\/i0.wp.com\/blogdelarechercheclinique.com\/blog-contenu\/uploads\/2024\/03\/Quotidien-dun-ARC.png?fit=1080%2C1080&ssl=1&resize=1050%2C600 3x"},"classes":[]},{"id":4845,"url":"https:\/\/blogdelarechercheclinique.com\/en\/metier-attache-recherche-clinique\/","url_meta":{"origin":13789,"position":2},"title":"Au c\u0153ur du m\u00e9tier d&rsquo;attach\u00e9 en Recherche Clinique","author":"Vanessa Montanari","date":"15 February 2018","format":false,"excerpt":"Jena vous a parl\u00e9 des visites de contr\u00f4le dans un pr\u00e9c\u00e9dent article disponible ici, quant \u00e0 moi, je vous emm\u00e8ne passer une journ\u00e9e au bureau avec moi.","rel":"","context":"In &quot;Pratiquer le m\u00e9tier d'Attach\u00e9 de recherche clinique&quot;","block_context":{"text":"Pratiquer le m\u00e9tier d'Attach\u00e9 de recherche clinique","link":"https:\/\/blogdelarechercheclinique.com\/en\/category\/pratiquer-le-metier-dattache-de-recherche-clinique\/"},"img":{"alt_text":"r\u00e9seau en recherche clinique","src":"https:\/\/i0.wp.com\/blogdelarechercheclinique.com\/blog-contenu\/uploads\/2018\/02\/coeur-metier-ARC.png?fit=402%2C406&ssl=1&resize=350%2C200","width":350,"height":200},"classes":[]},{"id":561,"url":"https:\/\/blogdelarechercheclinique.com\/en\/mentoring-attaches-recherche-clinique\/","url_meta":{"origin":13789,"position":3},"title":"S\u00e9ance de mentoring pour les futurs attach\u00e9s de recherche clinique","author":"Vanessa Montanari","date":"9 March 2016","format":false,"excerpt":"Article r\u00e9dig\u00e9 par la Soci\u00e9t\u00e9 Pharmaspecific, sp\u00e9cialiste en recherche clinique Nous avions organis\u00e9 un jeu-concours au mois de novembre 2015 afin de proposer du mentoring \u00e0 3 futurs ARCs. J\u2019ai effectu\u00e9 mes premi\u00e8res s\u00e9ances de mentoring avec 3 professionnels ultra-motiv\u00e9s par la recherche clinique et l\u2019industrie pharmaceutique. Je vais donc\u2026","rel":"","context":"In &quot;Jeux - \u00e9v\u00e8nements&quot;","block_context":{"text":"Jeux - \u00e9v\u00e8nements","link":"https:\/\/blogdelarechercheclinique.com\/en\/category\/jeux-evenements\/"},"img":{"alt_text":"S\u00e9ance de mentoring avec Jonathan, futur ARC","src":"https:\/\/i0.wp.com\/blogdelarechercheclinique.com\/blog-contenu\/uploads\/2024\/03\/mentoring.png?fit=1019%2C676&ssl=1&resize=350%2C200","width":350,"height":200,"srcset":"https:\/\/i0.wp.com\/blogdelarechercheclinique.com\/blog-contenu\/uploads\/2024\/03\/mentoring.png?fit=1019%2C676&ssl=1&resize=350%2C200 1x, https:\/\/i0.wp.com\/blogdelarechercheclinique.com\/blog-contenu\/uploads\/2024\/03\/mentoring.png?fit=1019%2C676&ssl=1&resize=525%2C300 1.5x, https:\/\/i0.wp.com\/blogdelarechercheclinique.com\/blog-contenu\/uploads\/2024\/03\/mentoring.png?fit=1019%2C676&ssl=1&resize=700%2C400 2x"},"classes":[]},{"id":5951,"url":"https:\/\/blogdelarechercheclinique.com\/en\/8eme-journee-recherche-clinique-evenement-2019\/","url_meta":{"origin":13789,"position":4},"title":"8\u00e8me journ\u00e9e de la recherche clinique, l&rsquo;\u00e9v\u00e9nement \u00e0 ne pas rater en 2019!","author":"Vanessa Montanari","date":"10 January 2019","format":false,"excerpt":"8\u00e8me journ\u00e9e de la recherche clinique, l'\u00e9v\u00e9nement \u00e0 ne pas rater en 2019!","rel":"","context":"In &quot;Jeux - \u00e9v\u00e8nements&quot;","block_context":{"text":"Jeux - \u00e9v\u00e8nements","link":"https:\/\/blogdelarechercheclinique.com\/en\/category\/jeux-evenements\/"},"img":{"alt_text":"Journ\u00e9e de la recherche clinique","src":"https:\/\/i0.wp.com\/blogdelarechercheclinique.com\/blog-contenu\/uploads\/2019\/01\/8e-journee-recherche-clinique.png?fit=540%2C362&ssl=1&resize=350%2C200","width":350,"height":200,"srcset":"https:\/\/i0.wp.com\/blogdelarechercheclinique.com\/blog-contenu\/uploads\/2019\/01\/8e-journee-recherche-clinique.png?fit=540%2C362&ssl=1&resize=350%2C200 1x, https:\/\/i0.wp.com\/blogdelarechercheclinique.com\/blog-contenu\/uploads\/2019\/01\/8e-journee-recherche-clinique.png?fit=540%2C362&ssl=1&resize=525%2C300 1.5x"},"classes":[]},{"id":4595,"url":"https:\/\/blogdelarechercheclinique.com\/en\/jeu-express-de-noel-escape-game-petit-dej\/","url_meta":{"origin":13789,"position":5},"title":"Vendredi 15 D\u00e9cembre: Invitation pour un escape Game \u00e0 Paris","author":"Vanessa Montanari","date":"13 December 2017","format":false,"excerpt":"Tu nous suis depuis quelques temps et tu es inscrit \u00e0 la newsletter? Pour te remercier, nous te proposons un jeu express de no\u00ebl pour venir nous rencontrer, discuter, jouer et prendre le petit-d\u00e9j' avec nous, en plein Paris, ce vendredi 15 D\u00e9cembre, dans la matin\u00e9e.","rel":"","context":"In &quot;Jeux - \u00e9v\u00e8nements&quot;","block_context":{"text":"Jeux - \u00e9v\u00e8nements","link":"https:\/\/blogdelarechercheclinique.com\/en\/category\/jeux-evenements\/"},"img":{"alt_text":"Jeu d'\u00e9vasion \u00e0 Paris","src":"https:\/\/i0.wp.com\/blogdelarechercheclinique.com\/blog-contenu\/uploads\/2017\/12\/escape-game.png?fit=591%2C273&ssl=1&resize=350%2C200","width":350,"height":200,"srcset":"https:\/\/i0.wp.com\/blogdelarechercheclinique.com\/blog-contenu\/uploads\/2017\/12\/escape-game.png?fit=591%2C273&ssl=1&resize=350%2C200 1x, https:\/\/i0.wp.com\/blogdelarechercheclinique.com\/blog-contenu\/uploads\/2017\/12\/escape-game.png?fit=591%2C273&ssl=1&resize=525%2C300 1.5x"},"classes":[]}],"jetpack_sharing_enabled":true,"_links":{"self":[{"href":"https:\/\/blogdelarechercheclinique.com\/en\/wp-json\/wp\/v2\/posts\/13789","targetHints":{"allow":["GET"]}}],"collection":[{"href":"https:\/\/blogdelarechercheclinique.com\/en\/wp-json\/wp\/v2\/posts"}],"about":[{"href":"https:\/\/blogdelarechercheclinique.com\/en\/wp-json\/wp\/v2\/types\/post"}],"author":[{"embeddable":true,"href":"https:\/\/blogdelarechercheclinique.com\/en\/wp-json\/wp\/v2\/users\/4"}],"replies":[{"embeddable":true,"href":"https:\/\/blogdelarechercheclinique.com\/en\/wp-json\/wp\/v2\/comments?post=13789"}],"version-history":[{"count":5,"href":"https:\/\/blogdelarechercheclinique.com\/en\/wp-json\/wp\/v2\/posts\/13789\/revisions"}],"predecessor-version":[{"id":14454,"href":"https:\/\/blogdelarechercheclinique.com\/en\/wp-json\/wp\/v2\/posts\/13789\/revisions\/14454"}],"wp:featuredmedia":[{"embeddable":true,"href":"https:\/\/blogdelarechercheclinique.com\/en\/wp-json\/wp\/v2\/media\/13786"}],"wp:attachment":[{"href":"https:\/\/blogdelarechercheclinique.com\/en\/wp-json\/wp\/v2\/media?parent=13789"}],"wp:term":[{"taxonomy":"category","embeddable":true,"href":"https:\/\/blogdelarechercheclinique.com\/en\/wp-json\/wp\/v2\/categories?post=13789"},{"taxonomy":"post_tag","embeddable":true,"href":"https:\/\/blogdelarechercheclinique.com\/en\/wp-json\/wp\/v2\/tags?post=13789"}],"curies":[{"name":"wp","href":"https:\/\/api.w.org\/{rel}","templated":true}]}}