{"id":13931,"date":"2015-11-04T19:18:12","date_gmt":"2015-11-04T18:18:12","guid":{"rendered":"https:\/\/blogdelarechercheclinique.com\/?p=13931"},"modified":"2024-05-23T09:09:17","modified_gmt":"2024-05-23T07:09:17","slug":"safe-harbor-transfert-donnees-personnelles","status":"publish","type":"post","link":"https:\/\/blogdelarechercheclinique.com\/en\/safe-harbor-transfert-donnees-personnelles\/","title":{"rendered":"Safe Harbor : transfert de donn\u00e9es personnelles non valid\u00e9"},"content":{"rendered":"<p class=\"p1\"><span class=\"s1\"><i>Article r\u00e9dig\u00e9 par la Soci\u00e9t\u00e9 Pharmaspecific, sp\u00e9cialiste en recherche clinique<\/i><\/span><\/p>\n<h2><strong>Invalidation du Safe Harbor, que faire ?04<\/strong><\/h2>\n<p style=\"text-align: justify;\"><img data-recalc-dims=\"1\" decoding=\"async\" class=\"alignleft size-full wp-image-13932 lazyload\" data-src=\"https:\/\/i0.wp.com\/blogdelarechercheclinique.com\/blog-contenu\/uploads\/2024\/05\/safe-harbor.jpg?resize=300%2C225&#038;ssl=1\" alt=\"Invalidation safe harbor\" width=\"300\" height=\"225\" src=\"data:image\/svg+xml;base64,PHN2ZyB3aWR0aD0iMSIgaGVpZ2h0PSIxIiB4bWxucz0iaHR0cDovL3d3dy53My5vcmcvMjAwMC9zdmciPjwvc3ZnPg==\" style=\"--smush-placeholder-width: 300px; --smush-placeholder-aspect-ratio: 300\/225;\" \/>Tu as des \u00e9tudes en cours et tu transf\u00e8res certaines informations aux Etats-Unis, que ce soit le promoteur ou des sous-traitants (eCRF, CRO, remboursement patients, ou autre) ? Savais tu que l\u2019accord commercial reliant l\u2019Espace Economique Europ\u00e9en et les Etats-Unis avait \u00e9t\u00e9 invalid\u00e9 et que les transferts de donn\u00e9es personnelles r\u00e9alis\u00e9s dans le cadre du Safe Harbor n\u2019\u00e9taient plus autoris\u00e9s ? Voici concr\u00e8tement ce que cela implique pour tes essais.<\/p>\n<p><!--more--><\/p>\n<ol>\n<li>\n<h2><strong>Qu\u2019est-ce qu\u2019il s\u2019est pass\u00e9\u00a0?<\/strong><\/h2>\n<\/li>\n<\/ol>\n<p style=\"text-align: justify;\">Le Safe Harbor ou \u00ab\u00a0Sph\u00e8re de s\u00e9curit\u00e9\u00a0\u00bb \u00e9tait un des moyens possibles pour les entreprises am\u00e9ricaines de transf\u00e9rer l\u00e9galement des donn\u00e9es de l\u2019Espace Economique Europ\u00e9en vers les Etats-Unis. Le Safe Harbor \u00e9tait un ensemble de principes \u00e0 respecter auxquels les entreprises am\u00e9ricaines adh\u00e9raient de fa\u00e7on volontaire. Ces principes \u00e9taient bas\u00e9s sur l\u2019information des personnes, la possibilit\u00e9 de s\u2019opposer au transfert de ses donn\u00e9es personnelles ou \u00e0 l\u2019utilisation de ses donn\u00e9es pour une finalit\u00e9 diff\u00e9rente, la n\u00e9cessit\u00e9 d\u2019un consentement explicite pour les donn\u00e9es dites sensibles, droit d\u2019acc\u00e8s et de rectification et la s\u00e9curit\u00e9 des donn\u00e9es.\u00a0 La liste des entreprises ayant adh\u00e9r\u00e9 au Safe Harbor \u00e9tait consultable sur le <a href=\"https:\/\/safeharbor.export.gov\/list.aspx\">site internet du d\u00e9partement du commerce am\u00e9ricain<\/a>. Cependant, la Cour de Justice Europ\u00e9enne (CJUE) a invalid\u00e9 cet accord le 6 octobre 2015. En effet, il a \u00e9t\u00e9 mis en \u00e9vidence par la CJUE que les autorit\u00e9s publiques Etats-uniennes pouvaient acc\u00e9der aux donn\u00e9es sans assurer une protection juridique efficace aux personnes concern\u00e9es. En effet, les entreprises Etats-Uniennes sont tenues de se soumettre aux exigences des lois des Etats-Unis et donc, ne pas appliquer les clauses du Safe Harbor qui leur seraient contraires.\u00a0 \u00a0La CNIL et ses homologues europ\u00e9ens (G29) se sont r\u00e9unis et ont demand\u00e9 aux institutions europ\u00e9ennes et aux gouvernements concern\u00e9s de trouver des solutions juridiques et techniques avant le 31 janvier 2016. Voici les deux communiqu\u00e9s de la CNIL \u00e0 ce sujet en cliquant <a href=\"http:\/\/www.cnil.fr\/linstitution\/actualite\/article\/article\/invalidation-du-safe-harbor-par-la-cour-de-justice-de-lunion-europeenne-une-decision-cl\/\">ici<\/a>\u00a0et <a href=\"http:\/\/www.cnil.fr\/linstitution\/actualite\/article\/article\/safe-harbor-le-g29-demande-aux-institutions-europeennes-et-aux-gouvernements-dagir-sous-3-mois\/\">l\u00e0<\/a>.<\/p>\n<ol start=\"2\">\n<li>\n<h2><strong>Interdiction de transf\u00e9rer des donn\u00e9es personnelles<\/strong><\/h2>\n<\/li>\n<\/ol>\n<p style=\"text-align: justify;\">Selon les articles 68 et 69 de la <a href=\"http:\/\/www.cnil.fr\/documentation\/textes-fondateurs\/loi78-17\/\">loi informatique et libert\u00e9s du 6 janvier 1978 modifi\u00e9e<\/a>, les transferts de donn\u00e9es personnelles \u00e0 l\u2019\u00e9tranger sont interdits hormis dans le cas o\u00f9 le pays dans lequel se situe l\u2019entreprise destinataire offre un niveau de protection des donn\u00e9es suffisant.<\/p>\n<p style=\"text-align: justify;\">En ce qui concerne les Etats-Unis, les transferts qui s\u2019effectuaient sur la base du Safe Harbor sont bel et bien ill\u00e9gaux. Cependant, d\u2019autres solutions existent, nous les d\u00e9taillerons ci-dessous. Attention, le G29 est en train d\u2019analyser l\u2019impact de l\u2019invalidation du Safe Harbor par la Cour de Justice Europ\u00e9enne sur ces outils. Il n\u2019est donc pas s\u00fbr que ces outils puissent encore \u00eatre utilis\u00e9s s\u2019il s\u2019av\u00e9rait qu\u2019ils posent \u00e9galement des questions de s\u00e9curit\u00e9.<\/p>\n<p style=\"text-align: justify;\">Au vu des d\u00e9clarations de la CNIL, pour l\u2019instant, le transfert des donn\u00e9es d\u00e9j\u00e0 r\u00e9alis\u00e9 n\u2019est pas affect\u00e9, il demeure en attente des d\u00e9lib\u00e9rations des autorit\u00e9s concern\u00e9es. Cependant, les nouveaux transferts ne devront plus \u00eatre r\u00e9alis\u00e9s.<\/p>\n<ol start=\"3\">\n<li>\n<h2><strong>Quelles donn\u00e9es sont concern\u00e9es\u00a0? <\/strong><\/h2>\n<\/li>\n<\/ol>\n<p style=\"text-align: justify;\">La d\u00e9finition d\u2019une <a href=\"http:\/\/cnil.epticahosting.com\/\" target=\"_blank\" rel=\"noopener noreferrer\">donn\u00e9e personnelle<\/a> est la suivante selon la CNIL :<\/p>\n<p style=\"text-align: justify;\"><em>\u00ab\u00a0 Toute information relative \u00e0 une personne physique susceptible d&rsquo;\u00eatre identifi\u00e9e, directement ou indirectement. Par exemple : un nom, une photo, une empreinte, une adresse postale, une adresse mail, un num\u00e9ro de t\u00e9l\u00e9phone, un num\u00e9ro de s\u00e9curit\u00e9 sociale, un matricule interne, une adresse IP, un identifiant de connexion informatique, un enregistrement vocal, etc.<\/em><\/p>\n<p style=\"text-align: justify;\"><em>A noter : pour que ces donn\u00e9es ne soient plus consid\u00e9r\u00e9es comme personnelles, elles doivent \u00eatre rendues anonymes de mani\u00e8re \u00e0 rendre impossible toute identification de la personne concern\u00e9e : noms masqu\u00e9s, visages flout\u00e9s, cryptage, etc.<\/em><\/p>\n<p style=\"text-align: justify;\"><em>Attention : s&rsquo;il est possible par recoupement de plusieurs informations (\u00e2ge, sexe, ville, dipl\u00f4me, etc.) ou par l&rsquo;utilisation de moyens techniques divers, d&rsquo;identifier une personne, les donn\u00e9es sont toujours consid\u00e9r\u00e9es comme personnelles.<\/em>\u00a0\u00bb<\/p>\n<p style=\"text-align: justify;\">Si ton \u00e9tude est une recherche biom\u00e9dicale (RBM) portant sur un m\u00e9dicament, un dispositif m\u00e9dical, un produit de cosm\u00e9tique ou de tatouage ou une RBM hors produit de sant\u00e9, si ton transfert concerne <u>les donn\u00e9es des personnes se pr\u00eatant \u00e0 une recherche biom\u00e9dicale<\/u> et que les donn\u00e9es sont conformes <u>\u00e0 la partie 1.2.3 de la <a href=\"https:\/\/www.cnil.fr\/professionnel\" target=\"_blank\" rel=\"noopener noreferrer\">MR-001<\/a><\/u>, le transfert de ces donn\u00e9es reste toujours possible, car il ne s\u2019agit pas d\u2019une donn\u00e9e personnelle.<\/p>\n<p style=\"text-align: justify;\">Si ton \u00e9tude est une \u00e9tude non-interventionnelle portant sur l\u2019\u00e9tude de performance d\u2019un dispositif m\u00e9dical de diagnostic in vitro (DM DIV) et que, conform\u00e9ment \u00e0 la <a href=\"http:\/\/www.legifrance.gouv.fr\/affichTexte.do?cidTexte=JORFTEXT000031074605\" target=\"_blank\" rel=\"noopener noreferrer\">MR-002<\/a>, seules des donn\u00e9es anonymes ou cod\u00e9es des participants \u00e0 l&rsquo;\u00e9tude non interventionnelle de performances des DM DIV sont transmises hors de l\u2019UE, alors le transfert de ces donn\u00e9es reste possible.<\/p>\n<p style=\"text-align: justify;\">Cependant, dans le cadre de ces \u00e9tudes entrant dans le cadre de la MR-001 ou MR-002, les donn\u00e9es personnelles des investigateurs et des membres de leurs \u00e9quipes sont \u00e9galement transf\u00e9r\u00e9es, via leur CV, leurs coordonn\u00e9es, \u2026 Ces informations l\u00e0, quant \u00e0 elles, ne sont pas anonymes et constituent bien des donn\u00e9es personnelles. Leurs transferts vers les Etats-Unis sont donc interdits.<\/p>\n<p style=\"text-align: justify;\">Si ton \u00e9tude est un autre type d\u2019\u00e9tude ou une \u00e9tude ne r\u00e9pondant pas aux m\u00e9thodologies de r\u00e9f\u00e9rence de la CNIL, la CNIL a \u00e9valu\u00e9 la nature de ces transferts de donn\u00e9es et fournit une autorisation de transfert. A priori, ces transferts ne sont pas affect\u00e9s pour le moment.<\/p>\n<ol start=\"4\">\n<li>\n<h2><strong>Les autres solutions<\/strong><\/h2>\n<\/li>\n<\/ol>\n<p style=\"text-align: justify;\">Il existe deux autres solutions permettant de mettre en \u0153uvre les transferts de donn\u00e9es aux Etats-Unis:<\/p>\n<ul style=\"text-align: justify;\">\n<li>Si des <a href=\"http:\/\/www.cnil.fr\/vos-obligations\/transfert-de-donnees-hors-ue\/contrats-types-de-la-commission-europeenne\/\" target=\"_blank\" rel=\"noopener noreferrer\">clauses contractuelles types<\/a> ont \u00e9t\u00e9 adopt\u00e9es. Il s\u2019agit de mod\u00e8les de contrat adopt\u00e9s par la Commission Europ\u00e9enne qui r\u00e9gissent les transferts de donn\u00e9es. Deux types de contrats sont disponibles\u00a0:\n<ul>\n<li>Transfert de donn\u00e9es personnelles d\u2019un responsable de traitement \u00e0 un autre responsable de traitement.<\/li>\n<li>Transfert de donn\u00e9es personnelles d\u2019un responsable de traitement \u00e0 un sous-traitant.<\/li>\n<\/ul>\n<\/li>\n<\/ul>\n<p style=\"text-align: justify;\">Ces mod\u00e8les de contrat diff\u00e8rent par les responsabilit\u00e9s des deux parties. En effet, selon la loi Informatique et Libert\u00e9s du 6 janvier 1978 modifi\u00e9e, le responsable du traitement est la personne, l\u2019autorit\u00e9 publique, le service ou l\u2019organisme qui d\u00e9termine ses finalit\u00e9s et ses moyens. Le sous-traitant, quant \u00e0 lui, est toute personne ext\u00e9rieure traitant des donn\u00e9es personnelles selon les instructions et sous l\u2019autorit\u00e9 du responsable du traitement.<\/p>\n<p style=\"text-align: justify;\">Dans le premier cas, les deux parties sont donc responsables entre elles et \u00e0 l\u2019encontre des personnes concern\u00e9es en cas de litige.<\/p>\n<p style=\"text-align: justify;\">Dans le second cas, l\u2019exportateur des donn\u00e9es est responsable envers les personnes concern\u00e9es en cas de litige. Cependant, l\u2019exportateur des donn\u00e9es pourra se retourner contre l\u2019importateur des donn\u00e9es en cas de litige.<\/p>\n<p style=\"text-align: justify;\">Ces contrats doivent \u00eatre discut\u00e9s avec les services juridiques des diff\u00e9rentes entreprises impliqu\u00e9es.<\/p>\n<ul style=\"text-align: justify;\">\n<li>Si des <a href=\"http:\/\/www.cnil.fr\/vos-obligations\/transfert-de-donnees-hors-ue\/les-bcr\/\" target=\"_blank\" rel=\"noopener noreferrer\">r\u00e8gles internes d\u2019entreprises<\/a> ou Binding Corporate Rules (BCR)\u00a0ont \u00e9t\u00e9 adopt\u00e9es. Ces r\u00e8gles constituent un code de conduite dans le cadre de transferts de donn\u00e9es au sein d\u2019une m\u00eame entreprise ou d\u2019un m\u00eame groupe. Cela concerne donc les multinationales qui transf\u00e8rent des donn\u00e9es vers des pays tiers. L\u00e0 encore, il faudra t\u2019informer aupr\u00e8s du service juridique de ton entreprise si tu es concern\u00e9 par ces r\u00e8gles.<\/li>\n<\/ul>\n<p style=\"text-align: justify;\">Si de tels contrats ou r\u00e8gles de conduites ont \u00e9t\u00e9 mis en place et que ton \u00e9tude est conforme aux autres dispositions de la MR-001 ou MR-002, alors le transfert de donn\u00e9es sera possible.<\/p>\n<p style=\"text-align: justify;\">Voici un \u00e9tat des lieux des r\u00e8gles d\u00e9finissant les \u00e9changes de donn\u00e9es personnelles aux Etats-Unis \u00e0 ce jour. Cela va \u00e9voluer prochainement et la CNIL a indiqu\u00e9 diffuser prochainement des notes d\u2019informations afin de clarifier la situation. De m\u00eame, un nouvel accord devra \u00eatre trouv\u00e9 avant le 31 janvier 2016, peut-\u00eatre un \u00ab\u00a0Safe Harbor version 2\u00a0\u00bb plus exigeant que le pr\u00e9c\u00e9dent, ou d\u2019autres dispositifs permettant un transfert de donn\u00e9es en touet s\u00e9curit\u00e9. Sur le blog de la Recherche Clinique, nous allons suivre cela de pr\u00e8s et nous ne manquerons pas de vous faire part de toute nouvelle information concernant ces transferts de donn\u00e9es personnelles.<\/p>\n<p style=\"text-align: justify;\">Cet article constitue une analyse des communiqu\u00e9s de la CNIL. Nous ne sommes pas juristes, pour toute question, je t\u2019invite vivement \u00e0 contacter un juriste sp\u00e9cialis\u00e9 dans ces questions. Par exemple, le cabinet Delsol Avocats a un d\u00e9partement \u00ab\u00a0sciences du vivant\u00a0\u00bb <a href=\"http:\/\/www.delsolavocats.com\/fr\/departements\/sciences-du-vivant.html\" target=\"_blank\" rel=\"noopener noreferrer\">ici<\/a>.<\/p>\n<p style=\"text-align: justify;\">Sources : CNIL :<\/p>\n<p style=\"text-align: justify;\">Transfert des donn\u00e9es personnelles hors UE\u00a0<a href=\"http:\/\/www.cnil.fr\/vos-obligations\/transfert-de-donnees-hors-ue\/\" target=\"_blank\" rel=\"noopener noreferrer\">ici<\/a>,<br \/>\nLoi Informatique et libert\u00e9s\u00a0<a href=\"http:\/\/www.cnil.fr\" target=\"_blank\" rel=\"noopener noreferrer\">l\u00e0<br \/>\n<\/a>M\u00e9thodologies de r\u00e9f\u00e9rences\u00a0<a href=\"http:\/\/www.cnil.fr\" target=\"_blank\" rel=\"noopener noreferrer\">l\u00e0<\/a><\/p>\n<p style=\"text-align: justify;\">Tu peux te rendre sur la page Facebook du \u00ab\u00a0Blog de la Recherche Clinique\u00a0\u00bb et de \u00ab\u00a0Pharmaspecific\u00a0\u00bb et cliquer sur \u00ab\u00a0J\u2019aime\u00a0\u00bb pour faire partie de notre cercle de professionnels.<\/p>\n<p style=\"text-align: justify;\">Retrouve\u00a0\u00ab\u00a0Pharmaspecific\u00a0\u00bb et\u00a0\u00ab\u00a0Vanessa Montanari\u00a0\u00bb \u00a0sur LinkedIn pour avoir plus d\u2019\u2019actualit\u00e9s en recherche clinique en cliquant\u00a0<a href=\"https:\/\/www.linkedin.com\/company\/pharmaspecific\/\">ici<\/a>\u00a0et\u00a0<a href=\"https:\/\/www.linkedin.com\/in\/vanessamontanari\/\">ici<\/a><\/p>\n<p style=\"text-align: justify;\">Retrouve nous \u00e9galement sur Viadeo en cliquant\u00a0<a href=\"http:\/\/fr.viadeo.com\/fr\/company\/pharmaspecific\">ici<\/a>\u00a0et\u00a0<a href=\"https:\/\/viadeo.journaldunet.com\/p\/vanessa-montanari-820852\">ici<\/a><\/p>\n<hr \/>\n<p class=\"p1\" style=\"text-align: center;\"><span class=\"s1\"><b><i>Vous avez besoin d\u2019une prestation en recherche clinique? contactez PHARMASPECIFIC en vous rendant sur notre site en cliquant ici : <\/i><\/b><a href=\"https:\/\/pharmaspecific.com\/devis\"><span class=\"s2\"><b><i>https:\/\/pharmaspecific.com\/devis<\/i><\/b><\/span><\/a><\/span><\/p>\n<p class=\"p1\" style=\"text-align: center;\"><span class=\"s1\"><i>Si tu as des questions sur le m\u00e9tier d\u2019attach\u00e9 de recherche clinique ou sur une carri\u00e8re dans la recherche clinique, tu peux la mettre dans les commentaires ci-dessous. Nous te r\u00e9pondrons dans les plus brefs d\u00e9lais.<\/i><\/span><\/p>\n<p class=\"p1\" style=\"text-align: center;\"><span class=\"s1\"><i>Si tu veux \u00eatre coach\u00e9, si tu veux une r\u00e9ponse personnalis\u00e9e \u00e0 tes questions ou \u00eatre en contact avec d\u2019autres professionnels de la recherche clinique, tu peux te rendre sur <\/i><a href=\"https:\/\/pharmaspecific-training.com\/\"><span class=\"s2\"><i>https:\/\/pharmaspecific-training.com\/<\/i><\/span><\/a><\/span><\/p>","protected":false},"excerpt":{"rendered":"<p>Savais tu que l\u2019accord commercial reliant l\u2019Espace Economique Europ\u00e9en et les Etats-Unis avait \u00e9t\u00e9 invalid\u00e9 et que les transferts de donn\u00e9es personnelles r\u00e9alis\u00e9s dans le cadre du Safe Harbor n\u2019\u00e9taient plus autoris\u00e9s ? Voici concr\u00e8tement ce que cela implique pour tes essais.<\/p>","protected":false},"author":4,"featured_media":13932,"comment_status":"open","ping_status":"open","sticky":false,"template":"","format":"standard","meta":{"om_disable_all_campaigns":false,"rop_custom_images_group":[],"rop_custom_messages_group":[],"rop_publish_now":"initial","rop_publish_now_accounts":{"facebook_122143508198123560_331463380343150":""},"rop_publish_now_history":[],"rop_publish_now_status":"pending","_sitemap_exclude":false,"_sitemap_priority":"","_sitemap_frequency":"","_exactmetrics_skip_tracking":false,"_exactmetrics_sitenote_active":false,"_exactmetrics_sitenote_note":"","_exactmetrics_sitenote_category":0,"_jetpack_memberships_contains_paid_content":false,"footnotes":""},"categories":[389],"tags":[135,145,201,77,146,202,147],"class_list":{"0":"post-13931","1":"post","2":"type-post","3":"status-publish","4":"format-standard","5":"has-post-thumbnail","7":"category-reglementaires","8":"tag-chef-de-projet","9":"tag-cnil","10":"tag-donnees-personnelles","11":"tag-juriste-sante","12":"tag-mr-001","13":"tag-safe-harbor","14":"tag-soumission-reglementaire"},"translation":{"provider":"WPGlobus","version":"3.0.2","language":"en","enabled_languages":["fr","en"],"languages":{"fr":{"title":true,"content":true,"excerpt":true},"en":{"title":false,"content":false,"excerpt":false}}},"yoast_head":"<!-- This site is optimized with the Yoast SEO plugin v26.9 - https:\/\/yoast.com\/product\/yoast-seo-wordpress\/ -->\n<title>Safe Harbor : transfert de donn\u00e9es personnelles non valid\u00e9<\/title>\n<meta name=\"robots\" content=\"index, follow, max-snippet:-1, max-image-preview:large, max-video-preview:-1\" \/>\n<link rel=\"canonical\" href=\"https:\/\/blogdelarechercheclinique.com\/en\/safe-harbor-transfert-donnees-personnelles\/\" \/>\n<meta property=\"og:locale\" content=\"en_US\" \/>\n<meta property=\"og:type\" content=\"article\" \/>\n<meta property=\"og:title\" content=\"Safe Harbor : transfert de donn\u00e9es personnelles non valid\u00e9 -\" \/>\n<meta property=\"og:url\" content=\"https:\/\/blogdelarechercheclinique.com\/en\/safe-harbor-transfert-donnees-personnelles\/\" \/>\n<meta property=\"article:publisher\" content=\"https:\/\/www.facebook.com\/blogdelarechercheclinique\" \/>\n<meta property=\"article:published_time\" content=\"2015-11-04T18:18:12+00:00\" \/>\n<meta property=\"article:modified_time\" content=\"2024-05-23T07:09:17+00:00\" \/>\n<meta property=\"og:image\" content=\"https:\/\/i0.wp.com\/blogdelarechercheclinique.com\/blog-contenu\/uploads\/2024\/05\/safe-harbor.jpg?fit=300%2C225&ssl=1\" \/>\n\t<meta property=\"og:image:width\" content=\"300\" \/>\n\t<meta property=\"og:image:height\" content=\"225\" \/>\n\t<meta property=\"og:image:type\" content=\"image\/jpeg\" \/>\n<meta name=\"author\" content=\"Vanessa Montanari\" \/>\n<meta name=\"twitter:card\" content=\"summary_large_image\" \/>\n<meta name=\"twitter:label1\" content=\"Written by\" \/>\n\t<meta name=\"twitter:data1\" content=\"Vanessa Montanari\" \/>\n\t<meta name=\"twitter:label2\" content=\"Est. reading time\" \/>\n\t<meta name=\"twitter:data2\" content=\"8 minutes\" \/>\n<script type=\"application\/ld+json\" class=\"yoast-schema-graph\">{\"@context\":\"https:\/\/schema.org\",\"@graph\":[{\"@type\":\"Article\",\"@id\":\"https:\/\/blogdelarechercheclinique.com\/safe-harbor-transfert-donnees-personnelles\/#article\",\"isPartOf\":{\"@id\":\"https:\/\/blogdelarechercheclinique.com\/safe-harbor-transfert-donnees-personnelles\/\"},\"author\":{\"name\":\"Vanessa Montanari\",\"@id\":\"https:\/\/blogdelarechercheclinique.com\/#\/schema\/person\/13ee3f7a1251afe7e98918a482685938\"},\"headline\":\"Safe Harbor : transfert de donn\u00e9es personnelles non valid\u00e9\",\"datePublished\":\"2015-11-04T18:18:12+00:00\",\"dateModified\":\"2024-05-23T07:09:17+00:00\",\"mainEntityOfPage\":{\"@id\":\"https:\/\/blogdelarechercheclinique.com\/safe-harbor-transfert-donnees-personnelles\/\"},\"wordCount\":1689,\"commentCount\":0,\"publisher\":{\"@id\":\"https:\/\/blogdelarechercheclinique.com\/#organization\"},\"image\":{\"@id\":\"https:\/\/blogdelarechercheclinique.com\/safe-harbor-transfert-donnees-personnelles\/#primaryimage\"},\"thumbnailUrl\":\"https:\/\/i0.wp.com\/blogdelarechercheclinique.com\/blog-contenu\/uploads\/2024\/05\/safe-harbor.jpg?fit=300%2C225&ssl=1\",\"keywords\":[\"chef de projet\",\"CNIL\",\"Donn\u00e9es personnelles\",\"juriste sant\u00e9\",\"MR-001\",\"Safe Harbor\",\"soumission r\u00e8glementaire\"],\"articleSection\":[\"Les r\u00e8glementaires\"],\"inLanguage\":\"en-US\",\"potentialAction\":[{\"@type\":\"CommentAction\",\"name\":\"Comment\",\"target\":[\"https:\/\/blogdelarechercheclinique.com\/safe-harbor-transfert-donnees-personnelles\/#respond\"]}]},{\"@type\":\"WebPage\",\"@id\":\"https:\/\/blogdelarechercheclinique.com\/safe-harbor-transfert-donnees-personnelles\/\",\"url\":\"https:\/\/blogdelarechercheclinique.com\/safe-harbor-transfert-donnees-personnelles\/\",\"name\":\"Safe Harbor : transfert de donn\u00e9es personnelles non valid\u00e9\",\"isPartOf\":{\"@id\":\"https:\/\/blogdelarechercheclinique.com\/#website\"},\"primaryImageOfPage\":{\"@id\":\"https:\/\/blogdelarechercheclinique.com\/safe-harbor-transfert-donnees-personnelles\/#primaryimage\"},\"image\":{\"@id\":\"https:\/\/blogdelarechercheclinique.com\/safe-harbor-transfert-donnees-personnelles\/#primaryimage\"},\"thumbnailUrl\":\"https:\/\/i0.wp.com\/blogdelarechercheclinique.com\/blog-contenu\/uploads\/2024\/05\/safe-harbor.jpg?fit=300%2C225&ssl=1\",\"datePublished\":\"2015-11-04T18:18:12+00:00\",\"dateModified\":\"2024-05-23T07:09:17+00:00\",\"description\":\"Tu as des \u00e9tudes en cours et tu transf\u00e8res certaines informations aux Etats-Unis, que ce soit le promoteur ou des sous-traitants ? Le Safe Harbor\",\"breadcrumb\":{\"@id\":\"https:\/\/blogdelarechercheclinique.com\/safe-harbor-transfert-donnees-personnelles\/#breadcrumb\"},\"inLanguage\":\"en-US\",\"potentialAction\":[{\"@type\":\"ReadAction\",\"target\":[\"https:\/\/blogdelarechercheclinique.com\/safe-harbor-transfert-donnees-personnelles\/\"]}]},{\"@type\":\"ImageObject\",\"inLanguage\":\"en-US\",\"@id\":\"https:\/\/blogdelarechercheclinique.com\/safe-harbor-transfert-donnees-personnelles\/#primaryimage\",\"url\":\"https:\/\/i0.wp.com\/blogdelarechercheclinique.com\/blog-contenu\/uploads\/2024\/05\/safe-harbor.jpg?fit=300%2C225&ssl=1\",\"contentUrl\":\"https:\/\/i0.wp.com\/blogdelarechercheclinique.com\/blog-contenu\/uploads\/2024\/05\/safe-harbor.jpg?fit=300%2C225&ssl=1\",\"width\":300,\"height\":225,\"caption\":\"Invalidation safe harbor\"},{\"@type\":\"BreadcrumbList\",\"@id\":\"https:\/\/blogdelarechercheclinique.com\/safe-harbor-transfert-donnees-personnelles\/#breadcrumb\",\"itemListElement\":[{\"@type\":\"ListItem\",\"position\":1,\"name\":\"Accueil\",\"item\":\"https:\/\/blogdelarechercheclinique.com\/\"},{\"@type\":\"ListItem\",\"position\":2,\"name\":\"Safe Harbor : transfert de donn\u00e9es personnelles non valid\u00e9\"}]},{\"@type\":\"WebSite\",\"@id\":\"https:\/\/blogdelarechercheclinique.com\/#website\",\"url\":\"https:\/\/blogdelarechercheclinique.com\/\",\"name\":\"Blog de la recherche clinique\",\"description\":\"\",\"publisher\":{\"@id\":\"https:\/\/blogdelarechercheclinique.com\/#organization\"},\"potentialAction\":[{\"@type\":\"SearchAction\",\"target\":{\"@type\":\"EntryPoint\",\"urlTemplate\":\"https:\/\/blogdelarechercheclinique.com\/?s={search_term_string}\"},\"query-input\":{\"@type\":\"PropertyValueSpecification\",\"valueRequired\":true,\"valueName\":\"search_term_string\"}}],\"inLanguage\":\"en-US\"},{\"@type\":\"Organization\",\"@id\":\"https:\/\/blogdelarechercheclinique.com\/#organization\",\"name\":\"Blog de la recherche clinique\",\"url\":\"https:\/\/blogdelarechercheclinique.com\/\",\"logo\":{\"@type\":\"ImageObject\",\"inLanguage\":\"en-US\",\"@id\":\"https:\/\/blogdelarechercheclinique.com\/#\/schema\/logo\/image\/\",\"url\":\"https:\/\/i0.wp.com\/blogdelarechercheclinique.com\/blog-contenu\/uploads\/2024\/04\/cropped-BLOG-logo.png?fit=512%2C512&ssl=1\",\"contentUrl\":\"https:\/\/i0.wp.com\/blogdelarechercheclinique.com\/blog-contenu\/uploads\/2024\/04\/cropped-BLOG-logo.png?fit=512%2C512&ssl=1\",\"width\":512,\"height\":512,\"caption\":\"Blog de la recherche clinique\"},\"image\":{\"@id\":\"https:\/\/blogdelarechercheclinique.com\/#\/schema\/logo\/image\/\"},\"sameAs\":[\"https:\/\/www.facebook.com\/blogdelarechercheclinique\"]},{\"@type\":\"Person\",\"@id\":\"https:\/\/blogdelarechercheclinique.com\/#\/schema\/person\/13ee3f7a1251afe7e98918a482685938\",\"name\":\"Vanessa Montanari\",\"image\":{\"@type\":\"ImageObject\",\"inLanguage\":\"en-US\",\"@id\":\"https:\/\/blogdelarechercheclinique.com\/#\/schema\/person\/image\/\",\"url\":\"https:\/\/secure.gravatar.com\/avatar\/ddf428208f542d6c2239ace6606ebe9beb71049642a9c784967f23e4e76e8efc?s=96&d=mm&r=g\",\"contentUrl\":\"https:\/\/secure.gravatar.com\/avatar\/ddf428208f542d6c2239ace6606ebe9beb71049642a9c784967f23e4e76e8efc?s=96&d=mm&r=g\",\"caption\":\"Vanessa Montanari\"},\"url\":\"https:\/\/blogdelarechercheclinique.com\/en\/author\/vanessa\/\"}]}<\/script>\n<!-- \/ Yoast SEO plugin. -->","yoast_head_json":{"title":"Safe Harbor : transfert de donn\u00e9es personnelles non valid\u00e9","robots":{"index":"index","follow":"follow","max-snippet":"max-snippet:-1","max-image-preview":"max-image-preview:large","max-video-preview":"max-video-preview:-1"},"canonical":"https:\/\/blogdelarechercheclinique.com\/en\/safe-harbor-transfert-donnees-personnelles\/","og_locale":"en_US","og_type":"article","og_title":"Safe Harbor : transfert de donn\u00e9es personnelles non valid\u00e9 -","og_url":"https:\/\/blogdelarechercheclinique.com\/en\/safe-harbor-transfert-donnees-personnelles\/","article_publisher":"https:\/\/www.facebook.com\/blogdelarechercheclinique","article_published_time":"2015-11-04T18:18:12+00:00","article_modified_time":"2024-05-23T07:09:17+00:00","og_image":[{"width":300,"height":225,"url":"https:\/\/i0.wp.com\/blogdelarechercheclinique.com\/blog-contenu\/uploads\/2024\/05\/safe-harbor.jpg?fit=300%2C225&ssl=1","type":"image\/jpeg"}],"author":"Vanessa Montanari","twitter_card":"summary_large_image","twitter_misc":{"Written by":"Vanessa Montanari","Est. reading time":"8 minutes"},"schema":{"@context":"https:\/\/schema.org","@graph":[{"@type":"Article","@id":"https:\/\/blogdelarechercheclinique.com\/safe-harbor-transfert-donnees-personnelles\/#article","isPartOf":{"@id":"https:\/\/blogdelarechercheclinique.com\/safe-harbor-transfert-donnees-personnelles\/"},"author":{"name":"Vanessa Montanari","@id":"https:\/\/blogdelarechercheclinique.com\/#\/schema\/person\/13ee3f7a1251afe7e98918a482685938"},"headline":"Safe Harbor : transfert de donn\u00e9es personnelles non valid\u00e9","datePublished":"2015-11-04T18:18:12+00:00","dateModified":"2024-05-23T07:09:17+00:00","mainEntityOfPage":{"@id":"https:\/\/blogdelarechercheclinique.com\/safe-harbor-transfert-donnees-personnelles\/"},"wordCount":1689,"commentCount":0,"publisher":{"@id":"https:\/\/blogdelarechercheclinique.com\/#organization"},"image":{"@id":"https:\/\/blogdelarechercheclinique.com\/safe-harbor-transfert-donnees-personnelles\/#primaryimage"},"thumbnailUrl":"https:\/\/i0.wp.com\/blogdelarechercheclinique.com\/blog-contenu\/uploads\/2024\/05\/safe-harbor.jpg?fit=300%2C225&ssl=1","keywords":["chef de projet","CNIL","Donn\u00e9es personnelles","juriste sant\u00e9","MR-001","Safe Harbor","soumission r\u00e8glementaire"],"articleSection":["Les r\u00e8glementaires"],"inLanguage":"en-US","potentialAction":[{"@type":"CommentAction","name":"Comment","target":["https:\/\/blogdelarechercheclinique.com\/safe-harbor-transfert-donnees-personnelles\/#respond"]}]},{"@type":"WebPage","@id":"https:\/\/blogdelarechercheclinique.com\/safe-harbor-transfert-donnees-personnelles\/","url":"https:\/\/blogdelarechercheclinique.com\/safe-harbor-transfert-donnees-personnelles\/","name":"Safe Harbor : transfert de donn\u00e9es personnelles non valid\u00e9","isPartOf":{"@id":"https:\/\/blogdelarechercheclinique.com\/#website"},"primaryImageOfPage":{"@id":"https:\/\/blogdelarechercheclinique.com\/safe-harbor-transfert-donnees-personnelles\/#primaryimage"},"image":{"@id":"https:\/\/blogdelarechercheclinique.com\/safe-harbor-transfert-donnees-personnelles\/#primaryimage"},"thumbnailUrl":"https:\/\/i0.wp.com\/blogdelarechercheclinique.com\/blog-contenu\/uploads\/2024\/05\/safe-harbor.jpg?fit=300%2C225&ssl=1","datePublished":"2015-11-04T18:18:12+00:00","dateModified":"2024-05-23T07:09:17+00:00","description":"Tu as des \u00e9tudes en cours et tu transf\u00e8res certaines informations aux Etats-Unis, que ce soit le promoteur ou des sous-traitants ? Le Safe Harbor","breadcrumb":{"@id":"https:\/\/blogdelarechercheclinique.com\/safe-harbor-transfert-donnees-personnelles\/#breadcrumb"},"inLanguage":"en-US","potentialAction":[{"@type":"ReadAction","target":["https:\/\/blogdelarechercheclinique.com\/safe-harbor-transfert-donnees-personnelles\/"]}]},{"@type":"ImageObject","inLanguage":"en-US","@id":"https:\/\/blogdelarechercheclinique.com\/safe-harbor-transfert-donnees-personnelles\/#primaryimage","url":"https:\/\/i0.wp.com\/blogdelarechercheclinique.com\/blog-contenu\/uploads\/2024\/05\/safe-harbor.jpg?fit=300%2C225&ssl=1","contentUrl":"https:\/\/i0.wp.com\/blogdelarechercheclinique.com\/blog-contenu\/uploads\/2024\/05\/safe-harbor.jpg?fit=300%2C225&ssl=1","width":300,"height":225,"caption":"Invalidation safe harbor"},{"@type":"BreadcrumbList","@id":"https:\/\/blogdelarechercheclinique.com\/safe-harbor-transfert-donnees-personnelles\/#breadcrumb","itemListElement":[{"@type":"ListItem","position":1,"name":"Accueil","item":"https:\/\/blogdelarechercheclinique.com\/"},{"@type":"ListItem","position":2,"name":"Safe Harbor : transfert de donn\u00e9es personnelles non valid\u00e9"}]},{"@type":"WebSite","@id":"https:\/\/blogdelarechercheclinique.com\/#website","url":"https:\/\/blogdelarechercheclinique.com\/","name":"Blog de la recherche clinique","description":"","publisher":{"@id":"https:\/\/blogdelarechercheclinique.com\/#organization"},"potentialAction":[{"@type":"SearchAction","target":{"@type":"EntryPoint","urlTemplate":"https:\/\/blogdelarechercheclinique.com\/?s={search_term_string}"},"query-input":{"@type":"PropertyValueSpecification","valueRequired":true,"valueName":"search_term_string"}}],"inLanguage":"en-US"},{"@type":"Organization","@id":"https:\/\/blogdelarechercheclinique.com\/#organization","name":"Blog de la recherche clinique","url":"https:\/\/blogdelarechercheclinique.com\/","logo":{"@type":"ImageObject","inLanguage":"en-US","@id":"https:\/\/blogdelarechercheclinique.com\/#\/schema\/logo\/image\/","url":"https:\/\/i0.wp.com\/blogdelarechercheclinique.com\/blog-contenu\/uploads\/2024\/04\/cropped-BLOG-logo.png?fit=512%2C512&ssl=1","contentUrl":"https:\/\/i0.wp.com\/blogdelarechercheclinique.com\/blog-contenu\/uploads\/2024\/04\/cropped-BLOG-logo.png?fit=512%2C512&ssl=1","width":512,"height":512,"caption":"Blog de la recherche clinique"},"image":{"@id":"https:\/\/blogdelarechercheclinique.com\/#\/schema\/logo\/image\/"},"sameAs":["https:\/\/www.facebook.com\/blogdelarechercheclinique"]},{"@type":"Person","@id":"https:\/\/blogdelarechercheclinique.com\/#\/schema\/person\/13ee3f7a1251afe7e98918a482685938","name":"Vanessa Montanari","image":{"@type":"ImageObject","inLanguage":"en-US","@id":"https:\/\/blogdelarechercheclinique.com\/#\/schema\/person\/image\/","url":"https:\/\/secure.gravatar.com\/avatar\/ddf428208f542d6c2239ace6606ebe9beb71049642a9c784967f23e4e76e8efc?s=96&d=mm&r=g","contentUrl":"https:\/\/secure.gravatar.com\/avatar\/ddf428208f542d6c2239ace6606ebe9beb71049642a9c784967f23e4e76e8efc?s=96&d=mm&r=g","caption":"Vanessa Montanari"},"url":"https:\/\/blogdelarechercheclinique.com\/en\/author\/vanessa\/"}]}},"jetpack_featured_media_url":"https:\/\/i0.wp.com\/blogdelarechercheclinique.com\/blog-contenu\/uploads\/2024\/05\/safe-harbor.jpg?fit=300%2C225&ssl=1","jetpack-related-posts":[{"id":14403,"url":"https:\/\/blogdelarechercheclinique.com\/en\/seisme-invalidation-privacy-shield-recherche-clinique\/","url_meta":{"origin":13931,"position":0},"title":"Le s\u00e9isme: invalidation du privacy shield et recherche clinique","author":"Vanessa Montanari","date":"11 June 2024","format":false,"excerpt":"Aujourd'hui, on va aborder le th\u00e8me de la protection des donn\u00e9es personnelles \u00e0 travers l'invalidation du privacy shield.","rel":"","context":"In &quot;Jeux - \u00e9v\u00e8nements&quot;","block_context":{"text":"Jeux - \u00e9v\u00e8nements","link":"https:\/\/blogdelarechercheclinique.com\/en\/category\/jeux-evenements\/"},"img":{"alt_text":"Privacy shield","src":"https:\/\/i0.wp.com\/blogdelarechercheclinique.com\/blog-contenu\/uploads\/2024\/06\/invalidation-privacy-shield.png?fit=552%2C307&ssl=1&resize=350%2C200","width":350,"height":200,"srcset":"https:\/\/i0.wp.com\/blogdelarechercheclinique.com\/blog-contenu\/uploads\/2024\/06\/invalidation-privacy-shield.png?fit=552%2C307&ssl=1&resize=350%2C200 1x, https:\/\/i0.wp.com\/blogdelarechercheclinique.com\/blog-contenu\/uploads\/2024\/06\/invalidation-privacy-shield.png?fit=552%2C307&ssl=1&resize=525%2C300 1.5x"},"classes":[]},{"id":12758,"url":"https:\/\/blogdelarechercheclinique.com\/en\/cadre-transatlantique-transfert-donnees-clinique\/","url_meta":{"origin":13931,"position":1},"title":"CADRE TRANSATLANTIQUE: TRANSFERT DE DONN\u00c9ES CLINIQUE","author":"Vanessa Montanari","date":"13 November 2023","format":false,"excerpt":"A l\u2019aube des ann\u00e9es 2000,\u202fun ensemble de principes appel\u00e9 \u00ab\u202fSafe Harbor\u202f\u00bb, avait \u00e9t\u00e9 mis en place afin de permettre \u00e0 certaines entreprises am\u00e9ricaines de certifier qu\u2019elles \u00e9taient conformes \u00e0 la l\u00e9gislation de l\u2019Union europ\u00e9enne. Cette certification leur permettait donc d\u2019obtenir l\u2019autorisation de transfert pour les donn\u00e9es cliniques de l\u2019Union europ\u00e9enne\u2026","rel":"","context":"In &quot;Les r\u00e8glementaires&quot;","block_context":{"text":"Les r\u00e8glementaires","link":"https:\/\/blogdelarechercheclinique.com\/en\/category\/reglementaires\/"},"img":{"alt_text":"Le cadre transatlantique et son histoire de protection de donn\u00e9es","src":"https:\/\/i0.wp.com\/blogdelarechercheclinique.com\/blog-contenu\/uploads\/2023\/11\/Data-transfert.png?fit=848%2C1200&ssl=1&resize=350%2C200","width":350,"height":200,"srcset":"https:\/\/i0.wp.com\/blogdelarechercheclinique.com\/blog-contenu\/uploads\/2023\/11\/Data-transfert.png?fit=848%2C1200&ssl=1&resize=350%2C200 1x, https:\/\/i0.wp.com\/blogdelarechercheclinique.com\/blog-contenu\/uploads\/2023\/11\/Data-transfert.png?fit=848%2C1200&ssl=1&resize=525%2C300 1.5x, https:\/\/i0.wp.com\/blogdelarechercheclinique.com\/blog-contenu\/uploads\/2023\/11\/Data-transfert.png?fit=848%2C1200&ssl=1&resize=700%2C400 2x"},"classes":[]},{"id":1459,"url":"https:\/\/blogdelarechercheclinique.com\/en\/invalidation-safe-harbor\/","url_meta":{"origin":13931,"position":2},"title":"Invalidation of Safe Harbor, what to do?","author":"Vanessa Montanari","date":"4 November 2015","format":false,"excerpt":"Did you know that the trade agreement between the European Economic Area and the United States had been invalidated and that personal data transfers made under the Safe Harbor framework were not allowed? Here concretely what this means for your tests.","rel":"","context":"In &quot;Les r\u00e8glementaires&quot;","block_context":{"text":"Les r\u00e8glementaires","link":"https:\/\/blogdelarechercheclinique.com\/en\/category\/reglementaires\/"},"img":{"alt_text":"Personal datas transfer to USA","src":"https:\/\/i0.wp.com\/blogdelarechercheclinique.com\/blog-contenu\/uploads\/2015\/11\/safe-harbour.png?fit=777%2C557&ssl=1&resize=350%2C200","width":350,"height":200,"srcset":"https:\/\/i0.wp.com\/blogdelarechercheclinique.com\/blog-contenu\/uploads\/2015\/11\/safe-harbour.png?fit=777%2C557&ssl=1&resize=350%2C200 1x, https:\/\/i0.wp.com\/blogdelarechercheclinique.com\/blog-contenu\/uploads\/2015\/11\/safe-harbour.png?fit=777%2C557&ssl=1&resize=525%2C300 1.5x, https:\/\/i0.wp.com\/blogdelarechercheclinique.com\/blog-contenu\/uploads\/2015\/11\/safe-harbour.png?fit=777%2C557&ssl=1&resize=700%2C400 2x"},"classes":[]},{"id":13926,"url":"https:\/\/blogdelarechercheclinique.com\/en\/mr-002-nouvelle-methode-reference-recherche-clinique\/","url_meta":{"origin":13931,"position":3},"title":"MR-002 : la nouvelle m\u00e9thode de r\u00e9f\u00e9rence en recherche clinique","author":"Vanessa Montanari","date":"11 November 2015","format":false,"excerpt":"Une nouvelle m\u00e9thodologie de r\u00e9f\u00e9rence, la MR-002, a \u00e9t\u00e9 cr\u00e9\u00e9e\u00a0? Elle a \u00e9t\u00e9 publi\u00e9e au Journal Officiel le 22 ao\u00fbt dernier. Dans cet article nous allons t\u2019expliquer en quoi elle consiste.","rel":"","context":"In &quot;Les r\u00e8glementaires&quot;","block_context":{"text":"Les r\u00e8glementaires","link":"https:\/\/blogdelarechercheclinique.com\/en\/category\/reglementaires\/"},"img":{"alt_text":"Nouvelle m\u00e9thode de r\u00e9f\u00e9rence","src":"https:\/\/i0.wp.com\/blogdelarechercheclinique.com\/blog-contenu\/uploads\/2015\/11\/Encadrement-MR002.png?fit=851%2C565&ssl=1&resize=350%2C200","width":350,"height":200,"srcset":"https:\/\/i0.wp.com\/blogdelarechercheclinique.com\/blog-contenu\/uploads\/2015\/11\/Encadrement-MR002.png?fit=851%2C565&ssl=1&resize=350%2C200 1x, https:\/\/i0.wp.com\/blogdelarechercheclinique.com\/blog-contenu\/uploads\/2015\/11\/Encadrement-MR002.png?fit=851%2C565&ssl=1&resize=525%2C300 1.5x, https:\/\/i0.wp.com\/blogdelarechercheclinique.com\/blog-contenu\/uploads\/2015\/11\/Encadrement-MR002.png?fit=851%2C565&ssl=1&resize=700%2C400 2x"},"classes":[]},{"id":11536,"url":"https:\/\/blogdelarechercheclinique.com\/en\/invalidating-privacy-shield-clinical-researc\/","url_meta":{"origin":13931,"position":4},"title":"The earthquake:  Invalidating the Privacy Shield and clinical research (Now, what?)","author":"Vanessa Montanari","date":"22 November 2020","format":false,"excerpt":"Hello everyone, this is Manon Durand, health lawyer with Pharmaspecific. Today, we are going to talk about the protection of personal data through the invalidation of the privacy shield.","rel":"","context":"In &quot;Clinical Research News&quot;","block_context":{"text":"Clinical Research News","link":"https:\/\/blogdelarechercheclinique.com\/en\/category\/clinical-research-news\/"},"img":{"alt_text":"Privacy shield","src":"https:\/\/i0.wp.com\/blogdelarechercheclinique.com\/blog-contenu\/uploads\/2024\/06\/invalidation-privacy-shield.png?fit=552%2C307&ssl=1&resize=350%2C200","width":350,"height":200,"srcset":"https:\/\/i0.wp.com\/blogdelarechercheclinique.com\/blog-contenu\/uploads\/2024\/06\/invalidation-privacy-shield.png?fit=552%2C307&ssl=1&resize=350%2C200 1x, https:\/\/i0.wp.com\/blogdelarechercheclinique.com\/blog-contenu\/uploads\/2024\/06\/invalidation-privacy-shield.png?fit=552%2C307&ssl=1&resize=525%2C300 1.5x"},"classes":[]},{"id":621,"url":"https:\/\/blogdelarechercheclinique.com\/en\/mr-001-explications\/","url_meta":{"origin":13931,"position":5},"title":"The MR-001, what is it and how to respect it?","author":"Vanessa Montanari","date":"10 February 2015","format":false,"excerpt":"{:fr}Article r\u00e9dig\u00e9 par la Soci\u00e9t\u00e9 Pharmaspecific, sp\u00e9cialiste en recherche clinique La MR-001, qu\u2019est-ce que c\u2019est et comment la respecter\u00a0? En tant qu\u2019ARC, nous sommes concern\u00e9s par l\u2019application de la MR-001 ou M\u00e9thodologie de R\u00e9f\u00e9rence. La MR-001 est une proc\u00e9dure servant \u00e0 simplifier la d\u00e9claration du traitement des donn\u00e9es, lors d\u2019essais\u2026","rel":"","context":"In &quot;Actualit\u00e9s de la recherche clinique&quot;","block_context":{"text":"Actualit\u00e9s de la recherche clinique","link":"https:\/\/blogdelarechercheclinique.com\/en\/category\/actualites-de-la-recherche-clinique\/"},"img":{"alt_text":"Pour tout savoir sur la MR-001 en un clic ! ","src":"https:\/\/i0.wp.com\/blogdelarechercheclinique.com\/wp-content\/uploads\/2015\/02\/0008552597P-1920x1280-Copie-300x200.jpg?resize=350%2C200","width":350,"height":200},"classes":[]}],"jetpack_sharing_enabled":true,"_links":{"self":[{"href":"https:\/\/blogdelarechercheclinique.com\/en\/wp-json\/wp\/v2\/posts\/13931","targetHints":{"allow":["GET"]}}],"collection":[{"href":"https:\/\/blogdelarechercheclinique.com\/en\/wp-json\/wp\/v2\/posts"}],"about":[{"href":"https:\/\/blogdelarechercheclinique.com\/en\/wp-json\/wp\/v2\/types\/post"}],"author":[{"embeddable":true,"href":"https:\/\/blogdelarechercheclinique.com\/en\/wp-json\/wp\/v2\/users\/4"}],"replies":[{"embeddable":true,"href":"https:\/\/blogdelarechercheclinique.com\/en\/wp-json\/wp\/v2\/comments?post=13931"}],"version-history":[{"count":1,"href":"https:\/\/blogdelarechercheclinique.com\/en\/wp-json\/wp\/v2\/posts\/13931\/revisions"}],"predecessor-version":[{"id":13933,"href":"https:\/\/blogdelarechercheclinique.com\/en\/wp-json\/wp\/v2\/posts\/13931\/revisions\/13933"}],"wp:featuredmedia":[{"embeddable":true,"href":"https:\/\/blogdelarechercheclinique.com\/en\/wp-json\/wp\/v2\/media\/13932"}],"wp:attachment":[{"href":"https:\/\/blogdelarechercheclinique.com\/en\/wp-json\/wp\/v2\/media?parent=13931"}],"wp:term":[{"taxonomy":"category","embeddable":true,"href":"https:\/\/blogdelarechercheclinique.com\/en\/wp-json\/wp\/v2\/categories?post=13931"},{"taxonomy":"post_tag","embeddable":true,"href":"https:\/\/blogdelarechercheclinique.com\/en\/wp-json\/wp\/v2\/tags?post=13931"}],"curies":[{"name":"wp","href":"https:\/\/api.w.org\/{rel}","templated":true}]}}