{"id":13938,"date":"2015-10-21T15:55:12","date_gmt":"2015-10-21T13:55:12","guid":{"rendered":"https:\/\/blogdelarechercheclinique.com\/?p=13938"},"modified":"2024-05-23T10:09:16","modified_gmt":"2024-05-23T08:09:16","slug":"mise-a-jour-et-consultation-publique-de-lich-e6","status":"publish","type":"post","link":"https:\/\/blogdelarechercheclinique.com\/en\/mise-a-jour-et-consultation-publique-de-lich-e6\/","title":{"rendered":"Mise \u00e0 jour et consultation publique de l&rsquo;ICH E6"},"content":{"rendered":"<p class=\"p1\"><span class=\"s1\"><i>Article r\u00e9dig\u00e9 par la Soci\u00e9t\u00e9 Pharmaspecific, sp\u00e9cialiste en recherche clinique<\/i><\/span><\/p>\n<h1 style=\"text-align: justify;\"><strong>Les ICH sur le bout des doigts<\/strong><\/h1>\n<p style=\"text-align: justify;\">En tant que TEC, ARC ou Chef de projet, tu dois connaitre sur le bout des doigts les ICH (International Conference on Harmonisation). Mais sais-tu qu\u2019en Juin dernier ce document a \u00e9t\u00e9 mis \u00e0 jour ? Si oui, c\u2019est parfait\u00a0! Si non, il est encore temps de te rattraper.<\/p>\n<p style=\"text-align: justify;\"><img data-recalc-dims=\"1\" decoding=\"async\" class=\"size-full wp-image-13939 aligncenter lazyload\" data-src=\"https:\/\/i0.wp.com\/blogdelarechercheclinique.com\/blog-contenu\/uploads\/2024\/05\/ICH.png?resize=1035%2C687&#038;ssl=1\" alt=\"Mise \u00e0 jour ICH E6\" width=\"1035\" height=\"687\" data-srcset=\"https:\/\/i0.wp.com\/blogdelarechercheclinique.com\/blog-contenu\/uploads\/2024\/05\/ICH.png?w=1035&amp;ssl=1 1035w, https:\/\/i0.wp.com\/blogdelarechercheclinique.com\/blog-contenu\/uploads\/2024\/05\/ICH.png?resize=300%2C199&amp;ssl=1 300w, https:\/\/i0.wp.com\/blogdelarechercheclinique.com\/blog-contenu\/uploads\/2024\/05\/ICH.png?resize=1024%2C680&amp;ssl=1 1024w, https:\/\/i0.wp.com\/blogdelarechercheclinique.com\/blog-contenu\/uploads\/2024\/05\/ICH.png?resize=768%2C510&amp;ssl=1 768w, https:\/\/i0.wp.com\/blogdelarechercheclinique.com\/blog-contenu\/uploads\/2024\/05\/ICH.png?resize=600%2C398&amp;ssl=1 600w\" data-sizes=\"(max-width: 1035px) 100vw, 1035px\" src=\"data:image\/svg+xml;base64,PHN2ZyB3aWR0aD0iMSIgaGVpZ2h0PSIxIiB4bWxucz0iaHR0cDovL3d3dy53My5vcmcvMjAwMC9zdmciPjwvc3ZnPg==\" style=\"--smush-placeholder-width: 1035px; --smush-placeholder-aspect-ratio: 1035\/687;\" \/><!--more-->Rassure-toi, il s\u2019agit pour le moment d\u2019une version brouillon \u00ab\u00a0ICH E6 R2\u00a0\u00bb de l\u2019addendum aux lignes directrices (Guideline) sur les BPC (= Bonnes Pratiques Cliniques). C\u2019est une version actualis\u00e9e pour consultation publique. La derni\u00e8re version date d\u2019il y a presque 20 ans d\u00e9j\u00e0 (1996\u00a0!) \u2026 depuis, la technologie a consid\u00e9rablement \u00e9volu\u00e9, et par cons\u00e9quent il \u00e9tait n\u00e9cessaire d\u2019adapter les ICH.\u00a0 . Dans cet article, nous te proposons un r\u00e9sum\u00e9 des principales modifications apport\u00e9es.<\/p>\n<h2 style=\"text-align: justify;\">1. L\u2019Investigateur<\/h2>\n<p style=\"text-align: justify;\">Dans cette nouvelle version des ICH, le r\u00f4le de l\u2019investigateur est renforc\u00e9. Pour rappel, l\u2019investigateur est responsable des membres de son \u00e9quipeauxquels il d\u00e9l\u00e8gue des t\u00e2ches. Il devra dor\u00e9navant mettre en place des proc\u00e9dures pour assurer l\u2019int\u00e9grit\u00e9 des t\u00e2ches r\u00e9alis\u00e9es par son \u00e9quipe et des donn\u00e9es g\u00e9n\u00e9r\u00e9es, \u00e9tant donn\u00e9 l\u2019\u00e9volution et l\u2019utilisation croissante des technologies et des syst\u00e8mes informatis\u00e9s.<\/p>\n<p style=\"text-align: justify;\">Quant \u00e0 la documentation, les principes des ICH s\u2019appliquent d\u00e9sormais aux documents sources (dans l\u2019ancienne version des ICH, ces principes \u00e9taient appliqu\u00e9s aux donn\u00e9es transmises au Promoteur, et non aux donn\u00e9es sources). Cela signifie que les donn\u00e9es sources doivent permettre l\u2019identification du sujet, elles doivent \u00eatre lisibles, r\u00e9centes, originales, exactes et compl\u00e8tes. Toute modification doit \u00eatre trac\u00e9e (c\u2019est le principe de l\u2019audit trail) et ne doit pas cacher la donn\u00e9e initiale. Elle doit \u00eatre expliqu\u00e9e si n\u00e9cessaire.<\/p>\n<p style=\"text-align: justify;\">Par ailleurs, l\u2019Investigateur doit avoir le contr\u00f4le de tout document essentiel qu\u2019il produit avant, pendant et apr\u00e8s l\u2019essai, ainsi que l\u2019acc\u00e8s en continue des donn\u00e9es transmises au promoteur.<\/p>\n<h2 style=\"text-align: justify;\">2. Le Promoteur<\/h2>\n<p style=\"text-align: justify;\">La plus grande modification de cette version des ICH concerne l\u2019ajout d\u2019une section sur le \u00ab\u00a0Quality management\u00a0\u00bb. Ce syst\u00e8me de gestion de la qualit\u00e9 passe par l\u2019\u00e9laboration de proc\u00e9dures par le promoteur. Ces proc\u00e9dures doivent \u00eatre int\u00e9gr\u00e9es \u00e0 toutes les \u00e9tapes de l\u2019essai clinique\u00a0et doivent prendre en compte la notion de \u00ab\u00a0risque\u00a0\u00bb pour les g\u00e9rer s\u2019ils se pr\u00e9sentent. Tu peux consulter <a href=\"https:\/\/blogdelarechercheclinique.com\/en\/le-risk-based-monitoring-une-nouvelle-approche-du-controle-qualite\/\">ici<\/a> l\u2018article qui a \u00e9t\u00e9 r\u00e9dig\u00e9 sur le blog \u00e0 ce sujet.<\/p>\n<p style=\"text-align: justify;\">Pour rappel, les risques doivent \u00eatre\u00a0:<br \/>\n&#8211; <strong>identifi\u00e9s\u00a0<\/strong>\u00e0 tous les niveaux du syst\u00e8me et de l\u2019essai clinique,<br \/>\n&#8211; <strong>\u00e9valu\u00e9s\u00a0<\/strong>: probabilit\u00e9, impact, ampleur\u2026,<br \/>\n&#8211; <strong>contr\u00f4l\u00e9s, <\/strong>dans la mesure du possible,<br \/>\n&#8211; <strong>communiqu\u00e9s,<br \/>\n<\/strong>&#8211; <strong>revus<\/strong>, pour une am\u00e9lioration continue durant les essais cliniques,<br \/>\n&#8211; <strong>report\u00e9s <\/strong>dans le rapport d\u2019essai clinique. En cas de non-conformit\u00e9 significative, et pour \u00e9viter que cela ne se reproduise, il est important que le promoteur analyse les causes et mette en place des actions correctrices et pr\u00e9ventives.<\/p>\n<p style=\"text-align: justify;\">Au vue de la place que prend le risque dans les essais cliniques, le monitoring avec une approche bas\u00e9e sur le risque, sera syst\u00e9matique et prioris\u00e9e. Cela concerne aussi bien le monitoring sur site que le monitoring centralis\u00e9.<\/p>\n<h2 style=\"text-align: justify;\">3. Et sinon\u2026 quelles sont les autres modifications\u00a0?<\/h2>\n<p style=\"text-align: justify;\">Les autres changements propos\u00e9s incluent\u00a0:<\/p>\n<ul>\n<li style=\"text-align: justify;\">des r\u00e9f\u00e9rences actualis\u00e9es concernant les dossiers \u00e9lectroniques et les documents essentiels, de fa\u00e7on \u00e0 augmenter la qualit\u00e9 et l\u2019efficacit\u00e9 des essais cliniques.<br \/>\nPar exemple, leur localisation doit \u00eatre document\u00e9e par l\u2019investigateur. En ce qui concerne les documents additionnels qui ne seraient pas mentionn\u00e9s sur la liste des documents essentiels, ils devront apparaitre sur celle du TMF (= Trial Master File) afin que celui-ci soit le plus complet possible. Dans le cas o\u00f9 un document original manquerait, une copie certifi\u00e9e pourra le remplacer, \u00e0 condition qu\u2019elle contienne exactement les m\u00eames informations et caract\u00e9ristiques que l&rsquo;original. La d\u00e9finition de \u00ab\u00a0Copie certifi\u00e9e\u00a0\u00bb a par ailleurs \u00e9t\u00e9 rajout\u00e9e dans cette derni\u00e8re version des ICH (partie Glossaire).<\/li>\n<li style=\"text-align: justify;\">des approches plus efficaces pour la conception, la conduite, la surveillance, l\u2019enregistrement des donn\u00e9es et le rapport des essais cliniques.<\/li>\n<li style=\"text-align: justify;\">l\u2019assurance d\u2019une protection continue des participants aux essais cliniques et de l\u2019int\u00e9grit\u00e9 des donn\u00e9es, au vue des d\u00e9veloppements de la technologie.<\/li>\n<\/ul>\n<p style=\"text-align: justify;\">Des modifications suppl\u00e9mentaires ont \u00e9t\u00e9 apport\u00e9es \u00e0 plusieurs sections de cette guideline, dont\u00a0:<\/p>\n<ul>\n<li style=\"text-align: justify;\">Monitoring plan (avec l\u2019ajout de sa d\u00e9finition dans la partie Glossaire)<\/li>\n<li style=\"text-align: justify;\">Validation des syst\u00e8mes informatis\u00e9s<\/li>\n<li style=\"text-align: justify;\">Promoteur (proc\u00e9dures qualit\u00e9 et approch\u00e9 bas\u00e9e sur le risque)<\/li>\n<li style=\"text-align: justify;\">POS (= Proc\u00e9dures Op\u00e9ratoires Standardis\u00e9es)<\/li>\n<\/ul>\n<p style=\"text-align: justify;\">De mani\u00e8re g\u00e9n\u00e9rale, et au vue de l\u2019\u00e9volution de la recherche clinique depuis ces deux derni\u00e8res d\u00e9cennies, cet amendement propose de mettre en place ces nouvelles approches bas\u00e9es sur le risque, de fa\u00e7on \u00e0 mieux assurer la protection des sujets humains et de la qualit\u00e9 des donn\u00e9es. Il \u00e9tait donc primordial que les lignes directrices \u00e9voluent et refl\u00e8tent la recherche clinique d\u2019aujourd\u2019hui.<\/p>\n<p style=\"text-align: justify;\">Si tu souhaites plus d\u2019informations ou de pr\u00e9cisions sur ces lignes directrices, tu peux trouver le document complet en cliquant <a href=\"http:\/\/www.ich.org\/fileadmin\/Public_Web_Site\/ICH_Products\/Guidelines\/Efficacy\/E6\/E6_R2__Addendum_Step2.pdf\">ici<\/a>, ou bien sur le site des ICH en cliquant <a href=\"http:\/\/www.ich.org\/products\/guidelines\/efficacy\/article\/efficacy-guidelines.html\">l\u00e0<\/a>.<\/p>\n<p style=\"text-align: justify;\">Tu peux \u00e9galement contribuer \u00e0 la finalisation de ces lignes directrices, en postant un commentaire \u00e0 l\u2019adresse suivante <a href=\"mailto:ich@ema.europa.eu\">ich@ema.europa.eu<\/a>. En effet, les commentaires sont ouverts jusqu\u2019au 31 Janvier 2016\u2026 alors \u00e0 ton clavier\u00a0!<\/p>\n<p style=\"text-align: justify;\">Source\u00a0: http:\/\/www.eudrac.fr\/actualites\/<\/p>\n<p style=\"text-align: justify;\">Tu peux te rendre sur la page Facebook du \u00ab\u00a0Blog de la Recherche Clinique\u00a0\u00bb et de \u00ab\u00a0Pharmaspecific\u00a0\u00bb et cliquer sur \u00ab\u00a0J\u2019aime\u00a0\u00bb pour faire partie de notre cercle de professionnels.<\/p>\n<p style=\"text-align: justify;\">Retrouve\u00a0\u00ab\u00a0Pharmaspecific\u00a0\u00bb et\u00a0\u00ab\u00a0Vanessa Montanari\u00a0\u00bb \u00a0sur LinkedIn pour avoir plus d\u2019\u2019actualit\u00e9s en recherche clinique en cliquant\u00a0<a href=\"https:\/\/www.linkedin.com\/company\/pharmaspecific\/\">ici<\/a>\u00a0et\u00a0<a href=\"https:\/\/www.linkedin.com\/in\/vanessamontanari\/\">ici<\/a><\/p>\n<p style=\"text-align: justify;\">Retrouve nous \u00e9galement sur Viadeo en cliquant\u00a0<a href=\"http:\/\/fr.viadeo.com\/fr\/company\/pharmaspecific\">ici<\/a>\u00a0et\u00a0<a href=\"https:\/\/viadeo.journaldunet.com\/p\/vanessa-montanari-820852\">ici<\/a><\/p>\n<hr \/>\n<p class=\"p1\" style=\"text-align: center;\"><span class=\"s1\"><b><i>Vous avez besoin d\u2019une prestation en recherche clinique? contactez PHARMASPECIFIC en vous rendant sur notre site en cliquant ici : <\/i><\/b><a href=\"https:\/\/pharmaspecific.com\/devis\"><span class=\"s2\"><b><i>https:\/\/pharmaspecific.com\/devis<\/i><\/b><\/span><\/a><\/span><\/p>\n<p class=\"p1\" style=\"text-align: center;\"><span class=\"s1\"><i>Si tu as des questions sur le m\u00e9tier d\u2019attach\u00e9 de recherche clinique ou sur une carri\u00e8re dans la recherche clinique, tu peux la mettre dans les commentaires ci-dessous. Nous te r\u00e9pondrons dans les plus brefs d\u00e9lais.<\/i><\/span><\/p>\n<p class=\"p1\" style=\"text-align: center;\"><span class=\"s1\"><i>Si tu veux \u00eatre coach\u00e9, si tu veux une r\u00e9ponse personnalis\u00e9e \u00e0 tes questions ou \u00eatre en contact avec d\u2019autres professionnels de la recherche clinique, tu peux te rendre sur <\/i><a href=\"https:\/\/pharmaspecific-training.com\/\"><span class=\"s2\"><i>https:\/\/pharmaspecific-training.com\/<\/i><\/span><\/a><\/span><\/p>","protected":false},"excerpt":{"rendered":"<p>En tant que TEC, ARC ou Chef de projet, tu dois connaitre sur le bout des doigts les ICH (International Conference on Harmonisation). Mais sais-tu qu\u2019en Juin dernier ce document a \u00e9t\u00e9 mis \u00e0 jour ? Si oui, c\u2019est parfait\u00a0! Si non, il est encore temps de te rattraper.<\/p>","protected":false},"author":4,"featured_media":13939,"comment_status":"open","ping_status":"open","sticky":false,"template":"","format":"standard","meta":{"om_disable_all_campaigns":false,"rop_custom_images_group":[],"rop_custom_messages_group":[],"rop_publish_now":"initial","rop_publish_now_accounts":{"facebook_122143508198123560_331463380343150":""},"rop_publish_now_history":[],"rop_publish_now_status":"pending","_sitemap_exclude":false,"_sitemap_priority":"","_sitemap_frequency":"","_exactmetrics_skip_tracking":false,"_exactmetrics_sitenote_active":false,"_exactmetrics_sitenote_note":"","_exactmetrics_sitenote_category":0,"_jetpack_memberships_contains_paid_content":false,"footnotes":""},"categories":[389],"tags":[85,198],"class_list":{"0":"post-13938","1":"post","2":"type-post","3":"status-publish","4":"format-standard","5":"has-post-thumbnail","7":"category-reglementaires","8":"tag-bpc","9":"tag-ich"},"translation":{"provider":"WPGlobus","version":"3.0.2","language":"en","enabled_languages":["fr","en"],"languages":{"fr":{"title":true,"content":true,"excerpt":true},"en":{"title":false,"content":false,"excerpt":false}}},"yoast_head":"<!-- This site is optimized with the Yoast SEO plugin v26.9 - https:\/\/yoast.com\/product\/yoast-seo-wordpress\/ -->\n<title>Mise \u00e0 jour de l&#039;ICH E6 en recherche clinique<\/title>\n<meta name=\"robots\" content=\"index, follow, max-snippet:-1, max-image-preview:large, max-video-preview:-1\" \/>\n<link rel=\"canonical\" href=\"https:\/\/blogdelarechercheclinique.com\/en\/mise-a-jour-et-consultation-publique-de-lich-e6\/\" \/>\n<meta property=\"og:locale\" content=\"en_US\" \/>\n<meta property=\"og:type\" content=\"article\" \/>\n<meta property=\"og:title\" content=\"Mise \u00e0 jour et consultation publique de l&#039;ICH E6 -\" \/>\n<meta property=\"og:url\" content=\"https:\/\/blogdelarechercheclinique.com\/en\/mise-a-jour-et-consultation-publique-de-lich-e6\/\" \/>\n<meta property=\"article:publisher\" content=\"https:\/\/www.facebook.com\/blogdelarechercheclinique\" \/>\n<meta property=\"article:published_time\" content=\"2015-10-21T13:55:12+00:00\" \/>\n<meta property=\"article:modified_time\" content=\"2024-05-23T08:09:16+00:00\" \/>\n<meta property=\"og:image\" content=\"https:\/\/i0.wp.com\/blogdelarechercheclinique.com\/blog-contenu\/uploads\/2024\/05\/ICH.png?fit=1035%2C687&ssl=1\" \/>\n\t<meta property=\"og:image:width\" content=\"1035\" \/>\n\t<meta property=\"og:image:height\" content=\"687\" \/>\n\t<meta property=\"og:image:type\" content=\"image\/png\" \/>\n<meta name=\"author\" content=\"Vanessa Montanari\" \/>\n<meta name=\"twitter:card\" content=\"summary_large_image\" \/>\n<meta name=\"twitter:label1\" content=\"Written by\" \/>\n\t<meta name=\"twitter:data1\" content=\"Vanessa Montanari\" \/>\n\t<meta name=\"twitter:label2\" content=\"Est. reading time\" \/>\n\t<meta name=\"twitter:data2\" content=\"6 minutes\" \/>\n<script type=\"application\/ld+json\" class=\"yoast-schema-graph\">{\"@context\":\"https:\/\/schema.org\",\"@graph\":[{\"@type\":\"Article\",\"@id\":\"https:\/\/blogdelarechercheclinique.com\/mise-a-jour-et-consultation-publique-de-lich-e6\/#article\",\"isPartOf\":{\"@id\":\"https:\/\/blogdelarechercheclinique.com\/mise-a-jour-et-consultation-publique-de-lich-e6\/\"},\"author\":{\"name\":\"Vanessa Montanari\",\"@id\":\"https:\/\/blogdelarechercheclinique.com\/#\/schema\/person\/13ee3f7a1251afe7e98918a482685938\"},\"headline\":\"Mise \u00e0 jour et consultation publique de l&rsquo;ICH E6\",\"datePublished\":\"2015-10-21T13:55:12+00:00\",\"dateModified\":\"2024-05-23T08:09:16+00:00\",\"mainEntityOfPage\":{\"@id\":\"https:\/\/blogdelarechercheclinique.com\/mise-a-jour-et-consultation-publique-de-lich-e6\/\"},\"wordCount\":1134,\"commentCount\":0,\"publisher\":{\"@id\":\"https:\/\/blogdelarechercheclinique.com\/#organization\"},\"image\":{\"@id\":\"https:\/\/blogdelarechercheclinique.com\/mise-a-jour-et-consultation-publique-de-lich-e6\/#primaryimage\"},\"thumbnailUrl\":\"https:\/\/i0.wp.com\/blogdelarechercheclinique.com\/blog-contenu\/uploads\/2024\/05\/ICH.png?fit=1035%2C687&ssl=1\",\"keywords\":[\"BPC\",\"ICH\"],\"articleSection\":[\"Les r\u00e8glementaires\"],\"inLanguage\":\"en-US\",\"potentialAction\":[{\"@type\":\"CommentAction\",\"name\":\"Comment\",\"target\":[\"https:\/\/blogdelarechercheclinique.com\/mise-a-jour-et-consultation-publique-de-lich-e6\/#respond\"]}]},{\"@type\":\"WebPage\",\"@id\":\"https:\/\/blogdelarechercheclinique.com\/mise-a-jour-et-consultation-publique-de-lich-e6\/\",\"url\":\"https:\/\/blogdelarechercheclinique.com\/mise-a-jour-et-consultation-publique-de-lich-e6\/\",\"name\":\"Mise \u00e0 jour de l'ICH E6 en recherche clinique\",\"isPartOf\":{\"@id\":\"https:\/\/blogdelarechercheclinique.com\/#website\"},\"primaryImageOfPage\":{\"@id\":\"https:\/\/blogdelarechercheclinique.com\/mise-a-jour-et-consultation-publique-de-lich-e6\/#primaryimage\"},\"image\":{\"@id\":\"https:\/\/blogdelarechercheclinique.com\/mise-a-jour-et-consultation-publique-de-lich-e6\/#primaryimage\"},\"thumbnailUrl\":\"https:\/\/i0.wp.com\/blogdelarechercheclinique.com\/blog-contenu\/uploads\/2024\/05\/ICH.png?fit=1035%2C687&ssl=1\",\"datePublished\":\"2015-10-21T13:55:12+00:00\",\"dateModified\":\"2024-05-23T08:09:16+00:00\",\"description\":\"l'ICH E6 R2 est pour le moment une version brouillon de l\u2019addendum aux lignes directrices (Guideline) sur les BPC.\",\"breadcrumb\":{\"@id\":\"https:\/\/blogdelarechercheclinique.com\/mise-a-jour-et-consultation-publique-de-lich-e6\/#breadcrumb\"},\"inLanguage\":\"en-US\",\"potentialAction\":[{\"@type\":\"ReadAction\",\"target\":[\"https:\/\/blogdelarechercheclinique.com\/mise-a-jour-et-consultation-publique-de-lich-e6\/\"]}]},{\"@type\":\"ImageObject\",\"inLanguage\":\"en-US\",\"@id\":\"https:\/\/blogdelarechercheclinique.com\/mise-a-jour-et-consultation-publique-de-lich-e6\/#primaryimage\",\"url\":\"https:\/\/i0.wp.com\/blogdelarechercheclinique.com\/blog-contenu\/uploads\/2024\/05\/ICH.png?fit=1035%2C687&ssl=1\",\"contentUrl\":\"https:\/\/i0.wp.com\/blogdelarechercheclinique.com\/blog-contenu\/uploads\/2024\/05\/ICH.png?fit=1035%2C687&ssl=1\",\"width\":1035,\"height\":687,\"caption\":\"Mise \u00e0 jour ICH E6\"},{\"@type\":\"BreadcrumbList\",\"@id\":\"https:\/\/blogdelarechercheclinique.com\/mise-a-jour-et-consultation-publique-de-lich-e6\/#breadcrumb\",\"itemListElement\":[{\"@type\":\"ListItem\",\"position\":1,\"name\":\"Accueil\",\"item\":\"https:\/\/blogdelarechercheclinique.com\/\"},{\"@type\":\"ListItem\",\"position\":2,\"name\":\"Mise \u00e0 jour et consultation publique de l&rsquo;ICH E6\"}]},{\"@type\":\"WebSite\",\"@id\":\"https:\/\/blogdelarechercheclinique.com\/#website\",\"url\":\"https:\/\/blogdelarechercheclinique.com\/\",\"name\":\"Blog de la recherche clinique\",\"description\":\"\",\"publisher\":{\"@id\":\"https:\/\/blogdelarechercheclinique.com\/#organization\"},\"potentialAction\":[{\"@type\":\"SearchAction\",\"target\":{\"@type\":\"EntryPoint\",\"urlTemplate\":\"https:\/\/blogdelarechercheclinique.com\/?s={search_term_string}\"},\"query-input\":{\"@type\":\"PropertyValueSpecification\",\"valueRequired\":true,\"valueName\":\"search_term_string\"}}],\"inLanguage\":\"en-US\"},{\"@type\":\"Organization\",\"@id\":\"https:\/\/blogdelarechercheclinique.com\/#organization\",\"name\":\"Blog de la recherche clinique\",\"url\":\"https:\/\/blogdelarechercheclinique.com\/\",\"logo\":{\"@type\":\"ImageObject\",\"inLanguage\":\"en-US\",\"@id\":\"https:\/\/blogdelarechercheclinique.com\/#\/schema\/logo\/image\/\",\"url\":\"https:\/\/i0.wp.com\/blogdelarechercheclinique.com\/blog-contenu\/uploads\/2024\/04\/cropped-BLOG-logo.png?fit=512%2C512&ssl=1\",\"contentUrl\":\"https:\/\/i0.wp.com\/blogdelarechercheclinique.com\/blog-contenu\/uploads\/2024\/04\/cropped-BLOG-logo.png?fit=512%2C512&ssl=1\",\"width\":512,\"height\":512,\"caption\":\"Blog de la recherche clinique\"},\"image\":{\"@id\":\"https:\/\/blogdelarechercheclinique.com\/#\/schema\/logo\/image\/\"},\"sameAs\":[\"https:\/\/www.facebook.com\/blogdelarechercheclinique\"]},{\"@type\":\"Person\",\"@id\":\"https:\/\/blogdelarechercheclinique.com\/#\/schema\/person\/13ee3f7a1251afe7e98918a482685938\",\"name\":\"Vanessa Montanari\",\"image\":{\"@type\":\"ImageObject\",\"inLanguage\":\"en-US\",\"@id\":\"https:\/\/blogdelarechercheclinique.com\/#\/schema\/person\/image\/\",\"url\":\"https:\/\/secure.gravatar.com\/avatar\/ddf428208f542d6c2239ace6606ebe9beb71049642a9c784967f23e4e76e8efc?s=96&d=mm&r=g\",\"contentUrl\":\"https:\/\/secure.gravatar.com\/avatar\/ddf428208f542d6c2239ace6606ebe9beb71049642a9c784967f23e4e76e8efc?s=96&d=mm&r=g\",\"caption\":\"Vanessa Montanari\"},\"url\":\"https:\/\/blogdelarechercheclinique.com\/en\/author\/vanessa\/\"}]}<\/script>\n<!-- \/ Yoast SEO plugin. -->","yoast_head_json":{"title":"Mise \u00e0 jour de l'ICH E6 en recherche clinique","robots":{"index":"index","follow":"follow","max-snippet":"max-snippet:-1","max-image-preview":"max-image-preview:large","max-video-preview":"max-video-preview:-1"},"canonical":"https:\/\/blogdelarechercheclinique.com\/en\/mise-a-jour-et-consultation-publique-de-lich-e6\/","og_locale":"en_US","og_type":"article","og_title":"Mise \u00e0 jour et consultation publique de l'ICH E6 -","og_url":"https:\/\/blogdelarechercheclinique.com\/en\/mise-a-jour-et-consultation-publique-de-lich-e6\/","article_publisher":"https:\/\/www.facebook.com\/blogdelarechercheclinique","article_published_time":"2015-10-21T13:55:12+00:00","article_modified_time":"2024-05-23T08:09:16+00:00","og_image":[{"width":1035,"height":687,"url":"https:\/\/i0.wp.com\/blogdelarechercheclinique.com\/blog-contenu\/uploads\/2024\/05\/ICH.png?fit=1035%2C687&ssl=1","type":"image\/png"}],"author":"Vanessa Montanari","twitter_card":"summary_large_image","twitter_misc":{"Written by":"Vanessa Montanari","Est. reading time":"6 minutes"},"schema":{"@context":"https:\/\/schema.org","@graph":[{"@type":"Article","@id":"https:\/\/blogdelarechercheclinique.com\/mise-a-jour-et-consultation-publique-de-lich-e6\/#article","isPartOf":{"@id":"https:\/\/blogdelarechercheclinique.com\/mise-a-jour-et-consultation-publique-de-lich-e6\/"},"author":{"name":"Vanessa Montanari","@id":"https:\/\/blogdelarechercheclinique.com\/#\/schema\/person\/13ee3f7a1251afe7e98918a482685938"},"headline":"Mise \u00e0 jour et consultation publique de l&rsquo;ICH E6","datePublished":"2015-10-21T13:55:12+00:00","dateModified":"2024-05-23T08:09:16+00:00","mainEntityOfPage":{"@id":"https:\/\/blogdelarechercheclinique.com\/mise-a-jour-et-consultation-publique-de-lich-e6\/"},"wordCount":1134,"commentCount":0,"publisher":{"@id":"https:\/\/blogdelarechercheclinique.com\/#organization"},"image":{"@id":"https:\/\/blogdelarechercheclinique.com\/mise-a-jour-et-consultation-publique-de-lich-e6\/#primaryimage"},"thumbnailUrl":"https:\/\/i0.wp.com\/blogdelarechercheclinique.com\/blog-contenu\/uploads\/2024\/05\/ICH.png?fit=1035%2C687&ssl=1","keywords":["BPC","ICH"],"articleSection":["Les r\u00e8glementaires"],"inLanguage":"en-US","potentialAction":[{"@type":"CommentAction","name":"Comment","target":["https:\/\/blogdelarechercheclinique.com\/mise-a-jour-et-consultation-publique-de-lich-e6\/#respond"]}]},{"@type":"WebPage","@id":"https:\/\/blogdelarechercheclinique.com\/mise-a-jour-et-consultation-publique-de-lich-e6\/","url":"https:\/\/blogdelarechercheclinique.com\/mise-a-jour-et-consultation-publique-de-lich-e6\/","name":"Mise \u00e0 jour de l'ICH E6 en recherche clinique","isPartOf":{"@id":"https:\/\/blogdelarechercheclinique.com\/#website"},"primaryImageOfPage":{"@id":"https:\/\/blogdelarechercheclinique.com\/mise-a-jour-et-consultation-publique-de-lich-e6\/#primaryimage"},"image":{"@id":"https:\/\/blogdelarechercheclinique.com\/mise-a-jour-et-consultation-publique-de-lich-e6\/#primaryimage"},"thumbnailUrl":"https:\/\/i0.wp.com\/blogdelarechercheclinique.com\/blog-contenu\/uploads\/2024\/05\/ICH.png?fit=1035%2C687&ssl=1","datePublished":"2015-10-21T13:55:12+00:00","dateModified":"2024-05-23T08:09:16+00:00","description":"l'ICH E6 R2 est pour le moment une version brouillon de l\u2019addendum aux lignes directrices (Guideline) sur les BPC.","breadcrumb":{"@id":"https:\/\/blogdelarechercheclinique.com\/mise-a-jour-et-consultation-publique-de-lich-e6\/#breadcrumb"},"inLanguage":"en-US","potentialAction":[{"@type":"ReadAction","target":["https:\/\/blogdelarechercheclinique.com\/mise-a-jour-et-consultation-publique-de-lich-e6\/"]}]},{"@type":"ImageObject","inLanguage":"en-US","@id":"https:\/\/blogdelarechercheclinique.com\/mise-a-jour-et-consultation-publique-de-lich-e6\/#primaryimage","url":"https:\/\/i0.wp.com\/blogdelarechercheclinique.com\/blog-contenu\/uploads\/2024\/05\/ICH.png?fit=1035%2C687&ssl=1","contentUrl":"https:\/\/i0.wp.com\/blogdelarechercheclinique.com\/blog-contenu\/uploads\/2024\/05\/ICH.png?fit=1035%2C687&ssl=1","width":1035,"height":687,"caption":"Mise \u00e0 jour ICH E6"},{"@type":"BreadcrumbList","@id":"https:\/\/blogdelarechercheclinique.com\/mise-a-jour-et-consultation-publique-de-lich-e6\/#breadcrumb","itemListElement":[{"@type":"ListItem","position":1,"name":"Accueil","item":"https:\/\/blogdelarechercheclinique.com\/"},{"@type":"ListItem","position":2,"name":"Mise \u00e0 jour et consultation publique de l&rsquo;ICH E6"}]},{"@type":"WebSite","@id":"https:\/\/blogdelarechercheclinique.com\/#website","url":"https:\/\/blogdelarechercheclinique.com\/","name":"Blog de la recherche clinique","description":"","publisher":{"@id":"https:\/\/blogdelarechercheclinique.com\/#organization"},"potentialAction":[{"@type":"SearchAction","target":{"@type":"EntryPoint","urlTemplate":"https:\/\/blogdelarechercheclinique.com\/?s={search_term_string}"},"query-input":{"@type":"PropertyValueSpecification","valueRequired":true,"valueName":"search_term_string"}}],"inLanguage":"en-US"},{"@type":"Organization","@id":"https:\/\/blogdelarechercheclinique.com\/#organization","name":"Blog de la recherche clinique","url":"https:\/\/blogdelarechercheclinique.com\/","logo":{"@type":"ImageObject","inLanguage":"en-US","@id":"https:\/\/blogdelarechercheclinique.com\/#\/schema\/logo\/image\/","url":"https:\/\/i0.wp.com\/blogdelarechercheclinique.com\/blog-contenu\/uploads\/2024\/04\/cropped-BLOG-logo.png?fit=512%2C512&ssl=1","contentUrl":"https:\/\/i0.wp.com\/blogdelarechercheclinique.com\/blog-contenu\/uploads\/2024\/04\/cropped-BLOG-logo.png?fit=512%2C512&ssl=1","width":512,"height":512,"caption":"Blog de la recherche clinique"},"image":{"@id":"https:\/\/blogdelarechercheclinique.com\/#\/schema\/logo\/image\/"},"sameAs":["https:\/\/www.facebook.com\/blogdelarechercheclinique"]},{"@type":"Person","@id":"https:\/\/blogdelarechercheclinique.com\/#\/schema\/person\/13ee3f7a1251afe7e98918a482685938","name":"Vanessa Montanari","image":{"@type":"ImageObject","inLanguage":"en-US","@id":"https:\/\/blogdelarechercheclinique.com\/#\/schema\/person\/image\/","url":"https:\/\/secure.gravatar.com\/avatar\/ddf428208f542d6c2239ace6606ebe9beb71049642a9c784967f23e4e76e8efc?s=96&d=mm&r=g","contentUrl":"https:\/\/secure.gravatar.com\/avatar\/ddf428208f542d6c2239ace6606ebe9beb71049642a9c784967f23e4e76e8efc?s=96&d=mm&r=g","caption":"Vanessa Montanari"},"url":"https:\/\/blogdelarechercheclinique.com\/en\/author\/vanessa\/"}]}},"jetpack_featured_media_url":"https:\/\/i0.wp.com\/blogdelarechercheclinique.com\/blog-contenu\/uploads\/2024\/05\/ICH.png?fit=1035%2C687&ssl=1","jetpack-related-posts":[{"id":12917,"url":"https:\/\/blogdelarechercheclinique.com\/en\/mise-a-jour-good-clinical-practice-ich-e6-r3\/","url_meta":{"origin":13938,"position":0},"title":"Mise \u00e0 jour du document Good Clinical Practice ICH E6 (R3) : Etat actuel, objectifs et principaux changements","author":"Vanessa Montanari","date":"18 March 2024","format":false,"excerpt":"Vous devez suivre une formation aux Bonnes Pratiques Cliniques li\u00e9e \u00e0 l'exercice de la profession. Cependant, cette pr\u00e9occupation s'\u00e9tend \u00e9galement aux investigateurs et aux promoteurs.","rel":"","context":"In &quot;Actualit\u00e9s de la recherche clinique&quot;","block_context":{"text":"Actualit\u00e9s de la recherche clinique","link":"https:\/\/blogdelarechercheclinique.com\/en\/category\/actualites-de-la-recherche-clinique\/"},"img":{"alt_text":"Etat actuel, objectifs et principaux changements","src":"https:\/\/i0.wp.com\/blogdelarechercheclinique.com\/blog-contenu\/uploads\/2024\/03\/MAJ-GCP.png?fit=1080%2C1080&ssl=1&resize=350%2C200","width":350,"height":200,"srcset":"https:\/\/i0.wp.com\/blogdelarechercheclinique.com\/blog-contenu\/uploads\/2024\/03\/MAJ-GCP.png?fit=1080%2C1080&ssl=1&resize=350%2C200 1x, https:\/\/i0.wp.com\/blogdelarechercheclinique.com\/blog-contenu\/uploads\/2024\/03\/MAJ-GCP.png?fit=1080%2C1080&ssl=1&resize=525%2C300 1.5x, https:\/\/i0.wp.com\/blogdelarechercheclinique.com\/blog-contenu\/uploads\/2024\/03\/MAJ-GCP.png?fit=1080%2C1080&ssl=1&resize=700%2C400 2x, https:\/\/i0.wp.com\/blogdelarechercheclinique.com\/blog-contenu\/uploads\/2024\/03\/MAJ-GCP.png?fit=1080%2C1080&ssl=1&resize=1050%2C600 3x"},"classes":[]},{"id":16298,"url":"https:\/\/blogdelarechercheclinique.com\/en\/lich-e6-r3-comment-le-comprendre-avec-transcelerate\/","url_meta":{"origin":13938,"position":1},"title":"Navigating the ICH E6(R3) Transition: Expert Insights &amp; Tools","author":"Virginie Smartelia","date":"2 March 2026","format":false,"excerpt":"{:fr} La version finale de l\u2019ICH E6(R3) change les r\u00e8gles du jeu dans la recherche clinique.Plus flexible, plus logique et mieux adapt\u00e9e \u00e0 l\u2019utilisation de l\u2019outil num\u00e9rique, elle pousse chacun \u00e0 revoir ses habitudes. Mais soyons honn\u00eates, entre les annexes, les nouveaux concepts et les obligations de conformit\u00e9, ce n\u2019est\u2026","rel":"","context":"In &quot;Non class\u00e9&quot;","block_context":{"text":"Non class\u00e9","link":"https:\/\/blogdelarechercheclinique.com\/en\/category\/non-classe\/"},"img":{"alt_text":"","src":"https:\/\/i0.wp.com\/blogdelarechercheclinique.com\/blog-contenu\/uploads\/2026\/03\/Image.png?resize=350%2C200&ssl=1","width":350,"height":200,"srcset":"https:\/\/i0.wp.com\/blogdelarechercheclinique.com\/blog-contenu\/uploads\/2026\/03\/Image.png?resize=350%2C200&ssl=1 1x, https:\/\/i0.wp.com\/blogdelarechercheclinique.com\/blog-contenu\/uploads\/2026\/03\/Image.png?resize=525%2C300&ssl=1 1.5x"},"classes":[]},{"id":14539,"url":"https:\/\/blogdelarechercheclinique.com\/en\/tout-savoir-origine-acronyme-alcoa\/","url_meta":{"origin":13938,"position":2},"title":"Tout savoir sur l&rsquo;origine de l&rsquo;acronyme de l&rsquo; ALCOA","author":"Vanessa Montanari","date":"13 June 2024","format":false,"excerpt":"Tu as peut-\u00eatre entendu parler de la notion d\u2019ALCOA, mais sais-tu ce que cela signifie exactement\u00a0? Voici quelques explications au sujet de ce nouveau mot\u00a0: d\u2019o\u00f9 vient-il\u00a0? Que signifie-t\u2019il concr\u00e8tement et comment l\u2019appliquer\u00a0?","rel":"","context":"In &quot;Pratiquer le m\u00e9tier d'Attach\u00e9 de recherche clinique&quot;","block_context":{"text":"Pratiquer le m\u00e9tier d'Attach\u00e9 de recherche clinique","link":"https:\/\/blogdelarechercheclinique.com\/en\/category\/pratiquer-le-metier-dattache-de-recherche-clinique\/"},"img":{"alt_text":"Attributable, Legible, Contemporaneous, Original et Accurate","src":"https:\/\/i0.wp.com\/blogdelarechercheclinique.com\/blog-contenu\/uploads\/2024\/06\/ALCOA.png?fit=1200%2C631&ssl=1&resize=350%2C200","width":350,"height":200,"srcset":"https:\/\/i0.wp.com\/blogdelarechercheclinique.com\/blog-contenu\/uploads\/2024\/06\/ALCOA.png?fit=1200%2C631&ssl=1&resize=350%2C200 1x, https:\/\/i0.wp.com\/blogdelarechercheclinique.com\/blog-contenu\/uploads\/2024\/06\/ALCOA.png?fit=1200%2C631&ssl=1&resize=525%2C300 1.5x, https:\/\/i0.wp.com\/blogdelarechercheclinique.com\/blog-contenu\/uploads\/2024\/06\/ALCOA.png?fit=1200%2C631&ssl=1&resize=700%2C400 2x, https:\/\/i0.wp.com\/blogdelarechercheclinique.com\/blog-contenu\/uploads\/2024\/06\/ALCOA.png?fit=1200%2C631&ssl=1&resize=1050%2C600 3x"},"classes":[]},{"id":1357,"url":"https:\/\/blogdelarechercheclinique.com\/en\/les-ich-sur-le-bout-des-doigts\/","url_meta":{"origin":13938,"position":3},"title":"The ICH E6 (R2) on the fingertips","author":"Vanessa Montanari","date":"21 October 2015","format":false,"excerpt":"Do not worry, it is currently a draft version of the \"ICH E6 R2\" addendum to the Guidelines on GCP (= Good Clinical Practice). It is a \"draft\" and updated version for public consultation. The latest version dates back almost 20 years (1996!)","rel":"","context":"In &quot;Les r\u00e8glementaires&quot;","block_context":{"text":"Les r\u00e8glementaires","link":"https:\/\/blogdelarechercheclinique.com\/en\/category\/reglementaires\/"},"img":{"alt_text":"ICH E6 (R2)","src":"https:\/\/i0.wp.com\/blogdelarechercheclinique.com\/blog-contenu\/uploads\/2015\/10\/ICH-E6-R2.png?fit=823%2C582&ssl=1&resize=350%2C200","width":350,"height":200,"srcset":"https:\/\/i0.wp.com\/blogdelarechercheclinique.com\/blog-contenu\/uploads\/2015\/10\/ICH-E6-R2.png?fit=823%2C582&ssl=1&resize=350%2C200 1x, https:\/\/i0.wp.com\/blogdelarechercheclinique.com\/blog-contenu\/uploads\/2015\/10\/ICH-E6-R2.png?fit=823%2C582&ssl=1&resize=525%2C300 1.5x, https:\/\/i0.wp.com\/blogdelarechercheclinique.com\/blog-contenu\/uploads\/2015\/10\/ICH-E6-R2.png?fit=823%2C582&ssl=1&resize=700%2C400 2x"},"classes":[]},{"id":2217,"url":"https:\/\/blogdelarechercheclinique.com\/en\/audit\/","url_meta":{"origin":13938,"position":4},"title":"How to prepare an audit without stress?","author":"Vanessa Montanari","date":"30 January 2016","format":false,"excerpt":"{:fr} Article r\u00e9dig\u00e9 par la Soci\u00e9t\u00e9 Pharmaspecific, sp\u00e9cialiste en recherche clinique Comment pr\u00e9parer un audit sans stress\u00a0? Tu viens de recevoir la nouvelle\u00a0: ton centre va \u00eatre audit\u00e9. Tu sens d\u00e9j\u00e0 le stress monter. Quand on est audit\u00e9, on a tout de m\u00eame l\u2019impression d\u2019\u00eatre jug\u00e9\u00a0; et cela du c\u00f4t\u00e9\u2026","rel":"","context":"In &quot;Pratiquer le m\u00e9tier d'Attach\u00e9 de recherche clinique&quot;","block_context":{"text":"Pratiquer le m\u00e9tier d'Attach\u00e9 de recherche clinique","link":"https:\/\/blogdelarechercheclinique.com\/en\/category\/pratiquer-le-metier-dattache-de-recherche-clinique\/"},"img":{"alt_text":"Fraud, audit, auditor.","src":"https:\/\/i0.wp.com\/blogdelarechercheclinique.com\/wp-content\/uploads\/2016\/01\/Fotolia_86826965_L-300x200.jpg?resize=350%2C200","width":350,"height":200},"classes":[]},{"id":15858,"url":"https:\/\/blogdelarechercheclinique.com\/en\/lia-en-recherche-clinique-le-guide-simple-pour-les-petites-structures\/","url_meta":{"origin":13938,"position":5},"title":"AI in Clinical Research: The Simple Guide for Small Organizations.","author":"Virginie Smartelia","date":"7 October 2025","format":false,"excerpt":"{:fr} Solutions IA pour petites CRO et structures cliniques L'Intelligence Artificielle (IA) est l\u00e0, et elle bouscule tout, m\u00eame dans notre monde ultra-r\u00e9glement\u00e9. Que vous soyez dans une petite CRO, une PME Biotech, ou une \u00e9quipe op\u00e9rationnelle (ARC, TEC, Contract Specialist), l'IA est une chance folle de gagner du temps\u2026","rel":"","context":"In &quot;Actualit\u00e9s de la recherche clinique&quot;","block_context":{"text":"Actualit\u00e9s de la recherche clinique","link":"https:\/\/blogdelarechercheclinique.com\/en\/category\/actualites-de-la-recherche-clinique\/"},"img":{"alt_text":"","src":"https:\/\/i0.wp.com\/blogdelarechercheclinique.com\/blog-contenu\/uploads\/2025\/10\/lIA-dans-la-medecine-1.png?fit=1200%2C972&ssl=1&resize=350%2C200","width":350,"height":200,"srcset":"https:\/\/i0.wp.com\/blogdelarechercheclinique.com\/blog-contenu\/uploads\/2025\/10\/lIA-dans-la-medecine-1.png?fit=1200%2C972&ssl=1&resize=350%2C200 1x, https:\/\/i0.wp.com\/blogdelarechercheclinique.com\/blog-contenu\/uploads\/2025\/10\/lIA-dans-la-medecine-1.png?fit=1200%2C972&ssl=1&resize=525%2C300 1.5x, https:\/\/i0.wp.com\/blogdelarechercheclinique.com\/blog-contenu\/uploads\/2025\/10\/lIA-dans-la-medecine-1.png?fit=1200%2C972&ssl=1&resize=700%2C400 2x, https:\/\/i0.wp.com\/blogdelarechercheclinique.com\/blog-contenu\/uploads\/2025\/10\/lIA-dans-la-medecine-1.png?fit=1200%2C972&ssl=1&resize=1050%2C600 3x"},"classes":[]}],"jetpack_sharing_enabled":true,"_links":{"self":[{"href":"https:\/\/blogdelarechercheclinique.com\/en\/wp-json\/wp\/v2\/posts\/13938","targetHints":{"allow":["GET"]}}],"collection":[{"href":"https:\/\/blogdelarechercheclinique.com\/en\/wp-json\/wp\/v2\/posts"}],"about":[{"href":"https:\/\/blogdelarechercheclinique.com\/en\/wp-json\/wp\/v2\/types\/post"}],"author":[{"embeddable":true,"href":"https:\/\/blogdelarechercheclinique.com\/en\/wp-json\/wp\/v2\/users\/4"}],"replies":[{"embeddable":true,"href":"https:\/\/blogdelarechercheclinique.com\/en\/wp-json\/wp\/v2\/comments?post=13938"}],"version-history":[{"count":2,"href":"https:\/\/blogdelarechercheclinique.com\/en\/wp-json\/wp\/v2\/posts\/13938\/revisions"}],"predecessor-version":[{"id":13942,"href":"https:\/\/blogdelarechercheclinique.com\/en\/wp-json\/wp\/v2\/posts\/13938\/revisions\/13942"}],"wp:featuredmedia":[{"embeddable":true,"href":"https:\/\/blogdelarechercheclinique.com\/en\/wp-json\/wp\/v2\/media\/13939"}],"wp:attachment":[{"href":"https:\/\/blogdelarechercheclinique.com\/en\/wp-json\/wp\/v2\/media?parent=13938"}],"wp:term":[{"taxonomy":"category","embeddable":true,"href":"https:\/\/blogdelarechercheclinique.com\/en\/wp-json\/wp\/v2\/categories?post=13938"},{"taxonomy":"post_tag","embeddable":true,"href":"https:\/\/blogdelarechercheclinique.com\/en\/wp-json\/wp\/v2\/tags?post=13938"}],"curies":[{"name":"wp","href":"https:\/\/api.w.org\/{rel}","templated":true}]}}