{"id":14360,"date":"2024-06-10T10:35:09","date_gmt":"2024-06-10T08:35:09","guid":{"rendered":"https:\/\/blogdelarechercheclinique.com\/?p=14360"},"modified":"2024-06-10T11:19:58","modified_gmt":"2024-06-10T09:19:58","slug":"rgpd-analyse-impact-a-posteriori","status":"publish","type":"post","link":"https:\/\/blogdelarechercheclinique.com\/en\/rgpd-analyse-impact-a-posteriori\/","title":{"rendered":"RGPD : peut-on faire une analyse d&rsquo;impact \u00e0 posteriori?"},"content":{"rendered":"<p><iframe data-src=\"https:\/\/www.youtube.com\/embed\/-b1BRzLu4Xs\" width=\"560\" height=\"315\" frameborder=\"0\" allowfullscreen=\"allowfullscreen\" src=\"data:image\/svg+xml;base64,PHN2ZyB3aWR0aD0iMSIgaGVpZ2h0PSIxIiB4bWxucz0iaHR0cDovL3d3dy53My5vcmcvMjAwMC9zdmciPjwvc3ZnPg==\" class=\"lazyload\" data-load-mode=\"1\"><\/iframe><\/p>\n<p>Bonjour \u00e0 tous, c\u2019est Manon DURAND, juriste sant\u00e9 au sein de l\u2019entreprise Pharmaspecific.<\/p>\n<p>On se retrouve aujourd\u2019hui pour parler du R\u00e8glement G\u00e9n\u00e9ral sur la Protection des Donn\u00e9es (le RGPD). Je tiens toujours \u00e0 vous le rappeler, il s&rsquo;agit du texte de r\u00e9f\u00e9rence en mati\u00e8re de protection des donn\u00e9es \u00e0 caract\u00e8re personnel. Ce texte est entr\u00e9 en application au sein de l\u2019Union Europ\u00e9enne le 25 mai 2018.<\/p>\n<h2>Est-il possible de mettre en \u0153uvre une analyse d&rsquo;impact sur la protection des donn\u00e9es \u00e0 post\u00e9riori?<\/h2>\n<p>La question du jour est celle de savoir s\u2019il est possible de mettre en \u0153uvre une <strong>analyse d\u2019impact sur la protection des donn\u00e9es<\/strong> \u00e0 post\u00e9riori, c\u2019est-\u00e0-dire une fois que le traitement a d\u00e9j\u00e0 commenc\u00e9.<\/p>\n<p>L\u2019analyse d\u2019impact, c\u2019est un outil qui permet d\u2019assurer sa conformit\u00e9 au RGPD. Elle s\u2019adresse aux traitements qui pourraient engendrer des risques \u00e9lev\u00e9s pour les <a href=\"https:\/\/pharmaspecific.com\/service\/gestion-des-frais-patients\">droits et libert\u00e9s des personnes concern\u00e9es<\/a>. C\u2019est-\u00e0-dire qu\u2019elle vient mettre en balance les mesures de s\u00e9curit\u00e9 qui sont mises en \u0153uvre par le responsable de traitement avec les droits et libert\u00e9s des personnes concern\u00e9es.<\/p>\n<h2><strong>Quand r\u00e9alise-t-on l&rsquo;analyse d&rsquo;impact?<\/strong><\/h2>\n<p>Donc en pratique l\u2019analyse d\u2019impact se r\u00e9alise comme vous le souhaitez. De plus, la CNIL met a disposition un logiciel qui s\u2019appelle PIA.\u00a0 Le logiciel vous permet de r\u00e9aliser votre analyse d\u2019impact d\u2019une mani\u00e8re tr\u00e8s claire et tr\u00e8s simple. Donc vous pouvez utiliser ce logiciel. C\u2019est mieux pour toutes ces raisons de mettre en place l\u2019analyse d\u2019impact en amont de votre traitement. L&rsquo;analyse vous permettra de\u00a0 trouver que certaines mesures de s\u00e9curit\u00e9 sont insuffisantes ou sont mal utilis\u00e9es. Alors, vous pouvez adopter des corrections avant votre traitement.<\/p>\n<p>Toutefois, le RGPD n\u2019est pas toujours simple donc vous pouvez avoir oubli\u00e9 de mettre en \u0153uvre votre analyse d\u2019impact. Si c\u2019est le cas rien ne vous emp\u00eache de la faire quand m\u00eame pendant votre traitement. Cela vous permettra, si vous avez des corrections \u00e0 effectuer sur certaines <a href=\"https:\/\/blogdelarechercheclinique.com\/en\/lassurance-essai-clinique-comment-bien-la-choisir\/\">mesures de s\u00e9curit\u00e9<\/a>, de les identifier et de les mettre en place et, autrement, si vous <strong>identifiez une violation des donn\u00e9es<\/strong>, vous pourrez tout de m\u00eame la notifier a la CNIL pour \u00eatre vraiment en conformit\u00e9 avec le RGPD.<\/p>\n<p>En conclusion, l\u2019analyse d\u2019impact est pr\u00e9f\u00e9rablement mise en place en amont du traitement mais rien ne vous emp\u00eache de la mettre en place pendant votre traitement si vous n\u2019avez pas pu le faire avant. Reportez vous au site de la CNIL pour savoir dans quel cas vous devez mettre en place de mani\u00e8re obligatoire votre analyse d\u2019impact. Et je rappelle que c\u2019est une responsabilit\u00e9 qui revient au responsable de traitement avec l\u2019aide de son sous-traitant, le cas \u00e9ch\u00e9ant.<\/p>\n<p>Voil\u00e0, c\u2019est fini pour cette vid\u00e9o j\u2019esp\u00e8re qu\u2019elle vous a plu. Si c\u2019est le cas n\u2019h\u00e9sitez pas \u00e0 vous abonner \u00e0 notre cha\u00eene et \u00e0 aimer cette vid\u00e9o et vous trouverez en barre d\u2019information les informations sur nos prestations et notamment la veille juridique mensuelle et le conseil juridique en recherche clinique. Quant \u00e0 moi je vous retrouve bient\u00f4t pour une prochaine vid\u00e9o.<\/p>\n<p>www.pharmaspecific-training.com<\/p>","protected":false},"excerpt":{"rendered":"<p>On se retrouve aujourd\u2019hui pour parler du R\u00e8glement G\u00e9n\u00e9ral sur la Protection des Donn\u00e9es (le RGPD). Je tiens toujours \u00e0 vous le rappeler, il s&rsquo;agit du texte de r\u00e9f\u00e9rence en mati\u00e8re de protection des donn\u00e9es \u00e0 caract\u00e8re personnel. Ce texte est entr\u00e9 en application au sein de l\u2019Union Europ\u00e9enne le 25 mai 2018.<\/p>","protected":false},"author":4,"featured_media":14361,"comment_status":"open","ping_status":"open","sticky":false,"template":"","format":"standard","meta":{"om_disable_all_campaigns":false,"rop_custom_images_group":[],"rop_custom_messages_group":[],"rop_publish_now":"initial","rop_publish_now_accounts":{"facebook_122143508198123560_331463380343150":""},"rop_publish_now_history":[],"rop_publish_now_status":"pending","_sitemap_exclude":false,"_sitemap_priority":"","_sitemap_frequency":"","_exactmetrics_skip_tracking":false,"_exactmetrics_sitenote_active":false,"_exactmetrics_sitenote_note":"","_exactmetrics_sitenote_category":0,"_jetpack_memberships_contains_paid_content":false,"footnotes":""},"categories":[389],"tags":[],"class_list":{"0":"post-14360","1":"post","2":"type-post","3":"status-publish","4":"format-standard","5":"has-post-thumbnail","7":"category-reglementaires"},"translation":{"provider":"WPGlobus","version":"3.0.2","language":"en","enabled_languages":["fr","en"],"languages":{"fr":{"title":true,"content":true,"excerpt":true},"en":{"title":false,"content":false,"excerpt":false}}},"yoast_head":"<!-- This site is optimized with the Yoast SEO plugin v26.9 - https:\/\/yoast.com\/product\/yoast-seo-wordpress\/ -->\n<title>RGPD : peut-on faire une analyse d&#039;impact \u00e0 posteriori?<\/title>\n<meta name=\"robots\" content=\"index, follow, max-snippet:-1, max-image-preview:large, max-video-preview:-1\" \/>\n<link rel=\"canonical\" href=\"https:\/\/blogdelarechercheclinique.com\/en\/rgpd-analyse-impact-a-posteriori\/\" \/>\n<meta property=\"og:locale\" content=\"en_US\" \/>\n<meta property=\"og:type\" content=\"article\" \/>\n<meta property=\"og:title\" content=\"RGPD : peut-on faire une analyse d&#039;impact \u00e0 posteriori? -\" \/>\n<meta property=\"og:url\" content=\"https:\/\/blogdelarechercheclinique.com\/en\/rgpd-analyse-impact-a-posteriori\/\" \/>\n<meta property=\"article:publisher\" content=\"https:\/\/www.facebook.com\/blogdelarechercheclinique\" \/>\n<meta property=\"article:published_time\" content=\"2024-06-10T08:35:09+00:00\" \/>\n<meta property=\"article:modified_time\" content=\"2024-06-10T09:19:58+00:00\" \/>\n<meta property=\"og:image\" content=\"https:\/\/i0.wp.com\/blogdelarechercheclinique.com\/blog-contenu\/uploads\/2024\/06\/analyse-dimpact-RGPD.png?fit=555%2C310&ssl=1\" \/>\n\t<meta property=\"og:image:width\" content=\"555\" \/>\n\t<meta property=\"og:image:height\" content=\"310\" \/>\n\t<meta property=\"og:image:type\" content=\"image\/png\" \/>\n<meta name=\"author\" content=\"Vanessa Montanari\" \/>\n<meta name=\"twitter:card\" content=\"summary_large_image\" \/>\n<meta name=\"twitter:label1\" content=\"Written by\" \/>\n\t<meta name=\"twitter:data1\" content=\"Vanessa Montanari\" \/>\n\t<meta name=\"twitter:label2\" content=\"Est. reading time\" \/>\n\t<meta name=\"twitter:data2\" content=\"3 minutes\" \/>\n<script type=\"application\/ld+json\" class=\"yoast-schema-graph\">{\"@context\":\"https:\/\/schema.org\",\"@graph\":[{\"@type\":\"Article\",\"@id\":\"https:\/\/blogdelarechercheclinique.com\/rgpd-analyse-impact-a-posteriori\/#article\",\"isPartOf\":{\"@id\":\"https:\/\/blogdelarechercheclinique.com\/rgpd-analyse-impact-a-posteriori\/\"},\"author\":{\"name\":\"Vanessa Montanari\",\"@id\":\"https:\/\/blogdelarechercheclinique.com\/#\/schema\/person\/13ee3f7a1251afe7e98918a482685938\"},\"headline\":\"RGPD : peut-on faire une analyse d&rsquo;impact \u00e0 posteriori?\",\"datePublished\":\"2024-06-10T08:35:09+00:00\",\"dateModified\":\"2024-06-10T09:19:58+00:00\",\"mainEntityOfPage\":{\"@id\":\"https:\/\/blogdelarechercheclinique.com\/rgpd-analyse-impact-a-posteriori\/\"},\"wordCount\":581,\"commentCount\":0,\"publisher\":{\"@id\":\"https:\/\/blogdelarechercheclinique.com\/#organization\"},\"image\":{\"@id\":\"https:\/\/blogdelarechercheclinique.com\/rgpd-analyse-impact-a-posteriori\/#primaryimage\"},\"thumbnailUrl\":\"https:\/\/i0.wp.com\/blogdelarechercheclinique.com\/blog-contenu\/uploads\/2024\/06\/analyse-dimpact-RGPD.png?fit=555%2C310&ssl=1\",\"articleSection\":[\"Les r\u00e8glementaires\"],\"inLanguage\":\"en-US\",\"potentialAction\":[{\"@type\":\"CommentAction\",\"name\":\"Comment\",\"target\":[\"https:\/\/blogdelarechercheclinique.com\/rgpd-analyse-impact-a-posteriori\/#respond\"]}]},{\"@type\":\"WebPage\",\"@id\":\"https:\/\/blogdelarechercheclinique.com\/rgpd-analyse-impact-a-posteriori\/\",\"url\":\"https:\/\/blogdelarechercheclinique.com\/rgpd-analyse-impact-a-posteriori\/\",\"name\":\"RGPD : peut-on faire une analyse d'impact \u00e0 posteriori?\",\"isPartOf\":{\"@id\":\"https:\/\/blogdelarechercheclinique.com\/#website\"},\"primaryImageOfPage\":{\"@id\":\"https:\/\/blogdelarechercheclinique.com\/rgpd-analyse-impact-a-posteriori\/#primaryimage\"},\"image\":{\"@id\":\"https:\/\/blogdelarechercheclinique.com\/rgpd-analyse-impact-a-posteriori\/#primaryimage\"},\"thumbnailUrl\":\"https:\/\/i0.wp.com\/blogdelarechercheclinique.com\/blog-contenu\/uploads\/2024\/06\/analyse-dimpact-RGPD.png?fit=555%2C310&ssl=1\",\"datePublished\":\"2024-06-10T08:35:09+00:00\",\"dateModified\":\"2024-06-10T09:19:58+00:00\",\"description\":\"Est-il possible de mettre en \u0153uvre une analyse d'impact sur la protection des donn\u00e9es \u00e0 post\u00e9riori? Quand r\u00e9alise-t-on l'analyse d'impact?\",\"breadcrumb\":{\"@id\":\"https:\/\/blogdelarechercheclinique.com\/rgpd-analyse-impact-a-posteriori\/#breadcrumb\"},\"inLanguage\":\"en-US\",\"potentialAction\":[{\"@type\":\"ReadAction\",\"target\":[\"https:\/\/blogdelarechercheclinique.com\/rgpd-analyse-impact-a-posteriori\/\"]}]},{\"@type\":\"ImageObject\",\"inLanguage\":\"en-US\",\"@id\":\"https:\/\/blogdelarechercheclinique.com\/rgpd-analyse-impact-a-posteriori\/#primaryimage\",\"url\":\"https:\/\/i0.wp.com\/blogdelarechercheclinique.com\/blog-contenu\/uploads\/2024\/06\/analyse-dimpact-RGPD.png?fit=555%2C310&ssl=1\",\"contentUrl\":\"https:\/\/i0.wp.com\/blogdelarechercheclinique.com\/blog-contenu\/uploads\/2024\/06\/analyse-dimpact-RGPD.png?fit=555%2C310&ssl=1\",\"width\":555,\"height\":310,\"caption\":\"analyse d'impact RGPD\"},{\"@type\":\"BreadcrumbList\",\"@id\":\"https:\/\/blogdelarechercheclinique.com\/rgpd-analyse-impact-a-posteriori\/#breadcrumb\",\"itemListElement\":[{\"@type\":\"ListItem\",\"position\":1,\"name\":\"Accueil\",\"item\":\"https:\/\/blogdelarechercheclinique.com\/\"},{\"@type\":\"ListItem\",\"position\":2,\"name\":\"RGPD : peut-on faire une analyse d&rsquo;impact \u00e0 posteriori?\"}]},{\"@type\":\"WebSite\",\"@id\":\"https:\/\/blogdelarechercheclinique.com\/#website\",\"url\":\"https:\/\/blogdelarechercheclinique.com\/\",\"name\":\"Blog de la recherche clinique\",\"description\":\"\",\"publisher\":{\"@id\":\"https:\/\/blogdelarechercheclinique.com\/#organization\"},\"potentialAction\":[{\"@type\":\"SearchAction\",\"target\":{\"@type\":\"EntryPoint\",\"urlTemplate\":\"https:\/\/blogdelarechercheclinique.com\/?s={search_term_string}\"},\"query-input\":{\"@type\":\"PropertyValueSpecification\",\"valueRequired\":true,\"valueName\":\"search_term_string\"}}],\"inLanguage\":\"en-US\"},{\"@type\":\"Organization\",\"@id\":\"https:\/\/blogdelarechercheclinique.com\/#organization\",\"name\":\"Blog de la recherche clinique\",\"url\":\"https:\/\/blogdelarechercheclinique.com\/\",\"logo\":{\"@type\":\"ImageObject\",\"inLanguage\":\"en-US\",\"@id\":\"https:\/\/blogdelarechercheclinique.com\/#\/schema\/logo\/image\/\",\"url\":\"https:\/\/i0.wp.com\/blogdelarechercheclinique.com\/blog-contenu\/uploads\/2024\/04\/cropped-BLOG-logo.png?fit=512%2C512&ssl=1\",\"contentUrl\":\"https:\/\/i0.wp.com\/blogdelarechercheclinique.com\/blog-contenu\/uploads\/2024\/04\/cropped-BLOG-logo.png?fit=512%2C512&ssl=1\",\"width\":512,\"height\":512,\"caption\":\"Blog de la recherche clinique\"},\"image\":{\"@id\":\"https:\/\/blogdelarechercheclinique.com\/#\/schema\/logo\/image\/\"},\"sameAs\":[\"https:\/\/www.facebook.com\/blogdelarechercheclinique\"]},{\"@type\":\"Person\",\"@id\":\"https:\/\/blogdelarechercheclinique.com\/#\/schema\/person\/13ee3f7a1251afe7e98918a482685938\",\"name\":\"Vanessa Montanari\",\"image\":{\"@type\":\"ImageObject\",\"inLanguage\":\"en-US\",\"@id\":\"https:\/\/blogdelarechercheclinique.com\/#\/schema\/person\/image\/\",\"url\":\"https:\/\/secure.gravatar.com\/avatar\/ddf428208f542d6c2239ace6606ebe9beb71049642a9c784967f23e4e76e8efc?s=96&d=mm&r=g\",\"contentUrl\":\"https:\/\/secure.gravatar.com\/avatar\/ddf428208f542d6c2239ace6606ebe9beb71049642a9c784967f23e4e76e8efc?s=96&d=mm&r=g\",\"caption\":\"Vanessa Montanari\"},\"url\":\"https:\/\/blogdelarechercheclinique.com\/en\/author\/vanessa\/\"}]}<\/script>\n<!-- \/ Yoast SEO plugin. -->","yoast_head_json":{"title":"RGPD : peut-on faire une analyse d'impact \u00e0 posteriori?","robots":{"index":"index","follow":"follow","max-snippet":"max-snippet:-1","max-image-preview":"max-image-preview:large","max-video-preview":"max-video-preview:-1"},"canonical":"https:\/\/blogdelarechercheclinique.com\/en\/rgpd-analyse-impact-a-posteriori\/","og_locale":"en_US","og_type":"article","og_title":"RGPD : peut-on faire une analyse d'impact \u00e0 posteriori? -","og_url":"https:\/\/blogdelarechercheclinique.com\/en\/rgpd-analyse-impact-a-posteriori\/","article_publisher":"https:\/\/www.facebook.com\/blogdelarechercheclinique","article_published_time":"2024-06-10T08:35:09+00:00","article_modified_time":"2024-06-10T09:19:58+00:00","og_image":[{"width":555,"height":310,"url":"https:\/\/i0.wp.com\/blogdelarechercheclinique.com\/blog-contenu\/uploads\/2024\/06\/analyse-dimpact-RGPD.png?fit=555%2C310&ssl=1","type":"image\/png"}],"author":"Vanessa Montanari","twitter_card":"summary_large_image","twitter_misc":{"Written by":"Vanessa Montanari","Est. reading time":"3 minutes"},"schema":{"@context":"https:\/\/schema.org","@graph":[{"@type":"Article","@id":"https:\/\/blogdelarechercheclinique.com\/rgpd-analyse-impact-a-posteriori\/#article","isPartOf":{"@id":"https:\/\/blogdelarechercheclinique.com\/rgpd-analyse-impact-a-posteriori\/"},"author":{"name":"Vanessa Montanari","@id":"https:\/\/blogdelarechercheclinique.com\/#\/schema\/person\/13ee3f7a1251afe7e98918a482685938"},"headline":"RGPD : peut-on faire une analyse d&rsquo;impact \u00e0 posteriori?","datePublished":"2024-06-10T08:35:09+00:00","dateModified":"2024-06-10T09:19:58+00:00","mainEntityOfPage":{"@id":"https:\/\/blogdelarechercheclinique.com\/rgpd-analyse-impact-a-posteriori\/"},"wordCount":581,"commentCount":0,"publisher":{"@id":"https:\/\/blogdelarechercheclinique.com\/#organization"},"image":{"@id":"https:\/\/blogdelarechercheclinique.com\/rgpd-analyse-impact-a-posteriori\/#primaryimage"},"thumbnailUrl":"https:\/\/i0.wp.com\/blogdelarechercheclinique.com\/blog-contenu\/uploads\/2024\/06\/analyse-dimpact-RGPD.png?fit=555%2C310&ssl=1","articleSection":["Les r\u00e8glementaires"],"inLanguage":"en-US","potentialAction":[{"@type":"CommentAction","name":"Comment","target":["https:\/\/blogdelarechercheclinique.com\/rgpd-analyse-impact-a-posteriori\/#respond"]}]},{"@type":"WebPage","@id":"https:\/\/blogdelarechercheclinique.com\/rgpd-analyse-impact-a-posteriori\/","url":"https:\/\/blogdelarechercheclinique.com\/rgpd-analyse-impact-a-posteriori\/","name":"RGPD : peut-on faire une analyse d'impact \u00e0 posteriori?","isPartOf":{"@id":"https:\/\/blogdelarechercheclinique.com\/#website"},"primaryImageOfPage":{"@id":"https:\/\/blogdelarechercheclinique.com\/rgpd-analyse-impact-a-posteriori\/#primaryimage"},"image":{"@id":"https:\/\/blogdelarechercheclinique.com\/rgpd-analyse-impact-a-posteriori\/#primaryimage"},"thumbnailUrl":"https:\/\/i0.wp.com\/blogdelarechercheclinique.com\/blog-contenu\/uploads\/2024\/06\/analyse-dimpact-RGPD.png?fit=555%2C310&ssl=1","datePublished":"2024-06-10T08:35:09+00:00","dateModified":"2024-06-10T09:19:58+00:00","description":"Est-il possible de mettre en \u0153uvre une analyse d'impact sur la protection des donn\u00e9es \u00e0 post\u00e9riori? Quand r\u00e9alise-t-on l'analyse d'impact?","breadcrumb":{"@id":"https:\/\/blogdelarechercheclinique.com\/rgpd-analyse-impact-a-posteriori\/#breadcrumb"},"inLanguage":"en-US","potentialAction":[{"@type":"ReadAction","target":["https:\/\/blogdelarechercheclinique.com\/rgpd-analyse-impact-a-posteriori\/"]}]},{"@type":"ImageObject","inLanguage":"en-US","@id":"https:\/\/blogdelarechercheclinique.com\/rgpd-analyse-impact-a-posteriori\/#primaryimage","url":"https:\/\/i0.wp.com\/blogdelarechercheclinique.com\/blog-contenu\/uploads\/2024\/06\/analyse-dimpact-RGPD.png?fit=555%2C310&ssl=1","contentUrl":"https:\/\/i0.wp.com\/blogdelarechercheclinique.com\/blog-contenu\/uploads\/2024\/06\/analyse-dimpact-RGPD.png?fit=555%2C310&ssl=1","width":555,"height":310,"caption":"analyse d'impact RGPD"},{"@type":"BreadcrumbList","@id":"https:\/\/blogdelarechercheclinique.com\/rgpd-analyse-impact-a-posteriori\/#breadcrumb","itemListElement":[{"@type":"ListItem","position":1,"name":"Accueil","item":"https:\/\/blogdelarechercheclinique.com\/"},{"@type":"ListItem","position":2,"name":"RGPD : peut-on faire une analyse d&rsquo;impact \u00e0 posteriori?"}]},{"@type":"WebSite","@id":"https:\/\/blogdelarechercheclinique.com\/#website","url":"https:\/\/blogdelarechercheclinique.com\/","name":"Blog de la recherche clinique","description":"","publisher":{"@id":"https:\/\/blogdelarechercheclinique.com\/#organization"},"potentialAction":[{"@type":"SearchAction","target":{"@type":"EntryPoint","urlTemplate":"https:\/\/blogdelarechercheclinique.com\/?s={search_term_string}"},"query-input":{"@type":"PropertyValueSpecification","valueRequired":true,"valueName":"search_term_string"}}],"inLanguage":"en-US"},{"@type":"Organization","@id":"https:\/\/blogdelarechercheclinique.com\/#organization","name":"Blog de la recherche clinique","url":"https:\/\/blogdelarechercheclinique.com\/","logo":{"@type":"ImageObject","inLanguage":"en-US","@id":"https:\/\/blogdelarechercheclinique.com\/#\/schema\/logo\/image\/","url":"https:\/\/i0.wp.com\/blogdelarechercheclinique.com\/blog-contenu\/uploads\/2024\/04\/cropped-BLOG-logo.png?fit=512%2C512&ssl=1","contentUrl":"https:\/\/i0.wp.com\/blogdelarechercheclinique.com\/blog-contenu\/uploads\/2024\/04\/cropped-BLOG-logo.png?fit=512%2C512&ssl=1","width":512,"height":512,"caption":"Blog de la recherche clinique"},"image":{"@id":"https:\/\/blogdelarechercheclinique.com\/#\/schema\/logo\/image\/"},"sameAs":["https:\/\/www.facebook.com\/blogdelarechercheclinique"]},{"@type":"Person","@id":"https:\/\/blogdelarechercheclinique.com\/#\/schema\/person\/13ee3f7a1251afe7e98918a482685938","name":"Vanessa Montanari","image":{"@type":"ImageObject","inLanguage":"en-US","@id":"https:\/\/blogdelarechercheclinique.com\/#\/schema\/person\/image\/","url":"https:\/\/secure.gravatar.com\/avatar\/ddf428208f542d6c2239ace6606ebe9beb71049642a9c784967f23e4e76e8efc?s=96&d=mm&r=g","contentUrl":"https:\/\/secure.gravatar.com\/avatar\/ddf428208f542d6c2239ace6606ebe9beb71049642a9c784967f23e4e76e8efc?s=96&d=mm&r=g","caption":"Vanessa Montanari"},"url":"https:\/\/blogdelarechercheclinique.com\/en\/author\/vanessa\/"}]}},"jetpack_featured_media_url":"https:\/\/i0.wp.com\/blogdelarechercheclinique.com\/blog-contenu\/uploads\/2024\/06\/analyse-dimpact-RGPD.png?fit=555%2C310&ssl=1","jetpack-related-posts":[{"id":14350,"url":"https:\/\/blogdelarechercheclinique.com\/en\/tec-obligations-rgpd\/","url_meta":{"origin":14360,"position":0},"title":"TEC : Mise en place des obligations li\u00e9es au RGPD","author":"Vanessa Montanari","date":"10 June 2024","format":false,"excerpt":"On se retrouve aujourd\u2019hui une nouvelle fois pour parler du RGPD, le R\u00e8glement G\u00e9n\u00e9ral sur la Protection des Donn\u00e9es. Je vous rappelle, ce texte sert de r\u00e9f\u00e9rence en mati\u00e8re de protection des donn\u00e9es \u00e0 caract\u00e8re personnel au sein de l\u2019UE. Il est entr\u00e9 en application le 25 mai 2018 dans\u2026","rel":"","context":"In &quot;Les r\u00e8glementaires&quot;","block_context":{"text":"Les r\u00e8glementaires","link":"https:\/\/blogdelarechercheclinique.com\/en\/category\/reglementaires\/"},"img":{"alt_text":"Technicien en \u00e9tude clinique","src":"https:\/\/i0.wp.com\/blogdelarechercheclinique.com\/blog-contenu\/uploads\/2024\/06\/TEC.png?fit=550%2C307&ssl=1&resize=350%2C200","width":350,"height":200,"srcset":"https:\/\/i0.wp.com\/blogdelarechercheclinique.com\/blog-contenu\/uploads\/2024\/06\/TEC.png?fit=550%2C307&ssl=1&resize=350%2C200 1x, https:\/\/i0.wp.com\/blogdelarechercheclinique.com\/blog-contenu\/uploads\/2024\/06\/TEC.png?fit=550%2C307&ssl=1&resize=525%2C300 1.5x"},"classes":[]},{"id":11664,"url":"https:\/\/blogdelarechercheclinique.com\/en\/apres-anonymisation-rgpd-s-applique\/","url_meta":{"origin":14360,"position":1},"title":"Lorsqu\u2019une entreprise utilise l\u2019anonymisation, le RGPD s\u2019applique t-il \u00e0 elle ?","author":"Vanessa Montanari","date":"21 April 2021","format":false,"excerpt":"on se retrouve pour parler du R\u00e8glement G\u00e9n\u00e9ral sur la Protection des Donn\u00e9es (ou RGPD). Il s'agit du texte de r\u00e9f\u00e9rence en mati\u00e8re de protection des donn\u00e9es \u00e0 caract\u00e8re personnel. Le RGPD est entr\u00e9 en application le 25 mai 2018 dans les Etats membres de l\u2019UE.","rel":"","context":"In &quot;Les r\u00e8glementaires&quot;","block_context":{"text":"Les r\u00e8glementaires","link":"https:\/\/blogdelarechercheclinique.com\/en\/category\/reglementaires\/"},"img":{"alt_text":"Anonymisation et RGPD","src":"https:\/\/i0.wp.com\/blogdelarechercheclinique.com\/blog-contenu\/uploads\/2021\/04\/Anonymisation-RGPD.jpg?fit=450%2C300&ssl=1&resize=350%2C200","width":350,"height":200},"classes":[]},{"id":11674,"url":"https:\/\/blogdelarechercheclinique.com\/en\/designer-dpo-dehors-union-europeenne\/","url_meta":{"origin":14360,"position":2},"title":"Peut-on designer un DPO en dehors de l&rsquo;Union Europ\u00e9enne?","author":"Vanessa Montanari","date":"21 April 2021","format":false,"excerpt":"Est-il possible de designer un DPO en dehors de l'Union Europ\u00e9en? Comment designer son DPO en dehors de l'Union Europ\u00e9en.","rel":"","context":"In &quot;Les r\u00e8glementaires&quot;","block_context":{"text":"Les r\u00e8glementaires","link":"https:\/\/blogdelarechercheclinique.com\/en\/category\/reglementaires\/"},"img":{"alt_text":"Designer un DPO hors UE","src":"https:\/\/i0.wp.com\/blogdelarechercheclinique.com\/blog-contenu\/uploads\/2021\/04\/Outside-UE.png?fit=1138%2C562&ssl=1&resize=350%2C200","width":350,"height":200,"srcset":"https:\/\/i0.wp.com\/blogdelarechercheclinique.com\/blog-contenu\/uploads\/2021\/04\/Outside-UE.png?fit=1138%2C562&ssl=1&resize=350%2C200 1x, https:\/\/i0.wp.com\/blogdelarechercheclinique.com\/blog-contenu\/uploads\/2021\/04\/Outside-UE.png?fit=1138%2C562&ssl=1&resize=525%2C300 1.5x, https:\/\/i0.wp.com\/blogdelarechercheclinique.com\/blog-contenu\/uploads\/2021\/04\/Outside-UE.png?fit=1138%2C562&ssl=1&resize=700%2C400 2x, https:\/\/i0.wp.com\/blogdelarechercheclinique.com\/blog-contenu\/uploads\/2021\/04\/Outside-UE.png?fit=1138%2C562&ssl=1&resize=1050%2C600 3x"},"classes":[]},{"id":14387,"url":"https:\/\/blogdelarechercheclinique.com\/en\/dpo-delegue-protection-donnees\/","url_meta":{"origin":14360,"position":3},"title":"Comment \u00eatre DPO (d\u00e9l\u00e9gu\u00e9 \u00e0 la protection des donn\u00e9es)?","author":"Vanessa Montanari","date":"10 June 2024","format":false,"excerpt":"La question du jour est celle de savoir comment devenir DPO. Pour rappel, le DPO ou d\u00e9l\u00e9gu\u00e9 \u00e0 la protection des donn\u00e9es, data protection officer, c\u2019est la personne qui va s\u2019occuper de la conformit\u00e9 de l\u2019entreprise qui l\u2019a d\u00e9sign\u00e9 au RGPD. C\u2019est-\u00e0-dire que c\u2019est lui qui va mettre en place\u2026","rel":"","context":"In &quot;Les r\u00e8glementaires&quot;","block_context":{"text":"Les r\u00e8glementaires","link":"https:\/\/blogdelarechercheclinique.com\/en\/category\/reglementaires\/"},"img":{"alt_text":"D\u00e9l\u00e9gu\u00e9 \u00e0 la protection des donn\u00e9es","src":"https:\/\/i0.wp.com\/blogdelarechercheclinique.com\/blog-contenu\/uploads\/2024\/06\/DPO.png?fit=552%2C308&ssl=1&resize=350%2C200","width":350,"height":200,"srcset":"https:\/\/i0.wp.com\/blogdelarechercheclinique.com\/blog-contenu\/uploads\/2024\/06\/DPO.png?fit=552%2C308&ssl=1&resize=350%2C200 1x, https:\/\/i0.wp.com\/blogdelarechercheclinique.com\/blog-contenu\/uploads\/2024\/06\/DPO.png?fit=552%2C308&ssl=1&resize=525%2C300 1.5x"},"classes":[]},{"id":14403,"url":"https:\/\/blogdelarechercheclinique.com\/en\/seisme-invalidation-privacy-shield-recherche-clinique\/","url_meta":{"origin":14360,"position":4},"title":"Le s\u00e9isme: invalidation du privacy shield et recherche clinique","author":"Vanessa Montanari","date":"11 June 2024","format":false,"excerpt":"Aujourd'hui, on va aborder le th\u00e8me de la protection des donn\u00e9es personnelles \u00e0 travers l'invalidation du privacy shield.","rel":"","context":"In &quot;Jeux - \u00e9v\u00e8nements&quot;","block_context":{"text":"Jeux - \u00e9v\u00e8nements","link":"https:\/\/blogdelarechercheclinique.com\/en\/category\/jeux-evenements\/"},"img":{"alt_text":"Privacy shield","src":"https:\/\/i0.wp.com\/blogdelarechercheclinique.com\/blog-contenu\/uploads\/2024\/06\/invalidation-privacy-shield.png?fit=552%2C307&ssl=1&resize=350%2C200","width":350,"height":200,"srcset":"https:\/\/i0.wp.com\/blogdelarechercheclinique.com\/blog-contenu\/uploads\/2024\/06\/invalidation-privacy-shield.png?fit=552%2C307&ssl=1&resize=350%2C200 1x, https:\/\/i0.wp.com\/blogdelarechercheclinique.com\/blog-contenu\/uploads\/2024\/06\/invalidation-privacy-shield.png?fit=552%2C307&ssl=1&resize=525%2C300 1.5x"},"classes":[]},{"id":14382,"url":"https:\/\/blogdelarechercheclinique.com\/en\/rgpd-droit-a-la-portabilite-donnees-a-caractere-personnel\/","url_meta":{"origin":14360,"position":5},"title":"RGPD: Droit \u00e0 la portabilit\u00e9 donn\u00e9es \u00e0 caract\u00e8re personnel","author":"Vanessa Montanari","date":"10 June 2024","format":false,"excerpt":"Le patient a-t-il le droit de r\u00e9cup\u00e9rer ses donn\u00e9es pour les transf\u00e9rer? Le droit \u00e0 la portabilit\u00e9, il permet donc \u00e0 une personne concern\u00e9e de r\u00e9cup\u00e9rer ses donn\u00e9es \u00e9lectroniques (seulement les donn\u00e9es \u00e9lectroniques) dans un format ouvert et lisible par machine.","rel":"","context":"In &quot;Les r\u00e8glementaires&quot;","block_context":{"text":"Les r\u00e8glementaires","link":"https:\/\/blogdelarechercheclinique.com\/en\/category\/reglementaires\/"},"img":{"alt_text":"R\u00e9cup\u00e9ration donn\u00e9es personnelles","src":"https:\/\/i0.wp.com\/blogdelarechercheclinique.com\/blog-contenu\/uploads\/2024\/06\/droit-recuperer-donnees.png?fit=562%2C306&ssl=1&resize=350%2C200","width":350,"height":200,"srcset":"https:\/\/i0.wp.com\/blogdelarechercheclinique.com\/blog-contenu\/uploads\/2024\/06\/droit-recuperer-donnees.png?fit=562%2C306&ssl=1&resize=350%2C200 1x, https:\/\/i0.wp.com\/blogdelarechercheclinique.com\/blog-contenu\/uploads\/2024\/06\/droit-recuperer-donnees.png?fit=562%2C306&ssl=1&resize=525%2C300 1.5x"},"classes":[]}],"jetpack_sharing_enabled":true,"_links":{"self":[{"href":"https:\/\/blogdelarechercheclinique.com\/en\/wp-json\/wp\/v2\/posts\/14360","targetHints":{"allow":["GET"]}}],"collection":[{"href":"https:\/\/blogdelarechercheclinique.com\/en\/wp-json\/wp\/v2\/posts"}],"about":[{"href":"https:\/\/blogdelarechercheclinique.com\/en\/wp-json\/wp\/v2\/types\/post"}],"author":[{"embeddable":true,"href":"https:\/\/blogdelarechercheclinique.com\/en\/wp-json\/wp\/v2\/users\/4"}],"replies":[{"embeddable":true,"href":"https:\/\/blogdelarechercheclinique.com\/en\/wp-json\/wp\/v2\/comments?post=14360"}],"version-history":[{"count":1,"href":"https:\/\/blogdelarechercheclinique.com\/en\/wp-json\/wp\/v2\/posts\/14360\/revisions"}],"predecessor-version":[{"id":14362,"href":"https:\/\/blogdelarechercheclinique.com\/en\/wp-json\/wp\/v2\/posts\/14360\/revisions\/14362"}],"wp:featuredmedia":[{"embeddable":true,"href":"https:\/\/blogdelarechercheclinique.com\/en\/wp-json\/wp\/v2\/media\/14361"}],"wp:attachment":[{"href":"https:\/\/blogdelarechercheclinique.com\/en\/wp-json\/wp\/v2\/media?parent=14360"}],"wp:term":[{"taxonomy":"category","embeddable":true,"href":"https:\/\/blogdelarechercheclinique.com\/en\/wp-json\/wp\/v2\/categories?post=14360"},{"taxonomy":"post_tag","embeddable":true,"href":"https:\/\/blogdelarechercheclinique.com\/en\/wp-json\/wp\/v2\/tags?post=14360"}],"curies":[{"name":"wp","href":"https:\/\/api.w.org\/{rel}","templated":true}]}}