{"id":14368,"date":"2024-06-10T14:37:15","date_gmt":"2024-06-10T12:37:15","guid":{"rendered":"https:\/\/blogdelarechercheclinique.com\/?p=14368"},"modified":"2024-06-10T14:37:58","modified_gmt":"2024-06-10T12:37:58","slug":"rgpd-certification-conformite-processus-entreprise","status":"publish","type":"post","link":"https:\/\/blogdelarechercheclinique.com\/en\/rgpd-certification-conformite-processus-entreprise\/","title":{"rendered":"RGPD: Certification et conformit\u00e9 des processus en entreprise"},"content":{"rendered":"<p><iframe data-src=\"https:\/\/www.youtube.com\/embed\/OP9apDbvpdw\" width=\"560\" height=\"315\" frameborder=\"0\" allowfullscreen=\"allowfullscreen\" src=\"data:image\/svg+xml;base64,PHN2ZyB3aWR0aD0iMSIgaGVpZ2h0PSIxIiB4bWxucz0iaHR0cDovL3d3dy53My5vcmcvMjAwMC9zdmciPjwvc3ZnPg==\" class=\"lazyload\" data-load-mode=\"1\"><\/iframe><\/p>\n<p>Bonjour \u00e0 tous, c\u2019est Manon DURAND, juriste sant\u00e9 au sein de l\u2019entreprise Pharmaspecific.<\/p>\n<p>On se retrouve encore pour parler du R\u00e8glement G\u00e9n\u00e9ral sur la Protection des Donn\u00e9es (le RGPD). Le RGPD est le texte de r\u00e9f\u00e9rence en mati\u00e8re de protection des donn\u00e9es \u00e0 caract\u00e8re personnel. Il est entr\u00e9 en application au sein de l\u2019Union Europ\u00e9enne le 25 mai 2018.<\/p>\n<h2>Est-ce qu&rsquo;on pourrait avoir une certification en RGPD pour son entreprise?<\/h2>\n<p>Aujourd\u2019hui on s\u2019int\u00e9resse \u00e0 la certification. On veut savoir s\u2019il existe une <a href=\"https:\/\/blogdelarechercheclinique.com\/en\/\"><strong>certification en mati\u00e8re de RGPD<\/strong><\/a>. D\u2019abord, la certification elle est pr\u00e9vue par le RGPD en ses articles 42 et 43. Elle va permettre \u00e0 un responsable de traitement de demander \u00e0 ce qu\u2019un organisme certification tiers atteste de la <strong>conformit\u00e9 de ses processus<\/strong>, produits, services ou comp\u00e9tences aux caract\u00e9ristiques qui vont \u00eatre d\u00e9finies dans un r\u00e9f\u00e9rentiel donn\u00e9. L\u2019organisme certificateur, il doit \u00eatre ind\u00e9pendant et impartial, forc\u00e9ment, et pour cela, il y a deux mani\u00e8res\u00a0: soit l\u2019organisme a re\u00e7u un <strong><a href=\"https:\/\/blogdelarechercheclinique.com\/en\/rgpd-qui-doit-faire-la-notification-de-violation-a-la-cnil\/\">agr\u00e9ment aupr\u00e8s de la CNIL<\/a><\/strong>, soit il a \u00e9t\u00e9 accr\u00e9dit\u00e9 par le comit\u00e9 fran\u00e7ais d\u2019accr\u00e9ditation (COFRAC).<\/p>\n<h2>L&rsquo;utilit\u00e9 d&rsquo;une certification en RGPD pour son entreprise<\/h2>\n<p>La certification, elle va permettre \u00e0 un organisme de prouver sa conformit\u00e9 au RGPD et ainsi, d\u2019\u00eatre un gage de confiance pour ses clients. La certification la plus connue en termes de protection des donn\u00e9es \u00e0 caract\u00e8re personnel c\u2019est la <a href=\"https:\/\/pharmaspecific.com\/service\/delegue-a-la-protection-des-donnees\"><strong>certification des comp\u00e9tences du DPO<\/strong><\/a>, donc du d\u00e9l\u00e9gu\u00e9 \u00e0 la protection des donn\u00e9es, et le fait de passer cette certification va permettre \u00e0 l\u2019entreprise de prouver que son DPO, la personne donc qui s\u2019occupe de tous les aspects li\u00e9s au RGPD, exerce ses missions conform\u00e9ment aux r\u00e9f\u00e9rentiels qui est fourni par la CNIL. Donc, encore une fois, il s\u2019agira d\u2019un gage de confiance aupr\u00e8s de vos clients.<\/p>\n<p>En conclusion, il est possible d\u2019obtenir une certification RGPD. Il y en a qui sont diff\u00e9rentes sur diff\u00e9rents sujets mais la principale c\u2019est bien celle des comp\u00e9tences du DPO. Si vous souhaitez avoir recours \u00e0 une certification, vous pouvez vous rendre sur le site du COFRAC (comit\u00e9 fran\u00e7ais d\u2019accr\u00e9ditation) puisqu\u2019il liste l\u2019ensemble des organismes certificateurs.<\/p>\n<p>Voil\u00e0, c\u2019est tout pour cette vid\u00e9o, j\u2019esp\u00e8re qu\u2019elle vous aura plu. Si c\u2019est le cas n\u2019h\u00e9sitez pas \u00e0 vous abonner \u00e0 notre cha\u00eene, \u00e0 aimer cette vid\u00e9o et vous retrouverez en barre d\u2019information les informations concernant notre veille juridique mensuelle et le conseil juridique en recherche clinique. Quant \u00e0 moi je vous retrouve bient\u00f4t pour une prochaine vid\u00e9o.<\/p>\n<p>www.pharmaspecific-training.com<\/p>","protected":false},"excerpt":{"rendered":"<p>Le RGPD est le texte de r\u00e9f\u00e9rence en mati\u00e8re de protection des donn\u00e9es \u00e0 caract\u00e8re personnel. Il est entr\u00e9 en application au sein de l\u2019Union Europ\u00e9enne le 25 mai 2018.<\/p>","protected":false},"author":4,"featured_media":14369,"comment_status":"open","ping_status":"open","sticky":false,"template":"","format":"standard","meta":{"om_disable_all_campaigns":false,"rop_custom_images_group":[],"rop_custom_messages_group":[],"rop_publish_now":"initial","rop_publish_now_accounts":{"facebook_122143508198123560_331463380343150":""},"rop_publish_now_history":[],"rop_publish_now_status":"pending","_sitemap_exclude":false,"_sitemap_priority":"","_sitemap_frequency":"","_exactmetrics_skip_tracking":false,"_exactmetrics_sitenote_active":false,"_exactmetrics_sitenote_note":"","_exactmetrics_sitenote_category":0,"_jetpack_memberships_contains_paid_content":false,"footnotes":""},"categories":[389],"tags":[],"class_list":{"0":"post-14368","1":"post","2":"type-post","3":"status-publish","4":"format-standard","5":"has-post-thumbnail","7":"category-reglementaires"},"translation":{"provider":"WPGlobus","version":"3.0.2","language":"en","enabled_languages":["fr","en"],"languages":{"fr":{"title":true,"content":true,"excerpt":true},"en":{"title":false,"content":false,"excerpt":false}}},"yoast_head":"<!-- This site is optimized with the Yoast SEO plugin v26.9 - https:\/\/yoast.com\/product\/yoast-seo-wordpress\/ -->\n<title>RGPD: Certification et conformit\u00e9 des processus en entreprise<\/title>\n<meta name=\"robots\" content=\"index, follow, max-snippet:-1, max-image-preview:large, max-video-preview:-1\" \/>\n<link rel=\"canonical\" href=\"https:\/\/blogdelarechercheclinique.com\/en\/rgpd-certification-conformite-processus-entreprise\/\" \/>\n<meta property=\"og:locale\" content=\"en_US\" \/>\n<meta property=\"og:type\" content=\"article\" \/>\n<meta property=\"og:title\" content=\"RGPD: Certification et conformit\u00e9 des processus en entreprise -\" \/>\n<meta property=\"og:url\" content=\"https:\/\/blogdelarechercheclinique.com\/en\/rgpd-certification-conformite-processus-entreprise\/\" \/>\n<meta property=\"article:publisher\" content=\"https:\/\/www.facebook.com\/blogdelarechercheclinique\" \/>\n<meta property=\"article:published_time\" content=\"2024-06-10T12:37:15+00:00\" \/>\n<meta property=\"article:modified_time\" content=\"2024-06-10T12:37:58+00:00\" \/>\n<meta property=\"og:image\" content=\"https:\/\/i0.wp.com\/blogdelarechercheclinique.com\/blog-contenu\/uploads\/2024\/06\/Certification-RGPD.png?fit=552%2C307&ssl=1\" \/>\n\t<meta property=\"og:image:width\" content=\"552\" \/>\n\t<meta property=\"og:image:height\" content=\"307\" \/>\n\t<meta property=\"og:image:type\" content=\"image\/png\" \/>\n<meta name=\"author\" content=\"Vanessa Montanari\" \/>\n<meta name=\"twitter:card\" content=\"summary_large_image\" \/>\n<meta name=\"twitter:label1\" content=\"Written by\" \/>\n\t<meta name=\"twitter:data1\" content=\"Vanessa Montanari\" \/>\n\t<meta name=\"twitter:label2\" content=\"Est. reading time\" \/>\n\t<meta name=\"twitter:data2\" content=\"3 minutes\" \/>\n<script type=\"application\/ld+json\" class=\"yoast-schema-graph\">{\"@context\":\"https:\/\/schema.org\",\"@graph\":[{\"@type\":\"Article\",\"@id\":\"https:\/\/blogdelarechercheclinique.com\/rgpd-certification-conformite-processus-entreprise\/#article\",\"isPartOf\":{\"@id\":\"https:\/\/blogdelarechercheclinique.com\/rgpd-certification-conformite-processus-entreprise\/\"},\"author\":{\"name\":\"Vanessa Montanari\",\"@id\":\"https:\/\/blogdelarechercheclinique.com\/#\/schema\/person\/13ee3f7a1251afe7e98918a482685938\"},\"headline\":\"RGPD: Certification et conformit\u00e9 des processus en entreprise\",\"datePublished\":\"2024-06-10T12:37:15+00:00\",\"dateModified\":\"2024-06-10T12:37:58+00:00\",\"mainEntityOfPage\":{\"@id\":\"https:\/\/blogdelarechercheclinique.com\/rgpd-certification-conformite-processus-entreprise\/\"},\"wordCount\":479,\"commentCount\":0,\"publisher\":{\"@id\":\"https:\/\/blogdelarechercheclinique.com\/#organization\"},\"image\":{\"@id\":\"https:\/\/blogdelarechercheclinique.com\/rgpd-certification-conformite-processus-entreprise\/#primaryimage\"},\"thumbnailUrl\":\"https:\/\/i0.wp.com\/blogdelarechercheclinique.com\/blog-contenu\/uploads\/2024\/06\/Certification-RGPD.png?fit=552%2C307&ssl=1\",\"articleSection\":[\"Les r\u00e8glementaires\"],\"inLanguage\":\"en-US\",\"potentialAction\":[{\"@type\":\"CommentAction\",\"name\":\"Comment\",\"target\":[\"https:\/\/blogdelarechercheclinique.com\/rgpd-certification-conformite-processus-entreprise\/#respond\"]}]},{\"@type\":\"WebPage\",\"@id\":\"https:\/\/blogdelarechercheclinique.com\/rgpd-certification-conformite-processus-entreprise\/\",\"url\":\"https:\/\/blogdelarechercheclinique.com\/rgpd-certification-conformite-processus-entreprise\/\",\"name\":\"RGPD: Certification et conformit\u00e9 des processus en entreprise\",\"isPartOf\":{\"@id\":\"https:\/\/blogdelarechercheclinique.com\/#website\"},\"primaryImageOfPage\":{\"@id\":\"https:\/\/blogdelarechercheclinique.com\/rgpd-certification-conformite-processus-entreprise\/#primaryimage\"},\"image\":{\"@id\":\"https:\/\/blogdelarechercheclinique.com\/rgpd-certification-conformite-processus-entreprise\/#primaryimage\"},\"thumbnailUrl\":\"https:\/\/i0.wp.com\/blogdelarechercheclinique.com\/blog-contenu\/uploads\/2024\/06\/Certification-RGPD.png?fit=552%2C307&ssl=1\",\"datePublished\":\"2024-06-10T12:37:15+00:00\",\"dateModified\":\"2024-06-10T12:37:58+00:00\",\"description\":\"Est-ce qu'on pourrait avoir une certification en RGPD pour son entreprise? Quel est l'utilit\u00e9 d'une certification en RGPD\",\"breadcrumb\":{\"@id\":\"https:\/\/blogdelarechercheclinique.com\/rgpd-certification-conformite-processus-entreprise\/#breadcrumb\"},\"inLanguage\":\"en-US\",\"potentialAction\":[{\"@type\":\"ReadAction\",\"target\":[\"https:\/\/blogdelarechercheclinique.com\/rgpd-certification-conformite-processus-entreprise\/\"]}]},{\"@type\":\"ImageObject\",\"inLanguage\":\"en-US\",\"@id\":\"https:\/\/blogdelarechercheclinique.com\/rgpd-certification-conformite-processus-entreprise\/#primaryimage\",\"url\":\"https:\/\/i0.wp.com\/blogdelarechercheclinique.com\/blog-contenu\/uploads\/2024\/06\/Certification-RGPD.png?fit=552%2C307&ssl=1\",\"contentUrl\":\"https:\/\/i0.wp.com\/blogdelarechercheclinique.com\/blog-contenu\/uploads\/2024\/06\/Certification-RGPD.png?fit=552%2C307&ssl=1\",\"width\":552,\"height\":307,\"caption\":\"Certification RGPD\"},{\"@type\":\"BreadcrumbList\",\"@id\":\"https:\/\/blogdelarechercheclinique.com\/rgpd-certification-conformite-processus-entreprise\/#breadcrumb\",\"itemListElement\":[{\"@type\":\"ListItem\",\"position\":1,\"name\":\"Accueil\",\"item\":\"https:\/\/blogdelarechercheclinique.com\/\"},{\"@type\":\"ListItem\",\"position\":2,\"name\":\"RGPD: Certification et conformit\u00e9 des processus en entreprise\"}]},{\"@type\":\"WebSite\",\"@id\":\"https:\/\/blogdelarechercheclinique.com\/#website\",\"url\":\"https:\/\/blogdelarechercheclinique.com\/\",\"name\":\"Blog de la recherche clinique\",\"description\":\"\",\"publisher\":{\"@id\":\"https:\/\/blogdelarechercheclinique.com\/#organization\"},\"potentialAction\":[{\"@type\":\"SearchAction\",\"target\":{\"@type\":\"EntryPoint\",\"urlTemplate\":\"https:\/\/blogdelarechercheclinique.com\/?s={search_term_string}\"},\"query-input\":{\"@type\":\"PropertyValueSpecification\",\"valueRequired\":true,\"valueName\":\"search_term_string\"}}],\"inLanguage\":\"en-US\"},{\"@type\":\"Organization\",\"@id\":\"https:\/\/blogdelarechercheclinique.com\/#organization\",\"name\":\"Blog de la recherche clinique\",\"url\":\"https:\/\/blogdelarechercheclinique.com\/\",\"logo\":{\"@type\":\"ImageObject\",\"inLanguage\":\"en-US\",\"@id\":\"https:\/\/blogdelarechercheclinique.com\/#\/schema\/logo\/image\/\",\"url\":\"https:\/\/i0.wp.com\/blogdelarechercheclinique.com\/blog-contenu\/uploads\/2024\/04\/cropped-BLOG-logo.png?fit=512%2C512&ssl=1\",\"contentUrl\":\"https:\/\/i0.wp.com\/blogdelarechercheclinique.com\/blog-contenu\/uploads\/2024\/04\/cropped-BLOG-logo.png?fit=512%2C512&ssl=1\",\"width\":512,\"height\":512,\"caption\":\"Blog de la recherche clinique\"},\"image\":{\"@id\":\"https:\/\/blogdelarechercheclinique.com\/#\/schema\/logo\/image\/\"},\"sameAs\":[\"https:\/\/www.facebook.com\/blogdelarechercheclinique\"]},{\"@type\":\"Person\",\"@id\":\"https:\/\/blogdelarechercheclinique.com\/#\/schema\/person\/13ee3f7a1251afe7e98918a482685938\",\"name\":\"Vanessa Montanari\",\"image\":{\"@type\":\"ImageObject\",\"inLanguage\":\"en-US\",\"@id\":\"https:\/\/blogdelarechercheclinique.com\/#\/schema\/person\/image\/\",\"url\":\"https:\/\/secure.gravatar.com\/avatar\/ddf428208f542d6c2239ace6606ebe9beb71049642a9c784967f23e4e76e8efc?s=96&d=mm&r=g\",\"contentUrl\":\"https:\/\/secure.gravatar.com\/avatar\/ddf428208f542d6c2239ace6606ebe9beb71049642a9c784967f23e4e76e8efc?s=96&d=mm&r=g\",\"caption\":\"Vanessa Montanari\"},\"url\":\"https:\/\/blogdelarechercheclinique.com\/en\/author\/vanessa\/\"}]}<\/script>\n<!-- \/ Yoast SEO plugin. -->","yoast_head_json":{"title":"RGPD: Certification et conformit\u00e9 des processus en entreprise","robots":{"index":"index","follow":"follow","max-snippet":"max-snippet:-1","max-image-preview":"max-image-preview:large","max-video-preview":"max-video-preview:-1"},"canonical":"https:\/\/blogdelarechercheclinique.com\/en\/rgpd-certification-conformite-processus-entreprise\/","og_locale":"en_US","og_type":"article","og_title":"RGPD: Certification et conformit\u00e9 des processus en entreprise -","og_url":"https:\/\/blogdelarechercheclinique.com\/en\/rgpd-certification-conformite-processus-entreprise\/","article_publisher":"https:\/\/www.facebook.com\/blogdelarechercheclinique","article_published_time":"2024-06-10T12:37:15+00:00","article_modified_time":"2024-06-10T12:37:58+00:00","og_image":[{"width":552,"height":307,"url":"https:\/\/i0.wp.com\/blogdelarechercheclinique.com\/blog-contenu\/uploads\/2024\/06\/Certification-RGPD.png?fit=552%2C307&ssl=1","type":"image\/png"}],"author":"Vanessa Montanari","twitter_card":"summary_large_image","twitter_misc":{"Written by":"Vanessa Montanari","Est. reading time":"3 minutes"},"schema":{"@context":"https:\/\/schema.org","@graph":[{"@type":"Article","@id":"https:\/\/blogdelarechercheclinique.com\/rgpd-certification-conformite-processus-entreprise\/#article","isPartOf":{"@id":"https:\/\/blogdelarechercheclinique.com\/rgpd-certification-conformite-processus-entreprise\/"},"author":{"name":"Vanessa Montanari","@id":"https:\/\/blogdelarechercheclinique.com\/#\/schema\/person\/13ee3f7a1251afe7e98918a482685938"},"headline":"RGPD: Certification et conformit\u00e9 des processus en entreprise","datePublished":"2024-06-10T12:37:15+00:00","dateModified":"2024-06-10T12:37:58+00:00","mainEntityOfPage":{"@id":"https:\/\/blogdelarechercheclinique.com\/rgpd-certification-conformite-processus-entreprise\/"},"wordCount":479,"commentCount":0,"publisher":{"@id":"https:\/\/blogdelarechercheclinique.com\/#organization"},"image":{"@id":"https:\/\/blogdelarechercheclinique.com\/rgpd-certification-conformite-processus-entreprise\/#primaryimage"},"thumbnailUrl":"https:\/\/i0.wp.com\/blogdelarechercheclinique.com\/blog-contenu\/uploads\/2024\/06\/Certification-RGPD.png?fit=552%2C307&ssl=1","articleSection":["Les r\u00e8glementaires"],"inLanguage":"en-US","potentialAction":[{"@type":"CommentAction","name":"Comment","target":["https:\/\/blogdelarechercheclinique.com\/rgpd-certification-conformite-processus-entreprise\/#respond"]}]},{"@type":"WebPage","@id":"https:\/\/blogdelarechercheclinique.com\/rgpd-certification-conformite-processus-entreprise\/","url":"https:\/\/blogdelarechercheclinique.com\/rgpd-certification-conformite-processus-entreprise\/","name":"RGPD: Certification et conformit\u00e9 des processus en entreprise","isPartOf":{"@id":"https:\/\/blogdelarechercheclinique.com\/#website"},"primaryImageOfPage":{"@id":"https:\/\/blogdelarechercheclinique.com\/rgpd-certification-conformite-processus-entreprise\/#primaryimage"},"image":{"@id":"https:\/\/blogdelarechercheclinique.com\/rgpd-certification-conformite-processus-entreprise\/#primaryimage"},"thumbnailUrl":"https:\/\/i0.wp.com\/blogdelarechercheclinique.com\/blog-contenu\/uploads\/2024\/06\/Certification-RGPD.png?fit=552%2C307&ssl=1","datePublished":"2024-06-10T12:37:15+00:00","dateModified":"2024-06-10T12:37:58+00:00","description":"Est-ce qu'on pourrait avoir une certification en RGPD pour son entreprise? Quel est l'utilit\u00e9 d'une certification en RGPD","breadcrumb":{"@id":"https:\/\/blogdelarechercheclinique.com\/rgpd-certification-conformite-processus-entreprise\/#breadcrumb"},"inLanguage":"en-US","potentialAction":[{"@type":"ReadAction","target":["https:\/\/blogdelarechercheclinique.com\/rgpd-certification-conformite-processus-entreprise\/"]}]},{"@type":"ImageObject","inLanguage":"en-US","@id":"https:\/\/blogdelarechercheclinique.com\/rgpd-certification-conformite-processus-entreprise\/#primaryimage","url":"https:\/\/i0.wp.com\/blogdelarechercheclinique.com\/blog-contenu\/uploads\/2024\/06\/Certification-RGPD.png?fit=552%2C307&ssl=1","contentUrl":"https:\/\/i0.wp.com\/blogdelarechercheclinique.com\/blog-contenu\/uploads\/2024\/06\/Certification-RGPD.png?fit=552%2C307&ssl=1","width":552,"height":307,"caption":"Certification RGPD"},{"@type":"BreadcrumbList","@id":"https:\/\/blogdelarechercheclinique.com\/rgpd-certification-conformite-processus-entreprise\/#breadcrumb","itemListElement":[{"@type":"ListItem","position":1,"name":"Accueil","item":"https:\/\/blogdelarechercheclinique.com\/"},{"@type":"ListItem","position":2,"name":"RGPD: Certification et conformit\u00e9 des processus en entreprise"}]},{"@type":"WebSite","@id":"https:\/\/blogdelarechercheclinique.com\/#website","url":"https:\/\/blogdelarechercheclinique.com\/","name":"Blog de la recherche clinique","description":"","publisher":{"@id":"https:\/\/blogdelarechercheclinique.com\/#organization"},"potentialAction":[{"@type":"SearchAction","target":{"@type":"EntryPoint","urlTemplate":"https:\/\/blogdelarechercheclinique.com\/?s={search_term_string}"},"query-input":{"@type":"PropertyValueSpecification","valueRequired":true,"valueName":"search_term_string"}}],"inLanguage":"en-US"},{"@type":"Organization","@id":"https:\/\/blogdelarechercheclinique.com\/#organization","name":"Blog de la recherche clinique","url":"https:\/\/blogdelarechercheclinique.com\/","logo":{"@type":"ImageObject","inLanguage":"en-US","@id":"https:\/\/blogdelarechercheclinique.com\/#\/schema\/logo\/image\/","url":"https:\/\/i0.wp.com\/blogdelarechercheclinique.com\/blog-contenu\/uploads\/2024\/04\/cropped-BLOG-logo.png?fit=512%2C512&ssl=1","contentUrl":"https:\/\/i0.wp.com\/blogdelarechercheclinique.com\/blog-contenu\/uploads\/2024\/04\/cropped-BLOG-logo.png?fit=512%2C512&ssl=1","width":512,"height":512,"caption":"Blog de la recherche clinique"},"image":{"@id":"https:\/\/blogdelarechercheclinique.com\/#\/schema\/logo\/image\/"},"sameAs":["https:\/\/www.facebook.com\/blogdelarechercheclinique"]},{"@type":"Person","@id":"https:\/\/blogdelarechercheclinique.com\/#\/schema\/person\/13ee3f7a1251afe7e98918a482685938","name":"Vanessa Montanari","image":{"@type":"ImageObject","inLanguage":"en-US","@id":"https:\/\/blogdelarechercheclinique.com\/#\/schema\/person\/image\/","url":"https:\/\/secure.gravatar.com\/avatar\/ddf428208f542d6c2239ace6606ebe9beb71049642a9c784967f23e4e76e8efc?s=96&d=mm&r=g","contentUrl":"https:\/\/secure.gravatar.com\/avatar\/ddf428208f542d6c2239ace6606ebe9beb71049642a9c784967f23e4e76e8efc?s=96&d=mm&r=g","caption":"Vanessa Montanari"},"url":"https:\/\/blogdelarechercheclinique.com\/en\/author\/vanessa\/"}]}},"jetpack_featured_media_url":"https:\/\/i0.wp.com\/blogdelarechercheclinique.com\/blog-contenu\/uploads\/2024\/06\/Certification-RGPD.png?fit=552%2C307&ssl=1","jetpack-related-posts":[{"id":14387,"url":"https:\/\/blogdelarechercheclinique.com\/en\/dpo-delegue-protection-donnees\/","url_meta":{"origin":14368,"position":0},"title":"Comment \u00eatre DPO (d\u00e9l\u00e9gu\u00e9 \u00e0 la protection des donn\u00e9es)?","author":"Vanessa Montanari","date":"10 June 2024","format":false,"excerpt":"La question du jour est celle de savoir comment devenir DPO. Pour rappel, le DPO ou d\u00e9l\u00e9gu\u00e9 \u00e0 la protection des donn\u00e9es, data protection officer, c\u2019est la personne qui va s\u2019occuper de la conformit\u00e9 de l\u2019entreprise qui l\u2019a d\u00e9sign\u00e9 au RGPD. C\u2019est-\u00e0-dire que c\u2019est lui qui va mettre en place\u2026","rel":"","context":"In &quot;Les r\u00e8glementaires&quot;","block_context":{"text":"Les r\u00e8glementaires","link":"https:\/\/blogdelarechercheclinique.com\/en\/category\/reglementaires\/"},"img":{"alt_text":"D\u00e9l\u00e9gu\u00e9 \u00e0 la protection des donn\u00e9es","src":"https:\/\/i0.wp.com\/blogdelarechercheclinique.com\/blog-contenu\/uploads\/2024\/06\/DPO.png?fit=552%2C308&ssl=1&resize=350%2C200","width":350,"height":200,"srcset":"https:\/\/i0.wp.com\/blogdelarechercheclinique.com\/blog-contenu\/uploads\/2024\/06\/DPO.png?fit=552%2C308&ssl=1&resize=350%2C200 1x, https:\/\/i0.wp.com\/blogdelarechercheclinique.com\/blog-contenu\/uploads\/2024\/06\/DPO.png?fit=552%2C308&ssl=1&resize=525%2C300 1.5x"},"classes":[]},{"id":14350,"url":"https:\/\/blogdelarechercheclinique.com\/en\/tec-obligations-rgpd\/","url_meta":{"origin":14368,"position":1},"title":"TEC : Mise en place des obligations li\u00e9es au RGPD","author":"Vanessa Montanari","date":"10 June 2024","format":false,"excerpt":"On se retrouve aujourd\u2019hui une nouvelle fois pour parler du RGPD, le R\u00e8glement G\u00e9n\u00e9ral sur la Protection des Donn\u00e9es. Je vous rappelle, ce texte sert de r\u00e9f\u00e9rence en mati\u00e8re de protection des donn\u00e9es \u00e0 caract\u00e8re personnel au sein de l\u2019UE. Il est entr\u00e9 en application le 25 mai 2018 dans\u2026","rel":"","context":"In &quot;Les r\u00e8glementaires&quot;","block_context":{"text":"Les r\u00e8glementaires","link":"https:\/\/blogdelarechercheclinique.com\/en\/category\/reglementaires\/"},"img":{"alt_text":"Technicien en \u00e9tude clinique","src":"https:\/\/i0.wp.com\/blogdelarechercheclinique.com\/blog-contenu\/uploads\/2024\/06\/TEC.png?fit=550%2C307&ssl=1&resize=350%2C200","width":350,"height":200,"srcset":"https:\/\/i0.wp.com\/blogdelarechercheclinique.com\/blog-contenu\/uploads\/2024\/06\/TEC.png?fit=550%2C307&ssl=1&resize=350%2C200 1x, https:\/\/i0.wp.com\/blogdelarechercheclinique.com\/blog-contenu\/uploads\/2024\/06\/TEC.png?fit=550%2C307&ssl=1&resize=525%2C300 1.5x"},"classes":[]},{"id":11664,"url":"https:\/\/blogdelarechercheclinique.com\/en\/apres-anonymisation-rgpd-s-applique\/","url_meta":{"origin":14368,"position":2},"title":"Lorsqu\u2019une entreprise utilise l\u2019anonymisation, le RGPD s\u2019applique t-il \u00e0 elle ?","author":"Vanessa Montanari","date":"21 April 2021","format":false,"excerpt":"on se retrouve pour parler du R\u00e8glement G\u00e9n\u00e9ral sur la Protection des Donn\u00e9es (ou RGPD). Il s'agit du texte de r\u00e9f\u00e9rence en mati\u00e8re de protection des donn\u00e9es \u00e0 caract\u00e8re personnel. Le RGPD est entr\u00e9 en application le 25 mai 2018 dans les Etats membres de l\u2019UE.","rel":"","context":"In &quot;Les r\u00e8glementaires&quot;","block_context":{"text":"Les r\u00e8glementaires","link":"https:\/\/blogdelarechercheclinique.com\/en\/category\/reglementaires\/"},"img":{"alt_text":"Anonymisation et RGPD","src":"https:\/\/i0.wp.com\/blogdelarechercheclinique.com\/blog-contenu\/uploads\/2021\/04\/Anonymisation-RGPD.jpg?fit=450%2C300&ssl=1&resize=350%2C200","width":350,"height":200},"classes":[]},{"id":11674,"url":"https:\/\/blogdelarechercheclinique.com\/en\/designer-dpo-dehors-union-europeenne\/","url_meta":{"origin":14368,"position":3},"title":"Peut-on designer un DPO en dehors de l&rsquo;Union Europ\u00e9enne?","author":"Vanessa Montanari","date":"21 April 2021","format":false,"excerpt":"Est-il possible de designer un DPO en dehors de l'Union Europ\u00e9en? Comment designer son DPO en dehors de l'Union Europ\u00e9en.","rel":"","context":"In &quot;Les r\u00e8glementaires&quot;","block_context":{"text":"Les r\u00e8glementaires","link":"https:\/\/blogdelarechercheclinique.com\/en\/category\/reglementaires\/"},"img":{"alt_text":"Designer un DPO hors UE","src":"https:\/\/i0.wp.com\/blogdelarechercheclinique.com\/blog-contenu\/uploads\/2021\/04\/Outside-UE.png?fit=1138%2C562&ssl=1&resize=350%2C200","width":350,"height":200,"srcset":"https:\/\/i0.wp.com\/blogdelarechercheclinique.com\/blog-contenu\/uploads\/2021\/04\/Outside-UE.png?fit=1138%2C562&ssl=1&resize=350%2C200 1x, https:\/\/i0.wp.com\/blogdelarechercheclinique.com\/blog-contenu\/uploads\/2021\/04\/Outside-UE.png?fit=1138%2C562&ssl=1&resize=525%2C300 1.5x, https:\/\/i0.wp.com\/blogdelarechercheclinique.com\/blog-contenu\/uploads\/2021\/04\/Outside-UE.png?fit=1138%2C562&ssl=1&resize=700%2C400 2x, https:\/\/i0.wp.com\/blogdelarechercheclinique.com\/blog-contenu\/uploads\/2021\/04\/Outside-UE.png?fit=1138%2C562&ssl=1&resize=1050%2C600 3x"},"classes":[]},{"id":14360,"url":"https:\/\/blogdelarechercheclinique.com\/en\/rgpd-analyse-impact-a-posteriori\/","url_meta":{"origin":14368,"position":4},"title":"RGPD : peut-on faire une analyse d&rsquo;impact \u00e0 posteriori?","author":"Vanessa Montanari","date":"10 June 2024","format":false,"excerpt":"On se retrouve aujourd\u2019hui pour parler du R\u00e8glement G\u00e9n\u00e9ral sur la Protection des Donn\u00e9es (le RGPD). Je tiens toujours \u00e0 vous le rappeler, il s'agit du texte de r\u00e9f\u00e9rence en mati\u00e8re de protection des donn\u00e9es \u00e0 caract\u00e8re personnel. Ce texte est entr\u00e9 en application au sein de l\u2019Union Europ\u00e9enne le\u2026","rel":"","context":"In &quot;Les r\u00e8glementaires&quot;","block_context":{"text":"Les r\u00e8glementaires","link":"https:\/\/blogdelarechercheclinique.com\/en\/category\/reglementaires\/"},"img":{"alt_text":"analyse d'impact RGPD","src":"https:\/\/i0.wp.com\/blogdelarechercheclinique.com\/blog-contenu\/uploads\/2024\/06\/analyse-dimpact-RGPD.png?fit=555%2C310&ssl=1&resize=350%2C200","width":350,"height":200,"srcset":"https:\/\/i0.wp.com\/blogdelarechercheclinique.com\/blog-contenu\/uploads\/2024\/06\/analyse-dimpact-RGPD.png?fit=555%2C310&ssl=1&resize=350%2C200 1x, https:\/\/i0.wp.com\/blogdelarechercheclinique.com\/blog-contenu\/uploads\/2024\/06\/analyse-dimpact-RGPD.png?fit=555%2C310&ssl=1&resize=525%2C300 1.5x"},"classes":[]},{"id":12758,"url":"https:\/\/blogdelarechercheclinique.com\/en\/cadre-transatlantique-transfert-donnees-clinique\/","url_meta":{"origin":14368,"position":5},"title":"CADRE TRANSATLANTIQUE: TRANSFERT DE DONN\u00c9ES CLINIQUE","author":"Vanessa Montanari","date":"13 November 2023","format":false,"excerpt":"A l\u2019aube des ann\u00e9es 2000,\u202fun ensemble de principes appel\u00e9 \u00ab\u202fSafe Harbor\u202f\u00bb, avait \u00e9t\u00e9 mis en place afin de permettre \u00e0 certaines entreprises am\u00e9ricaines de certifier qu\u2019elles \u00e9taient conformes \u00e0 la l\u00e9gislation de l\u2019Union europ\u00e9enne. Cette certification leur permettait donc d\u2019obtenir l\u2019autorisation de transfert pour les donn\u00e9es cliniques de l\u2019Union europ\u00e9enne\u2026","rel":"","context":"In &quot;Les r\u00e8glementaires&quot;","block_context":{"text":"Les r\u00e8glementaires","link":"https:\/\/blogdelarechercheclinique.com\/en\/category\/reglementaires\/"},"img":{"alt_text":"Le cadre transatlantique et son histoire de protection de donn\u00e9es","src":"https:\/\/i0.wp.com\/blogdelarechercheclinique.com\/blog-contenu\/uploads\/2023\/11\/Data-transfert.png?fit=848%2C1200&ssl=1&resize=350%2C200","width":350,"height":200,"srcset":"https:\/\/i0.wp.com\/blogdelarechercheclinique.com\/blog-contenu\/uploads\/2023\/11\/Data-transfert.png?fit=848%2C1200&ssl=1&resize=350%2C200 1x, https:\/\/i0.wp.com\/blogdelarechercheclinique.com\/blog-contenu\/uploads\/2023\/11\/Data-transfert.png?fit=848%2C1200&ssl=1&resize=525%2C300 1.5x, https:\/\/i0.wp.com\/blogdelarechercheclinique.com\/blog-contenu\/uploads\/2023\/11\/Data-transfert.png?fit=848%2C1200&ssl=1&resize=700%2C400 2x"},"classes":[]}],"jetpack_sharing_enabled":true,"_links":{"self":[{"href":"https:\/\/blogdelarechercheclinique.com\/en\/wp-json\/wp\/v2\/posts\/14368","targetHints":{"allow":["GET"]}}],"collection":[{"href":"https:\/\/blogdelarechercheclinique.com\/en\/wp-json\/wp\/v2\/posts"}],"about":[{"href":"https:\/\/blogdelarechercheclinique.com\/en\/wp-json\/wp\/v2\/types\/post"}],"author":[{"embeddable":true,"href":"https:\/\/blogdelarechercheclinique.com\/en\/wp-json\/wp\/v2\/users\/4"}],"replies":[{"embeddable":true,"href":"https:\/\/blogdelarechercheclinique.com\/en\/wp-json\/wp\/v2\/comments?post=14368"}],"version-history":[{"count":1,"href":"https:\/\/blogdelarechercheclinique.com\/en\/wp-json\/wp\/v2\/posts\/14368\/revisions"}],"predecessor-version":[{"id":14370,"href":"https:\/\/blogdelarechercheclinique.com\/en\/wp-json\/wp\/v2\/posts\/14368\/revisions\/14370"}],"wp:featuredmedia":[{"embeddable":true,"href":"https:\/\/blogdelarechercheclinique.com\/en\/wp-json\/wp\/v2\/media\/14369"}],"wp:attachment":[{"href":"https:\/\/blogdelarechercheclinique.com\/en\/wp-json\/wp\/v2\/media?parent=14368"}],"wp:term":[{"taxonomy":"category","embeddable":true,"href":"https:\/\/blogdelarechercheclinique.com\/en\/wp-json\/wp\/v2\/categories?post=14368"},{"taxonomy":"post_tag","embeddable":true,"href":"https:\/\/blogdelarechercheclinique.com\/en\/wp-json\/wp\/v2\/tags?post=14368"}],"curies":[{"name":"wp","href":"https:\/\/api.w.org\/{rel}","templated":true}]}}