{"id":14375,"date":"2024-06-10T15:16:14","date_gmt":"2024-06-10T13:16:14","guid":{"rendered":"https:\/\/blogdelarechercheclinique.com\/?p=14375"},"modified":"2024-06-10T15:16:17","modified_gmt":"2024-06-10T13:16:17","slug":"rgpd-notifier-violation-donnees-personnelles","status":"publish","type":"post","link":"https:\/\/blogdelarechercheclinique.com\/en\/rgpd-notifier-violation-donnees-personnelles\/","title":{"rendered":"RGPD : Quand notifier une violation de donn\u00e9es \u00e0 caract\u00e8re personnel?"},"content":{"rendered":"<p><iframe data-src=\"https:\/\/www.youtube.com\/embed\/QIP56Dlo3EA\" width=\"560\" height=\"315\" frameborder=\"0\" allowfullscreen=\"allowfullscreen\" src=\"data:image\/svg+xml;base64,PHN2ZyB3aWR0aD0iMSIgaGVpZ2h0PSIxIiB4bWxucz0iaHR0cDovL3d3dy53My5vcmcvMjAwMC9zdmciPjwvc3ZnPg==\" class=\"lazyload\" data-load-mode=\"1\"><\/iframe><\/p>\n<p>Bonjour \u00e0 tous, c\u2019est Manon DURAND, juriste sant\u00e9 au sein de l\u2019entreprise Pharmaspecific. On se retrouve une nouvelle fois pour parler du R\u00e8glement G\u00e9n\u00e9ral sur la Protection des Donn\u00e9es (le RGPD). Il s&rsquo;agit du texte de r\u00e9f\u00e9rence en mati\u00e8re de protection des donn\u00e9es \u00e0 caract\u00e8re personnel.\u00a0 Ce texte est entr\u00e9 en application au sein de l\u2019Union Europ\u00e9enne le 25 mai 2018.<\/p>\n<h2>Qu&rsquo;est-ce qu&rsquo;une violation de donn\u00e9es \u00e0 caract\u00e8re personnel?<\/h2>\n<p>La question du jour est celle de savoir qui doit faire la notification de violation des donn\u00e9es aupr\u00e8s de la CNIL. Pour rappel, une violation de donn\u00e9es \u00e0 caract\u00e8re personnel c\u2019est une violation de la s\u00e9curit\u00e9 de ces donn\u00e9es.<\/p>\n<p>Cette violation pourra \u00eatre fait de mani\u00e8re accidentelle ou illicite. Elle se caract\u00e9rise par une destruction, une perte ou une alt\u00e9ration des donn\u00e9es transmises. Ou encore une divulgation et acc\u00e8s non autoris\u00e9 \u00e0 des <a href=\"https:\/\/blogdelarechercheclinique.com\/en\/comment-etre-dpo-delegue-a-la-protection-des-donnees\/\">donn\u00e9es \u00e0 caract\u00e8re personnel<\/a>.<\/p>\n<p>Lorsqu\u2019une telle <strong>violation de donn\u00e9es \u00e0 caract\u00e8re personnel<\/strong> survient et qu\u2019elle entra\u00eene un risque pour les droits et libert\u00e9s des personnes concern\u00e9es, elle doit \u00eatre notifi\u00e9e \u00e0 la CNIL dans un d\u00e9lai de 72h.<\/p>\n<h2>Quand notifier une violation de donn\u00e9es?<\/h2>\n<p>En pratique, comment cela se passe ? Si l\u2019attach\u00e9 de recherche clinique (ARC) se rend compte qu\u2019une violation de donn\u00e9es a caract\u00e8re personnelles est intervenue, il en informe le chef de projet. De son c\u00f4t\u00e9, le chef de projet prendra directement contact avec le promoteur ou son DPO, si celui-ci a \u00e9t\u00e9 d\u00e9sign\u00e9, pour que celui-ci fasse la <strong>notification de violation \u00e0 la CNIL<\/strong>. C\u2019est donc le promoteur ou son DPO qui sera charg\u00e9 de cette notification de la violation.<\/p>\n<p>Lorsqu\u2019un sous-traitant travaille avec le responsable de traitement, avec le promoteur, il en va de m\u00eame\u00a0: s\u2019il existe une violation des donn\u00e9es \u00e0 caract\u00e8re personnel chez le sous-traitant, il doit en informer directement le promoteur ou son DPO qui sera charg\u00e9 de faire la notification de la violation des donn\u00e9es \u00e0 la CNIL.<\/p>\n<p>En conclusion, la personne charg\u00e9e de faire cette notification de violation de donn\u00e9es \u00e0 la CNIL, dans le d\u00e9lai de 72h c\u2019est le promoteur ou son DPO s\u2019il a \u00e9t\u00e9 d\u00e9sign\u00e9.<\/p>\n<p>Rapprochez vous du site de la CNIL pour <a href=\"https:\/\/cours.pharmaspecific-training.com\/veille-juridique-et-reglementaire-recherche-impliquant-la-personne-humaine\/\">savoir les modalit\u00e9s de notification de violation<\/a> des donn\u00e9es \u00e0 la CNIL. Dans le cas o\u00f9 la violation n\u2019entra\u00eene pas de risques pour les droits et libert\u00e9s des personnes concern\u00e9es, vous devez simplement faire une documentation en interne.<\/p>\n<p>Si la violation entra\u00eene un risque il faut faire une documentation en interne et informer la CNIL dans un d\u00e9lai de 72h. Enfin, si le risque est \u00e9lev\u00e9, vous devez documenter en interne, faire une notification \u00e0 la CNIL et informer les personnes concern\u00e9es au plus t\u00f4t.<\/p>\n<p>Voil\u00e0, c\u2019est fini pour cette nouvelle vid\u00e9o, j\u2019esp\u00e8re que celle-ci vous a plu. Si c\u2019est le cas n\u2019h\u00e9sitez pas, comme d\u2019habitude, \u00e0 vous abonner \u00e0 notre cha\u00eene, \u00e0 aimer cette vid\u00e9o et vous retrouverez en barre d\u2019information les informations sur nos prestations et notamment la veille juridique mensuelle et le conseil juridique en recherche clinique. Quant \u00e0 moi je vous retrouve bient\u00f4t pour une prochaine vid\u00e9o.<\/p>\n<p>www.pharmaspecific-training.com<\/p>","protected":false},"excerpt":{"rendered":"<p>On se retrouve une nouvelle fois pour parler du R\u00e8glement G\u00e9n\u00e9ral sur la Protection des Donn\u00e9es (le RGPD). Il s&rsquo;agit du texte de r\u00e9f\u00e9rence en mati\u00e8re de protection des donn\u00e9es \u00e0 caract\u00e8re personnel.\u00a0 Ce texte est entr\u00e9 en application au sein de l\u2019Union Europ\u00e9enne le 25 mai 2018.<\/p>","protected":false},"author":4,"featured_media":14376,"comment_status":"open","ping_status":"open","sticky":false,"template":"","format":"standard","meta":{"om_disable_all_campaigns":false,"rop_custom_images_group":[],"rop_custom_messages_group":[],"rop_publish_now":"initial","rop_publish_now_accounts":{"facebook_122143508198123560_331463380343150":""},"rop_publish_now_history":[],"rop_publish_now_status":"pending","_sitemap_exclude":false,"_sitemap_priority":"","_sitemap_frequency":"","_exactmetrics_skip_tracking":false,"_exactmetrics_sitenote_active":false,"_exactmetrics_sitenote_note":"","_exactmetrics_sitenote_category":0,"_jetpack_memberships_contains_paid_content":false,"footnotes":""},"categories":[389],"tags":[],"class_list":{"0":"post-14375","1":"post","2":"type-post","3":"status-publish","4":"format-standard","5":"has-post-thumbnail","7":"category-reglementaires"},"translation":{"provider":"WPGlobus","version":"3.0.2","language":"en","enabled_languages":["fr","en"],"languages":{"fr":{"title":true,"content":true,"excerpt":true},"en":{"title":false,"content":false,"excerpt":false}}},"yoast_head":"<!-- This site is optimized with the Yoast SEO plugin v26.9 - https:\/\/yoast.com\/product\/yoast-seo-wordpress\/ -->\n<title>RGPD: notifier une violation de donn\u00e9es \u00e0 caract\u00e8re personnel?<\/title>\n<meta name=\"robots\" content=\"index, follow, max-snippet:-1, max-image-preview:large, max-video-preview:-1\" \/>\n<link rel=\"canonical\" href=\"https:\/\/blogdelarechercheclinique.com\/en\/rgpd-notifier-violation-donnees-personnelles\/\" \/>\n<meta property=\"og:locale\" content=\"en_US\" \/>\n<meta property=\"og:type\" content=\"article\" \/>\n<meta property=\"og:title\" content=\"RGPD : Quand notifier une violation de donn\u00e9es \u00e0 caract\u00e8re personnel? -\" \/>\n<meta property=\"og:url\" content=\"https:\/\/blogdelarechercheclinique.com\/en\/rgpd-notifier-violation-donnees-personnelles\/\" \/>\n<meta property=\"article:publisher\" content=\"https:\/\/www.facebook.com\/blogdelarechercheclinique\" \/>\n<meta property=\"article:published_time\" content=\"2024-06-10T13:16:14+00:00\" \/>\n<meta property=\"article:modified_time\" content=\"2024-06-10T13:16:17+00:00\" \/>\n<meta property=\"og:image\" content=\"https:\/\/i0.wp.com\/blogdelarechercheclinique.com\/blog-contenu\/uploads\/2024\/06\/violation-donnees-personnelles.png?fit=556%2C307&ssl=1\" \/>\n\t<meta property=\"og:image:width\" content=\"556\" \/>\n\t<meta property=\"og:image:height\" content=\"307\" \/>\n\t<meta property=\"og:image:type\" content=\"image\/png\" \/>\n<meta name=\"author\" content=\"Vanessa Montanari\" \/>\n<meta name=\"twitter:card\" content=\"summary_large_image\" \/>\n<meta name=\"twitter:label1\" content=\"Written by\" \/>\n\t<meta name=\"twitter:data1\" content=\"Vanessa Montanari\" \/>\n\t<meta name=\"twitter:label2\" content=\"Est. reading time\" \/>\n\t<meta name=\"twitter:data2\" content=\"3 minutes\" \/>\n<script type=\"application\/ld+json\" class=\"yoast-schema-graph\">{\"@context\":\"https:\/\/schema.org\",\"@graph\":[{\"@type\":\"Article\",\"@id\":\"https:\/\/blogdelarechercheclinique.com\/rgpd-notifier-violation-donnees-personnelles\/#article\",\"isPartOf\":{\"@id\":\"https:\/\/blogdelarechercheclinique.com\/rgpd-notifier-violation-donnees-personnelles\/\"},\"author\":{\"name\":\"Vanessa Montanari\",\"@id\":\"https:\/\/blogdelarechercheclinique.com\/#\/schema\/person\/13ee3f7a1251afe7e98918a482685938\"},\"headline\":\"RGPD : Quand notifier une violation de donn\u00e9es \u00e0 caract\u00e8re personnel?\",\"datePublished\":\"2024-06-10T13:16:14+00:00\",\"dateModified\":\"2024-06-10T13:16:17+00:00\",\"mainEntityOfPage\":{\"@id\":\"https:\/\/blogdelarechercheclinique.com\/rgpd-notifier-violation-donnees-personnelles\/\"},\"wordCount\":586,\"commentCount\":0,\"publisher\":{\"@id\":\"https:\/\/blogdelarechercheclinique.com\/#organization\"},\"image\":{\"@id\":\"https:\/\/blogdelarechercheclinique.com\/rgpd-notifier-violation-donnees-personnelles\/#primaryimage\"},\"thumbnailUrl\":\"https:\/\/i0.wp.com\/blogdelarechercheclinique.com\/blog-contenu\/uploads\/2024\/06\/violation-donnees-personnelles.png?fit=556%2C307&ssl=1\",\"articleSection\":[\"Les r\u00e8glementaires\"],\"inLanguage\":\"en-US\",\"potentialAction\":[{\"@type\":\"CommentAction\",\"name\":\"Comment\",\"target\":[\"https:\/\/blogdelarechercheclinique.com\/rgpd-notifier-violation-donnees-personnelles\/#respond\"]}]},{\"@type\":\"WebPage\",\"@id\":\"https:\/\/blogdelarechercheclinique.com\/rgpd-notifier-violation-donnees-personnelles\/\",\"url\":\"https:\/\/blogdelarechercheclinique.com\/rgpd-notifier-violation-donnees-personnelles\/\",\"name\":\"RGPD: notifier une violation de donn\u00e9es \u00e0 caract\u00e8re personnel?\",\"isPartOf\":{\"@id\":\"https:\/\/blogdelarechercheclinique.com\/#website\"},\"primaryImageOfPage\":{\"@id\":\"https:\/\/blogdelarechercheclinique.com\/rgpd-notifier-violation-donnees-personnelles\/#primaryimage\"},\"image\":{\"@id\":\"https:\/\/blogdelarechercheclinique.com\/rgpd-notifier-violation-donnees-personnelles\/#primaryimage\"},\"thumbnailUrl\":\"https:\/\/i0.wp.com\/blogdelarechercheclinique.com\/blog-contenu\/uploads\/2024\/06\/violation-donnees-personnelles.png?fit=556%2C307&ssl=1\",\"datePublished\":\"2024-06-10T13:16:14+00:00\",\"dateModified\":\"2024-06-10T13:16:17+00:00\",\"description\":\"Qu'est-ce qu'une violation de donn\u00e9es \u00e0 caract\u00e8re personnel? Selon RGPD : quand notifier une violation de donn\u00e9es?\",\"breadcrumb\":{\"@id\":\"https:\/\/blogdelarechercheclinique.com\/rgpd-notifier-violation-donnees-personnelles\/#breadcrumb\"},\"inLanguage\":\"en-US\",\"potentialAction\":[{\"@type\":\"ReadAction\",\"target\":[\"https:\/\/blogdelarechercheclinique.com\/rgpd-notifier-violation-donnees-personnelles\/\"]}]},{\"@type\":\"ImageObject\",\"inLanguage\":\"en-US\",\"@id\":\"https:\/\/blogdelarechercheclinique.com\/rgpd-notifier-violation-donnees-personnelles\/#primaryimage\",\"url\":\"https:\/\/i0.wp.com\/blogdelarechercheclinique.com\/blog-contenu\/uploads\/2024\/06\/violation-donnees-personnelles.png?fit=556%2C307&ssl=1\",\"contentUrl\":\"https:\/\/i0.wp.com\/blogdelarechercheclinique.com\/blog-contenu\/uploads\/2024\/06\/violation-donnees-personnelles.png?fit=556%2C307&ssl=1\",\"width\":556,\"height\":307,\"caption\":\"Violation donn\u00e9es personnelles\"},{\"@type\":\"BreadcrumbList\",\"@id\":\"https:\/\/blogdelarechercheclinique.com\/rgpd-notifier-violation-donnees-personnelles\/#breadcrumb\",\"itemListElement\":[{\"@type\":\"ListItem\",\"position\":1,\"name\":\"Accueil\",\"item\":\"https:\/\/blogdelarechercheclinique.com\/\"},{\"@type\":\"ListItem\",\"position\":2,\"name\":\"RGPD : Quand notifier une violation de donn\u00e9es \u00e0 caract\u00e8re personnel?\"}]},{\"@type\":\"WebSite\",\"@id\":\"https:\/\/blogdelarechercheclinique.com\/#website\",\"url\":\"https:\/\/blogdelarechercheclinique.com\/\",\"name\":\"Blog de la recherche clinique\",\"description\":\"\",\"publisher\":{\"@id\":\"https:\/\/blogdelarechercheclinique.com\/#organization\"},\"potentialAction\":[{\"@type\":\"SearchAction\",\"target\":{\"@type\":\"EntryPoint\",\"urlTemplate\":\"https:\/\/blogdelarechercheclinique.com\/?s={search_term_string}\"},\"query-input\":{\"@type\":\"PropertyValueSpecification\",\"valueRequired\":true,\"valueName\":\"search_term_string\"}}],\"inLanguage\":\"en-US\"},{\"@type\":\"Organization\",\"@id\":\"https:\/\/blogdelarechercheclinique.com\/#organization\",\"name\":\"Blog de la recherche clinique\",\"url\":\"https:\/\/blogdelarechercheclinique.com\/\",\"logo\":{\"@type\":\"ImageObject\",\"inLanguage\":\"en-US\",\"@id\":\"https:\/\/blogdelarechercheclinique.com\/#\/schema\/logo\/image\/\",\"url\":\"https:\/\/i0.wp.com\/blogdelarechercheclinique.com\/blog-contenu\/uploads\/2024\/04\/cropped-BLOG-logo.png?fit=512%2C512&ssl=1\",\"contentUrl\":\"https:\/\/i0.wp.com\/blogdelarechercheclinique.com\/blog-contenu\/uploads\/2024\/04\/cropped-BLOG-logo.png?fit=512%2C512&ssl=1\",\"width\":512,\"height\":512,\"caption\":\"Blog de la recherche clinique\"},\"image\":{\"@id\":\"https:\/\/blogdelarechercheclinique.com\/#\/schema\/logo\/image\/\"},\"sameAs\":[\"https:\/\/www.facebook.com\/blogdelarechercheclinique\"]},{\"@type\":\"Person\",\"@id\":\"https:\/\/blogdelarechercheclinique.com\/#\/schema\/person\/13ee3f7a1251afe7e98918a482685938\",\"name\":\"Vanessa Montanari\",\"image\":{\"@type\":\"ImageObject\",\"inLanguage\":\"en-US\",\"@id\":\"https:\/\/blogdelarechercheclinique.com\/#\/schema\/person\/image\/\",\"url\":\"https:\/\/secure.gravatar.com\/avatar\/ddf428208f542d6c2239ace6606ebe9beb71049642a9c784967f23e4e76e8efc?s=96&d=mm&r=g\",\"contentUrl\":\"https:\/\/secure.gravatar.com\/avatar\/ddf428208f542d6c2239ace6606ebe9beb71049642a9c784967f23e4e76e8efc?s=96&d=mm&r=g\",\"caption\":\"Vanessa Montanari\"},\"url\":\"https:\/\/blogdelarechercheclinique.com\/en\/author\/vanessa\/\"}]}<\/script>\n<!-- \/ Yoast SEO plugin. -->","yoast_head_json":{"title":"RGPD: notifier une violation de donn\u00e9es \u00e0 caract\u00e8re personnel?","robots":{"index":"index","follow":"follow","max-snippet":"max-snippet:-1","max-image-preview":"max-image-preview:large","max-video-preview":"max-video-preview:-1"},"canonical":"https:\/\/blogdelarechercheclinique.com\/en\/rgpd-notifier-violation-donnees-personnelles\/","og_locale":"en_US","og_type":"article","og_title":"RGPD : Quand notifier une violation de donn\u00e9es \u00e0 caract\u00e8re personnel? -","og_url":"https:\/\/blogdelarechercheclinique.com\/en\/rgpd-notifier-violation-donnees-personnelles\/","article_publisher":"https:\/\/www.facebook.com\/blogdelarechercheclinique","article_published_time":"2024-06-10T13:16:14+00:00","article_modified_time":"2024-06-10T13:16:17+00:00","og_image":[{"width":556,"height":307,"url":"https:\/\/i0.wp.com\/blogdelarechercheclinique.com\/blog-contenu\/uploads\/2024\/06\/violation-donnees-personnelles.png?fit=556%2C307&ssl=1","type":"image\/png"}],"author":"Vanessa Montanari","twitter_card":"summary_large_image","twitter_misc":{"Written by":"Vanessa Montanari","Est. reading time":"3 minutes"},"schema":{"@context":"https:\/\/schema.org","@graph":[{"@type":"Article","@id":"https:\/\/blogdelarechercheclinique.com\/rgpd-notifier-violation-donnees-personnelles\/#article","isPartOf":{"@id":"https:\/\/blogdelarechercheclinique.com\/rgpd-notifier-violation-donnees-personnelles\/"},"author":{"name":"Vanessa Montanari","@id":"https:\/\/blogdelarechercheclinique.com\/#\/schema\/person\/13ee3f7a1251afe7e98918a482685938"},"headline":"RGPD : Quand notifier une violation de donn\u00e9es \u00e0 caract\u00e8re personnel?","datePublished":"2024-06-10T13:16:14+00:00","dateModified":"2024-06-10T13:16:17+00:00","mainEntityOfPage":{"@id":"https:\/\/blogdelarechercheclinique.com\/rgpd-notifier-violation-donnees-personnelles\/"},"wordCount":586,"commentCount":0,"publisher":{"@id":"https:\/\/blogdelarechercheclinique.com\/#organization"},"image":{"@id":"https:\/\/blogdelarechercheclinique.com\/rgpd-notifier-violation-donnees-personnelles\/#primaryimage"},"thumbnailUrl":"https:\/\/i0.wp.com\/blogdelarechercheclinique.com\/blog-contenu\/uploads\/2024\/06\/violation-donnees-personnelles.png?fit=556%2C307&ssl=1","articleSection":["Les r\u00e8glementaires"],"inLanguage":"en-US","potentialAction":[{"@type":"CommentAction","name":"Comment","target":["https:\/\/blogdelarechercheclinique.com\/rgpd-notifier-violation-donnees-personnelles\/#respond"]}]},{"@type":"WebPage","@id":"https:\/\/blogdelarechercheclinique.com\/rgpd-notifier-violation-donnees-personnelles\/","url":"https:\/\/blogdelarechercheclinique.com\/rgpd-notifier-violation-donnees-personnelles\/","name":"RGPD: notifier une violation de donn\u00e9es \u00e0 caract\u00e8re personnel?","isPartOf":{"@id":"https:\/\/blogdelarechercheclinique.com\/#website"},"primaryImageOfPage":{"@id":"https:\/\/blogdelarechercheclinique.com\/rgpd-notifier-violation-donnees-personnelles\/#primaryimage"},"image":{"@id":"https:\/\/blogdelarechercheclinique.com\/rgpd-notifier-violation-donnees-personnelles\/#primaryimage"},"thumbnailUrl":"https:\/\/i0.wp.com\/blogdelarechercheclinique.com\/blog-contenu\/uploads\/2024\/06\/violation-donnees-personnelles.png?fit=556%2C307&ssl=1","datePublished":"2024-06-10T13:16:14+00:00","dateModified":"2024-06-10T13:16:17+00:00","description":"Qu'est-ce qu'une violation de donn\u00e9es \u00e0 caract\u00e8re personnel? Selon RGPD : quand notifier une violation de donn\u00e9es?","breadcrumb":{"@id":"https:\/\/blogdelarechercheclinique.com\/rgpd-notifier-violation-donnees-personnelles\/#breadcrumb"},"inLanguage":"en-US","potentialAction":[{"@type":"ReadAction","target":["https:\/\/blogdelarechercheclinique.com\/rgpd-notifier-violation-donnees-personnelles\/"]}]},{"@type":"ImageObject","inLanguage":"en-US","@id":"https:\/\/blogdelarechercheclinique.com\/rgpd-notifier-violation-donnees-personnelles\/#primaryimage","url":"https:\/\/i0.wp.com\/blogdelarechercheclinique.com\/blog-contenu\/uploads\/2024\/06\/violation-donnees-personnelles.png?fit=556%2C307&ssl=1","contentUrl":"https:\/\/i0.wp.com\/blogdelarechercheclinique.com\/blog-contenu\/uploads\/2024\/06\/violation-donnees-personnelles.png?fit=556%2C307&ssl=1","width":556,"height":307,"caption":"Violation donn\u00e9es personnelles"},{"@type":"BreadcrumbList","@id":"https:\/\/blogdelarechercheclinique.com\/rgpd-notifier-violation-donnees-personnelles\/#breadcrumb","itemListElement":[{"@type":"ListItem","position":1,"name":"Accueil","item":"https:\/\/blogdelarechercheclinique.com\/"},{"@type":"ListItem","position":2,"name":"RGPD : Quand notifier une violation de donn\u00e9es \u00e0 caract\u00e8re personnel?"}]},{"@type":"WebSite","@id":"https:\/\/blogdelarechercheclinique.com\/#website","url":"https:\/\/blogdelarechercheclinique.com\/","name":"Blog de la recherche clinique","description":"","publisher":{"@id":"https:\/\/blogdelarechercheclinique.com\/#organization"},"potentialAction":[{"@type":"SearchAction","target":{"@type":"EntryPoint","urlTemplate":"https:\/\/blogdelarechercheclinique.com\/?s={search_term_string}"},"query-input":{"@type":"PropertyValueSpecification","valueRequired":true,"valueName":"search_term_string"}}],"inLanguage":"en-US"},{"@type":"Organization","@id":"https:\/\/blogdelarechercheclinique.com\/#organization","name":"Blog de la recherche clinique","url":"https:\/\/blogdelarechercheclinique.com\/","logo":{"@type":"ImageObject","inLanguage":"en-US","@id":"https:\/\/blogdelarechercheclinique.com\/#\/schema\/logo\/image\/","url":"https:\/\/i0.wp.com\/blogdelarechercheclinique.com\/blog-contenu\/uploads\/2024\/04\/cropped-BLOG-logo.png?fit=512%2C512&ssl=1","contentUrl":"https:\/\/i0.wp.com\/blogdelarechercheclinique.com\/blog-contenu\/uploads\/2024\/04\/cropped-BLOG-logo.png?fit=512%2C512&ssl=1","width":512,"height":512,"caption":"Blog de la recherche clinique"},"image":{"@id":"https:\/\/blogdelarechercheclinique.com\/#\/schema\/logo\/image\/"},"sameAs":["https:\/\/www.facebook.com\/blogdelarechercheclinique"]},{"@type":"Person","@id":"https:\/\/blogdelarechercheclinique.com\/#\/schema\/person\/13ee3f7a1251afe7e98918a482685938","name":"Vanessa Montanari","image":{"@type":"ImageObject","inLanguage":"en-US","@id":"https:\/\/blogdelarechercheclinique.com\/#\/schema\/person\/image\/","url":"https:\/\/secure.gravatar.com\/avatar\/ddf428208f542d6c2239ace6606ebe9beb71049642a9c784967f23e4e76e8efc?s=96&d=mm&r=g","contentUrl":"https:\/\/secure.gravatar.com\/avatar\/ddf428208f542d6c2239ace6606ebe9beb71049642a9c784967f23e4e76e8efc?s=96&d=mm&r=g","caption":"Vanessa Montanari"},"url":"https:\/\/blogdelarechercheclinique.com\/en\/author\/vanessa\/"}]}},"jetpack_featured_media_url":"https:\/\/i0.wp.com\/blogdelarechercheclinique.com\/blog-contenu\/uploads\/2024\/06\/violation-donnees-personnelles.png?fit=556%2C307&ssl=1","jetpack-related-posts":[{"id":14387,"url":"https:\/\/blogdelarechercheclinique.com\/en\/dpo-delegue-protection-donnees\/","url_meta":{"origin":14375,"position":0},"title":"Comment \u00eatre DPO (d\u00e9l\u00e9gu\u00e9 \u00e0 la protection des donn\u00e9es)?","author":"Vanessa Montanari","date":"10 June 2024","format":false,"excerpt":"La question du jour est celle de savoir comment devenir DPO. Pour rappel, le DPO ou d\u00e9l\u00e9gu\u00e9 \u00e0 la protection des donn\u00e9es, data protection officer, c\u2019est la personne qui va s\u2019occuper de la conformit\u00e9 de l\u2019entreprise qui l\u2019a d\u00e9sign\u00e9 au RGPD. C\u2019est-\u00e0-dire que c\u2019est lui qui va mettre en place\u2026","rel":"","context":"In &quot;Les r\u00e8glementaires&quot;","block_context":{"text":"Les r\u00e8glementaires","link":"https:\/\/blogdelarechercheclinique.com\/en\/category\/reglementaires\/"},"img":{"alt_text":"D\u00e9l\u00e9gu\u00e9 \u00e0 la protection des donn\u00e9es","src":"https:\/\/i0.wp.com\/blogdelarechercheclinique.com\/blog-contenu\/uploads\/2024\/06\/DPO.png?fit=552%2C308&ssl=1&resize=350%2C200","width":350,"height":200,"srcset":"https:\/\/i0.wp.com\/blogdelarechercheclinique.com\/blog-contenu\/uploads\/2024\/06\/DPO.png?fit=552%2C308&ssl=1&resize=350%2C200 1x, https:\/\/i0.wp.com\/blogdelarechercheclinique.com\/blog-contenu\/uploads\/2024\/06\/DPO.png?fit=552%2C308&ssl=1&resize=525%2C300 1.5x"},"classes":[]},{"id":14360,"url":"https:\/\/blogdelarechercheclinique.com\/en\/rgpd-analyse-impact-a-posteriori\/","url_meta":{"origin":14375,"position":1},"title":"RGPD : peut-on faire une analyse d&rsquo;impact \u00e0 posteriori?","author":"Vanessa Montanari","date":"10 June 2024","format":false,"excerpt":"On se retrouve aujourd\u2019hui pour parler du R\u00e8glement G\u00e9n\u00e9ral sur la Protection des Donn\u00e9es (le RGPD). Je tiens toujours \u00e0 vous le rappeler, il s'agit du texte de r\u00e9f\u00e9rence en mati\u00e8re de protection des donn\u00e9es \u00e0 caract\u00e8re personnel. Ce texte est entr\u00e9 en application au sein de l\u2019Union Europ\u00e9enne le\u2026","rel":"","context":"In &quot;Les r\u00e8glementaires&quot;","block_context":{"text":"Les r\u00e8glementaires","link":"https:\/\/blogdelarechercheclinique.com\/en\/category\/reglementaires\/"},"img":{"alt_text":"analyse d'impact RGPD","src":"https:\/\/i0.wp.com\/blogdelarechercheclinique.com\/blog-contenu\/uploads\/2024\/06\/analyse-dimpact-RGPD.png?fit=555%2C310&ssl=1&resize=350%2C200","width":350,"height":200,"srcset":"https:\/\/i0.wp.com\/blogdelarechercheclinique.com\/blog-contenu\/uploads\/2024\/06\/analyse-dimpact-RGPD.png?fit=555%2C310&ssl=1&resize=350%2C200 1x, https:\/\/i0.wp.com\/blogdelarechercheclinique.com\/blog-contenu\/uploads\/2024\/06\/analyse-dimpact-RGPD.png?fit=555%2C310&ssl=1&resize=525%2C300 1.5x"},"classes":[]},{"id":14350,"url":"https:\/\/blogdelarechercheclinique.com\/en\/tec-obligations-rgpd\/","url_meta":{"origin":14375,"position":2},"title":"TEC : Mise en place des obligations li\u00e9es au RGPD","author":"Vanessa Montanari","date":"10 June 2024","format":false,"excerpt":"On se retrouve aujourd\u2019hui une nouvelle fois pour parler du RGPD, le R\u00e8glement G\u00e9n\u00e9ral sur la Protection des Donn\u00e9es. Je vous rappelle, ce texte sert de r\u00e9f\u00e9rence en mati\u00e8re de protection des donn\u00e9es \u00e0 caract\u00e8re personnel au sein de l\u2019UE. Il est entr\u00e9 en application le 25 mai 2018 dans\u2026","rel":"","context":"In &quot;Les r\u00e8glementaires&quot;","block_context":{"text":"Les r\u00e8glementaires","link":"https:\/\/blogdelarechercheclinique.com\/en\/category\/reglementaires\/"},"img":{"alt_text":"Technicien en \u00e9tude clinique","src":"https:\/\/i0.wp.com\/blogdelarechercheclinique.com\/blog-contenu\/uploads\/2024\/06\/TEC.png?fit=550%2C307&ssl=1&resize=350%2C200","width":350,"height":200,"srcset":"https:\/\/i0.wp.com\/blogdelarechercheclinique.com\/blog-contenu\/uploads\/2024\/06\/TEC.png?fit=550%2C307&ssl=1&resize=350%2C200 1x, https:\/\/i0.wp.com\/blogdelarechercheclinique.com\/blog-contenu\/uploads\/2024\/06\/TEC.png?fit=550%2C307&ssl=1&resize=525%2C300 1.5x"},"classes":[]},{"id":14368,"url":"https:\/\/blogdelarechercheclinique.com\/en\/rgpd-certification-conformite-processus-entreprise\/","url_meta":{"origin":14375,"position":3},"title":"RGPD: Certification et conformit\u00e9 des processus en entreprise","author":"Vanessa Montanari","date":"10 June 2024","format":false,"excerpt":"Le RGPD est le texte de r\u00e9f\u00e9rence en mati\u00e8re de protection des donn\u00e9es \u00e0 caract\u00e8re personnel. Il est entr\u00e9 en application au sein de l\u2019Union Europ\u00e9enne le 25 mai 2018.","rel":"","context":"In &quot;Les r\u00e8glementaires&quot;","block_context":{"text":"Les r\u00e8glementaires","link":"https:\/\/blogdelarechercheclinique.com\/en\/category\/reglementaires\/"},"img":{"alt_text":"Certification RGPD","src":"https:\/\/i0.wp.com\/blogdelarechercheclinique.com\/blog-contenu\/uploads\/2024\/06\/Certification-RGPD.png?fit=552%2C307&ssl=1&resize=350%2C200","width":350,"height":200,"srcset":"https:\/\/i0.wp.com\/blogdelarechercheclinique.com\/blog-contenu\/uploads\/2024\/06\/Certification-RGPD.png?fit=552%2C307&ssl=1&resize=350%2C200 1x, https:\/\/i0.wp.com\/blogdelarechercheclinique.com\/blog-contenu\/uploads\/2024\/06\/Certification-RGPD.png?fit=552%2C307&ssl=1&resize=525%2C300 1.5x"},"classes":[]},{"id":11664,"url":"https:\/\/blogdelarechercheclinique.com\/en\/apres-anonymisation-rgpd-s-applique\/","url_meta":{"origin":14375,"position":4},"title":"Lorsqu\u2019une entreprise utilise l\u2019anonymisation, le RGPD s\u2019applique t-il \u00e0 elle ?","author":"Vanessa Montanari","date":"21 April 2021","format":false,"excerpt":"on se retrouve pour parler du R\u00e8glement G\u00e9n\u00e9ral sur la Protection des Donn\u00e9es (ou RGPD). Il s'agit du texte de r\u00e9f\u00e9rence en mati\u00e8re de protection des donn\u00e9es \u00e0 caract\u00e8re personnel. Le RGPD est entr\u00e9 en application le 25 mai 2018 dans les Etats membres de l\u2019UE.","rel":"","context":"In &quot;Les r\u00e8glementaires&quot;","block_context":{"text":"Les r\u00e8glementaires","link":"https:\/\/blogdelarechercheclinique.com\/en\/category\/reglementaires\/"},"img":{"alt_text":"Anonymisation et RGPD","src":"https:\/\/i0.wp.com\/blogdelarechercheclinique.com\/blog-contenu\/uploads\/2021\/04\/Anonymisation-RGPD.jpg?fit=450%2C300&ssl=1&resize=350%2C200","width":350,"height":200},"classes":[]},{"id":13611,"url":"https:\/\/blogdelarechercheclinique.com\/en\/liste-preselection-initiales-patient\/","url_meta":{"origin":14375,"position":5},"title":"Est-il possible de remplir la liste de pr\u00e9s\u00e9lection par les initiales du patient?","author":"Vanessa Montanari","date":"21 April 2021","format":false,"excerpt":"La question du jour est celle de savoir si lorsque l\u2019on a une liste de pr\u00e9s\u00e9lection, il est possible d\u2019y entrer les initiales du patient avant m\u00eame que celui-ci ait sign\u00e9 son consentement \u00e9clair\u00e9.","rel":"","context":"In &quot;Les r\u00e8glementaires&quot;","block_context":{"text":"Les r\u00e8glementaires","link":"https:\/\/blogdelarechercheclinique.com\/en\/category\/reglementaires\/"},"img":{"alt_text":"remplir la liste de pr\u00e9s\u00e9lection par les initiales du patient","src":"https:\/\/i0.wp.com\/blogdelarechercheclinique.com\/blog-contenu\/uploads\/2024\/05\/Liste-preselection.png?fit=1165%2C662&ssl=1&resize=350%2C200","width":350,"height":200,"srcset":"https:\/\/i0.wp.com\/blogdelarechercheclinique.com\/blog-contenu\/uploads\/2024\/05\/Liste-preselection.png?fit=1165%2C662&ssl=1&resize=350%2C200 1x, https:\/\/i0.wp.com\/blogdelarechercheclinique.com\/blog-contenu\/uploads\/2024\/05\/Liste-preselection.png?fit=1165%2C662&ssl=1&resize=525%2C300 1.5x, https:\/\/i0.wp.com\/blogdelarechercheclinique.com\/blog-contenu\/uploads\/2024\/05\/Liste-preselection.png?fit=1165%2C662&ssl=1&resize=700%2C400 2x, https:\/\/i0.wp.com\/blogdelarechercheclinique.com\/blog-contenu\/uploads\/2024\/05\/Liste-preselection.png?fit=1165%2C662&ssl=1&resize=1050%2C600 3x"},"classes":[]}],"jetpack_sharing_enabled":true,"_links":{"self":[{"href":"https:\/\/blogdelarechercheclinique.com\/en\/wp-json\/wp\/v2\/posts\/14375","targetHints":{"allow":["GET"]}}],"collection":[{"href":"https:\/\/blogdelarechercheclinique.com\/en\/wp-json\/wp\/v2\/posts"}],"about":[{"href":"https:\/\/blogdelarechercheclinique.com\/en\/wp-json\/wp\/v2\/types\/post"}],"author":[{"embeddable":true,"href":"https:\/\/blogdelarechercheclinique.com\/en\/wp-json\/wp\/v2\/users\/4"}],"replies":[{"embeddable":true,"href":"https:\/\/blogdelarechercheclinique.com\/en\/wp-json\/wp\/v2\/comments?post=14375"}],"version-history":[{"count":1,"href":"https:\/\/blogdelarechercheclinique.com\/en\/wp-json\/wp\/v2\/posts\/14375\/revisions"}],"predecessor-version":[{"id":14377,"href":"https:\/\/blogdelarechercheclinique.com\/en\/wp-json\/wp\/v2\/posts\/14375\/revisions\/14377"}],"wp:featuredmedia":[{"embeddable":true,"href":"https:\/\/blogdelarechercheclinique.com\/en\/wp-json\/wp\/v2\/media\/14376"}],"wp:attachment":[{"href":"https:\/\/blogdelarechercheclinique.com\/en\/wp-json\/wp\/v2\/media?parent=14375"}],"wp:term":[{"taxonomy":"category","embeddable":true,"href":"https:\/\/blogdelarechercheclinique.com\/en\/wp-json\/wp\/v2\/categories?post=14375"},{"taxonomy":"post_tag","embeddable":true,"href":"https:\/\/blogdelarechercheclinique.com\/en\/wp-json\/wp\/v2\/tags?post=14375"}],"curies":[{"name":"wp","href":"https:\/\/api.w.org\/{rel}","templated":true}]}}