{"id":14387,"date":"2024-06-10T16:37:44","date_gmt":"2024-06-10T14:37:44","guid":{"rendered":"https:\/\/blogdelarechercheclinique.com\/?p=14387"},"modified":"2024-06-10T16:37:47","modified_gmt":"2024-06-10T14:37:47","slug":"dpo-delegue-protection-donnees","status":"publish","type":"post","link":"https:\/\/blogdelarechercheclinique.com\/en\/dpo-delegue-protection-donnees\/","title":{"rendered":"Comment \u00eatre DPO (d\u00e9l\u00e9gu\u00e9 \u00e0 la protection des donn\u00e9es)?"},"content":{"rendered":"<p><iframe data-src=\"https:\/\/www.youtube.com\/embed\/g6-dkv7j4xM\" width=\"560\" height=\"315\" frameborder=\"0\" allowfullscreen=\"allowfullscreen\" src=\"data:image\/svg+xml;base64,PHN2ZyB3aWR0aD0iMSIgaGVpZ2h0PSIxIiB4bWxucz0iaHR0cDovL3d3dy53My5vcmcvMjAwMC9zdmciPjwvc3ZnPg==\" class=\"lazyload\" data-load-mode=\"1\"><\/iframe><\/p>\n<p>Bonjour \u00e0 tous, c\u2019est Manon DURAND, juriste sant\u00e9 au sein de l\u2019entreprise Pharmaspecific. On se retrouve aujourd\u2019hui une nouvelle fois pour parler du R\u00e8glement G\u00e9n\u00e9ral sur la Protection des Donn\u00e9es (le RGPD). C&rsquo;est le texte de r\u00e9f\u00e9rence en mati\u00e8re de protection des donn\u00e9es \u00e0 caract\u00e8re personnel. Il est entr\u00e9 en application au sein de l\u2019Union Europ\u00e9enne le 25 mai 2018.<\/p>\n<h2>Comment devenir DPO (D\u00e9l\u00e9gu\u00e9 \u00e0 la protection des donn\u00e9es)<\/h2>\n<p>La question du jour est celle de savoir comment devenir DPO. Pour rappel, le <a href=\"https:\/\/blogdelarechercheclinique.com\/en\/\"><strong>DPO ou d\u00e9l\u00e9gu\u00e9 \u00e0 la protection des donn\u00e9es<\/strong><\/a>, data protection officer, c\u2019est la personne qui va s\u2019occuper de la conformit\u00e9 de l\u2019entreprise qui l\u2019a d\u00e9sign\u00e9 au RGPD. C\u2019est-\u00e0-dire que c\u2019est lui qui va mettre en place toutes les <a href=\"https:\/\/pharmaspecific.com\/service\/delegue-a-la-protection-des-donnees\">obligations li\u00e9es au RGPD<\/a>. Par exemple les registres de traitement, l\u2019analyse d\u2019impact, faire la notification de violation des donn\u00e9es\u2026 Pour l\u2019organisme qui l\u2019a d\u00e9sign\u00e9.<\/p>\n<p>Il n\u2019y a pas d\u2019obligation de d\u00e9signer un DPO, sauf dans certains cas qui sont limitativement \u00e9num\u00e9r\u00e9s par le RGPD, mais quand bien m\u00eame vous ne faites pas partie de ces cas, rien ne vous emp\u00eache de d\u00e9signer votre DPO de mani\u00e8re volontaire.<\/p>\n<h2>Comment choisit on son DPO?<\/h2>\n<p>Le DPO comment doit-il \u00eatre choisi\u00a0? Il doit \u00eatre choisi sur la base de ses comp\u00e9tences professionnelles et notamment de sa connaissance du droit et des principes de protection des donn\u00e9es et sur sa capacit\u00e9 \u00e0 exercer ses missions.<\/p>\n<p>Pour cela, il doit \u00eatre en capacit\u00e9 de savoir-faire plusieurs choses. D\u2019abord il doit savoir communiquer de mani\u00e8re claire et il doit pouvoir \u00eatre ind\u00e9pendant, c\u2019est-\u00e0-dire qu\u2019il ne peut pas subir d\u2019ing\u00e9rence de la part de la direction dans l\u2019exercice de ses missions. Ensuite, il doit avoir une tr\u00e8s bonne connaissance du droit et des principes de protection des donn\u00e9es \u00e0 caract\u00e8re personnel donc il doit \u00eatre incollable sur le RGPD. Il doit \u00e9galement conna\u00eetre tr\u00e8s bien le secteur d\u2019activit\u00e9 de l\u2019entreprise pour laquelle il effectue ses missions et savoir o\u00f9 elle en est au niveau de ses <a href=\"https:\/\/blogdelarechercheclinique.com\/en\/liste-de-delegation-taches-formulaire-de-delegation-fonctions-delegation-log\/\">syst\u00e8mes d\u2019informatisation<\/a>, comment cela se passe vraiment en interne, pour pouvoir vraiment exercer ses missions de la mani\u00e8re la plus claire qu\u2019il soit. Enfin, il doit hi\u00e9rarchiquement \u00eatre positionn\u00e9 \u00e0 un endroit qui lui permette de faire des comptes rendus \u00e0 la direction de mani\u00e8re r\u00e9guli\u00e8re et, en cas, par exemple, de notification de violation des donn\u00e9es, de pouvoir s\u2019adresser directement \u00e0 la direction sans avoir besoin d\u2019attendre un d\u00e9lai beaucoup trop long.<\/p>\n<p>Donc comme vous pouvez le voir il n\u2019y a pas de <a href=\"https:\/\/blogdelarechercheclinique.com\/en\/\"><strong>profil type de DPO,<\/strong><\/a> il n\u2019y a pas d\u2019\u00e9cole pour faire DPO. Tant que la personne d\u00e9sign\u00e9e poss\u00e8de des comp\u00e9tences juridiques et techniques qui lui permettent d\u2019exercer ce m\u00e9tier, il peut \u00eatre d\u00e9sign\u00e9. Sachez \u00e9galement que la CNIL a mis en place une certification DPO donc vous pouvez faire certifier votre DPO. Cela passe par des examens \u00e9crits, des questions\u2026 Toutefois cette certification n\u2019est pas obligatoire. Vous pouvez avoir un DPO au sein de votre organisme qui exerce ses missions de mani\u00e8re r\u00e9guli\u00e8re sans pour autant avoir besoin de lui faire passer une certification.<\/p>\n<p>Voil\u00e0, c\u2019est fini pour cette vid\u00e9o j\u2019esp\u00e8re qu\u2019elle vous a plu. Si c\u2019est le cas n\u2019h\u00e9sitez pas \u00e0 vous abonner \u00e0 notre cha\u00eene et \u00e0 aimer cette vid\u00e9o et vous trouverez en barre d\u2019information les informations sur nos prestations et notamment la veille juridique mensuelle et le conseil juridique. Quant \u00e0 moi je vous retrouve bient\u00f4t pour une prochaine vid\u00e9o.<\/p>","protected":false},"excerpt":{"rendered":"<p>La question du jour est celle de savoir comment devenir DPO. Pour rappel, le DPO ou d\u00e9l\u00e9gu\u00e9 \u00e0 la protection des donn\u00e9es, data protection officer, c\u2019est la personne qui va s\u2019occuper de la conformit\u00e9 de l\u2019entreprise qui l\u2019a d\u00e9sign\u00e9 au RGPD. C\u2019est-\u00e0-dire que c\u2019est lui qui va mettre en place toutes les obligations li\u00e9es au RGPD.<\/p>","protected":false},"author":4,"featured_media":14388,"comment_status":"open","ping_status":"open","sticky":false,"template":"","format":"standard","meta":{"om_disable_all_campaigns":false,"rop_custom_images_group":[],"rop_custom_messages_group":[],"rop_publish_now":"initial","rop_publish_now_accounts":{"facebook_122143508198123560_331463380343150":""},"rop_publish_now_history":[],"rop_publish_now_status":"pending","_sitemap_exclude":false,"_sitemap_priority":"","_sitemap_frequency":"","_exactmetrics_skip_tracking":false,"_exactmetrics_sitenote_active":false,"_exactmetrics_sitenote_note":"","_exactmetrics_sitenote_category":0,"_jetpack_memberships_contains_paid_content":false,"footnotes":""},"categories":[389],"tags":[],"class_list":{"0":"post-14387","1":"post","2":"type-post","3":"status-publish","4":"format-standard","5":"has-post-thumbnail","7":"category-reglementaires"},"translation":{"provider":"WPGlobus","version":"3.0.2","language":"en","enabled_languages":["fr","en"],"languages":{"fr":{"title":true,"content":true,"excerpt":true},"en":{"title":false,"content":false,"excerpt":false}}},"yoast_head":"<!-- This site is optimized with the Yoast SEO plugin v26.9 - https:\/\/yoast.com\/product\/yoast-seo-wordpress\/ -->\n<title>Comment \u00eatre DPO (d\u00e9l\u00e9gu\u00e9 \u00e0 la protection des donn\u00e9es)?<\/title>\n<meta name=\"robots\" content=\"index, follow, max-snippet:-1, max-image-preview:large, max-video-preview:-1\" \/>\n<link rel=\"canonical\" href=\"https:\/\/blogdelarechercheclinique.com\/en\/dpo-delegue-protection-donnees\/\" \/>\n<meta property=\"og:locale\" content=\"en_US\" \/>\n<meta property=\"og:type\" content=\"article\" \/>\n<meta property=\"og:title\" content=\"Comment \u00eatre DPO (d\u00e9l\u00e9gu\u00e9 \u00e0 la protection des donn\u00e9es)? -\" \/>\n<meta property=\"og:url\" content=\"https:\/\/blogdelarechercheclinique.com\/en\/dpo-delegue-protection-donnees\/\" \/>\n<meta property=\"article:publisher\" content=\"https:\/\/www.facebook.com\/blogdelarechercheclinique\" \/>\n<meta property=\"article:published_time\" content=\"2024-06-10T14:37:44+00:00\" \/>\n<meta property=\"article:modified_time\" content=\"2024-06-10T14:37:47+00:00\" \/>\n<meta property=\"og:image\" content=\"https:\/\/i0.wp.com\/blogdelarechercheclinique.com\/blog-contenu\/uploads\/2024\/06\/DPO.png?fit=552%2C308&ssl=1\" \/>\n\t<meta property=\"og:image:width\" content=\"552\" \/>\n\t<meta property=\"og:image:height\" content=\"308\" \/>\n\t<meta property=\"og:image:type\" content=\"image\/png\" \/>\n<meta name=\"author\" content=\"Vanessa Montanari\" \/>\n<meta name=\"twitter:card\" content=\"summary_large_image\" \/>\n<meta name=\"twitter:label1\" content=\"Written by\" \/>\n\t<meta name=\"twitter:data1\" content=\"Vanessa Montanari\" \/>\n\t<meta name=\"twitter:label2\" content=\"Est. reading time\" \/>\n\t<meta name=\"twitter:data2\" content=\"4 minutes\" \/>\n<script type=\"application\/ld+json\" class=\"yoast-schema-graph\">{\"@context\":\"https:\/\/schema.org\",\"@graph\":[{\"@type\":\"Article\",\"@id\":\"https:\/\/blogdelarechercheclinique.com\/dpo-delegue-protection-donnees\/#article\",\"isPartOf\":{\"@id\":\"https:\/\/blogdelarechercheclinique.com\/dpo-delegue-protection-donnees\/\"},\"author\":{\"name\":\"Vanessa Montanari\",\"@id\":\"https:\/\/blogdelarechercheclinique.com\/#\/schema\/person\/13ee3f7a1251afe7e98918a482685938\"},\"headline\":\"Comment \u00eatre DPO (d\u00e9l\u00e9gu\u00e9 \u00e0 la protection des donn\u00e9es)?\",\"datePublished\":\"2024-06-10T14:37:44+00:00\",\"dateModified\":\"2024-06-10T14:37:47+00:00\",\"mainEntityOfPage\":{\"@id\":\"https:\/\/blogdelarechercheclinique.com\/dpo-delegue-protection-donnees\/\"},\"wordCount\":666,\"commentCount\":0,\"publisher\":{\"@id\":\"https:\/\/blogdelarechercheclinique.com\/#organization\"},\"image\":{\"@id\":\"https:\/\/blogdelarechercheclinique.com\/dpo-delegue-protection-donnees\/#primaryimage\"},\"thumbnailUrl\":\"https:\/\/i0.wp.com\/blogdelarechercheclinique.com\/blog-contenu\/uploads\/2024\/06\/DPO.png?fit=552%2C308&ssl=1\",\"articleSection\":[\"Les r\u00e8glementaires\"],\"inLanguage\":\"en-US\",\"potentialAction\":[{\"@type\":\"CommentAction\",\"name\":\"Comment\",\"target\":[\"https:\/\/blogdelarechercheclinique.com\/dpo-delegue-protection-donnees\/#respond\"]}]},{\"@type\":\"WebPage\",\"@id\":\"https:\/\/blogdelarechercheclinique.com\/dpo-delegue-protection-donnees\/\",\"url\":\"https:\/\/blogdelarechercheclinique.com\/dpo-delegue-protection-donnees\/\",\"name\":\"Comment \u00eatre DPO (d\u00e9l\u00e9gu\u00e9 \u00e0 la protection des donn\u00e9es)?\",\"isPartOf\":{\"@id\":\"https:\/\/blogdelarechercheclinique.com\/#website\"},\"primaryImageOfPage\":{\"@id\":\"https:\/\/blogdelarechercheclinique.com\/dpo-delegue-protection-donnees\/#primaryimage\"},\"image\":{\"@id\":\"https:\/\/blogdelarechercheclinique.com\/dpo-delegue-protection-donnees\/#primaryimage\"},\"thumbnailUrl\":\"https:\/\/i0.wp.com\/blogdelarechercheclinique.com\/blog-contenu\/uploads\/2024\/06\/DPO.png?fit=552%2C308&ssl=1\",\"datePublished\":\"2024-06-10T14:37:44+00:00\",\"dateModified\":\"2024-06-10T14:37:47+00:00\",\"description\":\"Le d\u00e9l\u00e9gu\u00e9 \u00e0 la protection des donn\u00e9es, c\u2019est la personne qui va s\u2019occuper de la conformit\u00e9 de l\u2019entreprise qui l\u2019a d\u00e9sign\u00e9 au RGPD.\",\"breadcrumb\":{\"@id\":\"https:\/\/blogdelarechercheclinique.com\/dpo-delegue-protection-donnees\/#breadcrumb\"},\"inLanguage\":\"en-US\",\"potentialAction\":[{\"@type\":\"ReadAction\",\"target\":[\"https:\/\/blogdelarechercheclinique.com\/dpo-delegue-protection-donnees\/\"]}]},{\"@type\":\"ImageObject\",\"inLanguage\":\"en-US\",\"@id\":\"https:\/\/blogdelarechercheclinique.com\/dpo-delegue-protection-donnees\/#primaryimage\",\"url\":\"https:\/\/i0.wp.com\/blogdelarechercheclinique.com\/blog-contenu\/uploads\/2024\/06\/DPO.png?fit=552%2C308&ssl=1\",\"contentUrl\":\"https:\/\/i0.wp.com\/blogdelarechercheclinique.com\/blog-contenu\/uploads\/2024\/06\/DPO.png?fit=552%2C308&ssl=1\",\"width\":552,\"height\":308,\"caption\":\"D\u00e9l\u00e9gu\u00e9 \u00e0 la protection des donn\u00e9es\"},{\"@type\":\"BreadcrumbList\",\"@id\":\"https:\/\/blogdelarechercheclinique.com\/dpo-delegue-protection-donnees\/#breadcrumb\",\"itemListElement\":[{\"@type\":\"ListItem\",\"position\":1,\"name\":\"Accueil\",\"item\":\"https:\/\/blogdelarechercheclinique.com\/\"},{\"@type\":\"ListItem\",\"position\":2,\"name\":\"Comment \u00eatre DPO (d\u00e9l\u00e9gu\u00e9 \u00e0 la protection des donn\u00e9es)?\"}]},{\"@type\":\"WebSite\",\"@id\":\"https:\/\/blogdelarechercheclinique.com\/#website\",\"url\":\"https:\/\/blogdelarechercheclinique.com\/\",\"name\":\"Blog de la recherche clinique\",\"description\":\"\",\"publisher\":{\"@id\":\"https:\/\/blogdelarechercheclinique.com\/#organization\"},\"potentialAction\":[{\"@type\":\"SearchAction\",\"target\":{\"@type\":\"EntryPoint\",\"urlTemplate\":\"https:\/\/blogdelarechercheclinique.com\/?s={search_term_string}\"},\"query-input\":{\"@type\":\"PropertyValueSpecification\",\"valueRequired\":true,\"valueName\":\"search_term_string\"}}],\"inLanguage\":\"en-US\"},{\"@type\":\"Organization\",\"@id\":\"https:\/\/blogdelarechercheclinique.com\/#organization\",\"name\":\"Blog de la recherche clinique\",\"url\":\"https:\/\/blogdelarechercheclinique.com\/\",\"logo\":{\"@type\":\"ImageObject\",\"inLanguage\":\"en-US\",\"@id\":\"https:\/\/blogdelarechercheclinique.com\/#\/schema\/logo\/image\/\",\"url\":\"https:\/\/i0.wp.com\/blogdelarechercheclinique.com\/blog-contenu\/uploads\/2024\/04\/cropped-BLOG-logo.png?fit=512%2C512&ssl=1\",\"contentUrl\":\"https:\/\/i0.wp.com\/blogdelarechercheclinique.com\/blog-contenu\/uploads\/2024\/04\/cropped-BLOG-logo.png?fit=512%2C512&ssl=1\",\"width\":512,\"height\":512,\"caption\":\"Blog de la recherche clinique\"},\"image\":{\"@id\":\"https:\/\/blogdelarechercheclinique.com\/#\/schema\/logo\/image\/\"},\"sameAs\":[\"https:\/\/www.facebook.com\/blogdelarechercheclinique\"]},{\"@type\":\"Person\",\"@id\":\"https:\/\/blogdelarechercheclinique.com\/#\/schema\/person\/13ee3f7a1251afe7e98918a482685938\",\"name\":\"Vanessa Montanari\",\"image\":{\"@type\":\"ImageObject\",\"inLanguage\":\"en-US\",\"@id\":\"https:\/\/blogdelarechercheclinique.com\/#\/schema\/person\/image\/\",\"url\":\"https:\/\/secure.gravatar.com\/avatar\/ddf428208f542d6c2239ace6606ebe9beb71049642a9c784967f23e4e76e8efc?s=96&d=mm&r=g\",\"contentUrl\":\"https:\/\/secure.gravatar.com\/avatar\/ddf428208f542d6c2239ace6606ebe9beb71049642a9c784967f23e4e76e8efc?s=96&d=mm&r=g\",\"caption\":\"Vanessa Montanari\"},\"url\":\"https:\/\/blogdelarechercheclinique.com\/en\/author\/vanessa\/\"}]}<\/script>\n<!-- \/ Yoast SEO plugin. -->","yoast_head_json":{"title":"Comment \u00eatre DPO (d\u00e9l\u00e9gu\u00e9 \u00e0 la protection des donn\u00e9es)?","robots":{"index":"index","follow":"follow","max-snippet":"max-snippet:-1","max-image-preview":"max-image-preview:large","max-video-preview":"max-video-preview:-1"},"canonical":"https:\/\/blogdelarechercheclinique.com\/en\/dpo-delegue-protection-donnees\/","og_locale":"en_US","og_type":"article","og_title":"Comment \u00eatre DPO (d\u00e9l\u00e9gu\u00e9 \u00e0 la protection des donn\u00e9es)? -","og_url":"https:\/\/blogdelarechercheclinique.com\/en\/dpo-delegue-protection-donnees\/","article_publisher":"https:\/\/www.facebook.com\/blogdelarechercheclinique","article_published_time":"2024-06-10T14:37:44+00:00","article_modified_time":"2024-06-10T14:37:47+00:00","og_image":[{"width":552,"height":308,"url":"https:\/\/i0.wp.com\/blogdelarechercheclinique.com\/blog-contenu\/uploads\/2024\/06\/DPO.png?fit=552%2C308&ssl=1","type":"image\/png"}],"author":"Vanessa Montanari","twitter_card":"summary_large_image","twitter_misc":{"Written by":"Vanessa Montanari","Est. reading time":"4 minutes"},"schema":{"@context":"https:\/\/schema.org","@graph":[{"@type":"Article","@id":"https:\/\/blogdelarechercheclinique.com\/dpo-delegue-protection-donnees\/#article","isPartOf":{"@id":"https:\/\/blogdelarechercheclinique.com\/dpo-delegue-protection-donnees\/"},"author":{"name":"Vanessa Montanari","@id":"https:\/\/blogdelarechercheclinique.com\/#\/schema\/person\/13ee3f7a1251afe7e98918a482685938"},"headline":"Comment \u00eatre DPO (d\u00e9l\u00e9gu\u00e9 \u00e0 la protection des donn\u00e9es)?","datePublished":"2024-06-10T14:37:44+00:00","dateModified":"2024-06-10T14:37:47+00:00","mainEntityOfPage":{"@id":"https:\/\/blogdelarechercheclinique.com\/dpo-delegue-protection-donnees\/"},"wordCount":666,"commentCount":0,"publisher":{"@id":"https:\/\/blogdelarechercheclinique.com\/#organization"},"image":{"@id":"https:\/\/blogdelarechercheclinique.com\/dpo-delegue-protection-donnees\/#primaryimage"},"thumbnailUrl":"https:\/\/i0.wp.com\/blogdelarechercheclinique.com\/blog-contenu\/uploads\/2024\/06\/DPO.png?fit=552%2C308&ssl=1","articleSection":["Les r\u00e8glementaires"],"inLanguage":"en-US","potentialAction":[{"@type":"CommentAction","name":"Comment","target":["https:\/\/blogdelarechercheclinique.com\/dpo-delegue-protection-donnees\/#respond"]}]},{"@type":"WebPage","@id":"https:\/\/blogdelarechercheclinique.com\/dpo-delegue-protection-donnees\/","url":"https:\/\/blogdelarechercheclinique.com\/dpo-delegue-protection-donnees\/","name":"Comment \u00eatre DPO (d\u00e9l\u00e9gu\u00e9 \u00e0 la protection des donn\u00e9es)?","isPartOf":{"@id":"https:\/\/blogdelarechercheclinique.com\/#website"},"primaryImageOfPage":{"@id":"https:\/\/blogdelarechercheclinique.com\/dpo-delegue-protection-donnees\/#primaryimage"},"image":{"@id":"https:\/\/blogdelarechercheclinique.com\/dpo-delegue-protection-donnees\/#primaryimage"},"thumbnailUrl":"https:\/\/i0.wp.com\/blogdelarechercheclinique.com\/blog-contenu\/uploads\/2024\/06\/DPO.png?fit=552%2C308&ssl=1","datePublished":"2024-06-10T14:37:44+00:00","dateModified":"2024-06-10T14:37:47+00:00","description":"Le d\u00e9l\u00e9gu\u00e9 \u00e0 la protection des donn\u00e9es, c\u2019est la personne qui va s\u2019occuper de la conformit\u00e9 de l\u2019entreprise qui l\u2019a d\u00e9sign\u00e9 au RGPD.","breadcrumb":{"@id":"https:\/\/blogdelarechercheclinique.com\/dpo-delegue-protection-donnees\/#breadcrumb"},"inLanguage":"en-US","potentialAction":[{"@type":"ReadAction","target":["https:\/\/blogdelarechercheclinique.com\/dpo-delegue-protection-donnees\/"]}]},{"@type":"ImageObject","inLanguage":"en-US","@id":"https:\/\/blogdelarechercheclinique.com\/dpo-delegue-protection-donnees\/#primaryimage","url":"https:\/\/i0.wp.com\/blogdelarechercheclinique.com\/blog-contenu\/uploads\/2024\/06\/DPO.png?fit=552%2C308&ssl=1","contentUrl":"https:\/\/i0.wp.com\/blogdelarechercheclinique.com\/blog-contenu\/uploads\/2024\/06\/DPO.png?fit=552%2C308&ssl=1","width":552,"height":308,"caption":"D\u00e9l\u00e9gu\u00e9 \u00e0 la protection des donn\u00e9es"},{"@type":"BreadcrumbList","@id":"https:\/\/blogdelarechercheclinique.com\/dpo-delegue-protection-donnees\/#breadcrumb","itemListElement":[{"@type":"ListItem","position":1,"name":"Accueil","item":"https:\/\/blogdelarechercheclinique.com\/"},{"@type":"ListItem","position":2,"name":"Comment \u00eatre DPO (d\u00e9l\u00e9gu\u00e9 \u00e0 la protection des donn\u00e9es)?"}]},{"@type":"WebSite","@id":"https:\/\/blogdelarechercheclinique.com\/#website","url":"https:\/\/blogdelarechercheclinique.com\/","name":"Blog de la recherche clinique","description":"","publisher":{"@id":"https:\/\/blogdelarechercheclinique.com\/#organization"},"potentialAction":[{"@type":"SearchAction","target":{"@type":"EntryPoint","urlTemplate":"https:\/\/blogdelarechercheclinique.com\/?s={search_term_string}"},"query-input":{"@type":"PropertyValueSpecification","valueRequired":true,"valueName":"search_term_string"}}],"inLanguage":"en-US"},{"@type":"Organization","@id":"https:\/\/blogdelarechercheclinique.com\/#organization","name":"Blog de la recherche clinique","url":"https:\/\/blogdelarechercheclinique.com\/","logo":{"@type":"ImageObject","inLanguage":"en-US","@id":"https:\/\/blogdelarechercheclinique.com\/#\/schema\/logo\/image\/","url":"https:\/\/i0.wp.com\/blogdelarechercheclinique.com\/blog-contenu\/uploads\/2024\/04\/cropped-BLOG-logo.png?fit=512%2C512&ssl=1","contentUrl":"https:\/\/i0.wp.com\/blogdelarechercheclinique.com\/blog-contenu\/uploads\/2024\/04\/cropped-BLOG-logo.png?fit=512%2C512&ssl=1","width":512,"height":512,"caption":"Blog de la recherche clinique"},"image":{"@id":"https:\/\/blogdelarechercheclinique.com\/#\/schema\/logo\/image\/"},"sameAs":["https:\/\/www.facebook.com\/blogdelarechercheclinique"]},{"@type":"Person","@id":"https:\/\/blogdelarechercheclinique.com\/#\/schema\/person\/13ee3f7a1251afe7e98918a482685938","name":"Vanessa Montanari","image":{"@type":"ImageObject","inLanguage":"en-US","@id":"https:\/\/blogdelarechercheclinique.com\/#\/schema\/person\/image\/","url":"https:\/\/secure.gravatar.com\/avatar\/ddf428208f542d6c2239ace6606ebe9beb71049642a9c784967f23e4e76e8efc?s=96&d=mm&r=g","contentUrl":"https:\/\/secure.gravatar.com\/avatar\/ddf428208f542d6c2239ace6606ebe9beb71049642a9c784967f23e4e76e8efc?s=96&d=mm&r=g","caption":"Vanessa Montanari"},"url":"https:\/\/blogdelarechercheclinique.com\/en\/author\/vanessa\/"}]}},"jetpack_featured_media_url":"https:\/\/i0.wp.com\/blogdelarechercheclinique.com\/blog-contenu\/uploads\/2024\/06\/DPO.png?fit=552%2C308&ssl=1","jetpack-related-posts":[{"id":11674,"url":"https:\/\/blogdelarechercheclinique.com\/en\/designer-dpo-dehors-union-europeenne\/","url_meta":{"origin":14387,"position":0},"title":"Peut-on designer un DPO en dehors de l&rsquo;Union Europ\u00e9enne?","author":"Vanessa Montanari","date":"21 April 2021","format":false,"excerpt":"Est-il possible de designer un DPO en dehors de l'Union Europ\u00e9en? Comment designer son DPO en dehors de l'Union Europ\u00e9en.","rel":"","context":"In &quot;Les r\u00e8glementaires&quot;","block_context":{"text":"Les r\u00e8glementaires","link":"https:\/\/blogdelarechercheclinique.com\/en\/category\/reglementaires\/"},"img":{"alt_text":"Designer un DPO hors UE","src":"https:\/\/i0.wp.com\/blogdelarechercheclinique.com\/blog-contenu\/uploads\/2021\/04\/Outside-UE.png?fit=1138%2C562&ssl=1&resize=350%2C200","width":350,"height":200,"srcset":"https:\/\/i0.wp.com\/blogdelarechercheclinique.com\/blog-contenu\/uploads\/2021\/04\/Outside-UE.png?fit=1138%2C562&ssl=1&resize=350%2C200 1x, https:\/\/i0.wp.com\/blogdelarechercheclinique.com\/blog-contenu\/uploads\/2021\/04\/Outside-UE.png?fit=1138%2C562&ssl=1&resize=525%2C300 1.5x, https:\/\/i0.wp.com\/blogdelarechercheclinique.com\/blog-contenu\/uploads\/2021\/04\/Outside-UE.png?fit=1138%2C562&ssl=1&resize=700%2C400 2x, https:\/\/i0.wp.com\/blogdelarechercheclinique.com\/blog-contenu\/uploads\/2021\/04\/Outside-UE.png?fit=1138%2C562&ssl=1&resize=1050%2C600 3x"},"classes":[]},{"id":14368,"url":"https:\/\/blogdelarechercheclinique.com\/en\/rgpd-certification-conformite-processus-entreprise\/","url_meta":{"origin":14387,"position":1},"title":"RGPD: Certification et conformit\u00e9 des processus en entreprise","author":"Vanessa Montanari","date":"10 June 2024","format":false,"excerpt":"Le RGPD est le texte de r\u00e9f\u00e9rence en mati\u00e8re de protection des donn\u00e9es \u00e0 caract\u00e8re personnel. Il est entr\u00e9 en application au sein de l\u2019Union Europ\u00e9enne le 25 mai 2018.","rel":"","context":"In &quot;Les r\u00e8glementaires&quot;","block_context":{"text":"Les r\u00e8glementaires","link":"https:\/\/blogdelarechercheclinique.com\/en\/category\/reglementaires\/"},"img":{"alt_text":"Certification RGPD","src":"https:\/\/i0.wp.com\/blogdelarechercheclinique.com\/blog-contenu\/uploads\/2024\/06\/Certification-RGPD.png?fit=552%2C307&ssl=1&resize=350%2C200","width":350,"height":200,"srcset":"https:\/\/i0.wp.com\/blogdelarechercheclinique.com\/blog-contenu\/uploads\/2024\/06\/Certification-RGPD.png?fit=552%2C307&ssl=1&resize=350%2C200 1x, https:\/\/i0.wp.com\/blogdelarechercheclinique.com\/blog-contenu\/uploads\/2024\/06\/Certification-RGPD.png?fit=552%2C307&ssl=1&resize=525%2C300 1.5x"},"classes":[]},{"id":14350,"url":"https:\/\/blogdelarechercheclinique.com\/en\/tec-obligations-rgpd\/","url_meta":{"origin":14387,"position":2},"title":"TEC : Mise en place des obligations li\u00e9es au RGPD","author":"Vanessa Montanari","date":"10 June 2024","format":false,"excerpt":"On se retrouve aujourd\u2019hui une nouvelle fois pour parler du RGPD, le R\u00e8glement G\u00e9n\u00e9ral sur la Protection des Donn\u00e9es. Je vous rappelle, ce texte sert de r\u00e9f\u00e9rence en mati\u00e8re de protection des donn\u00e9es \u00e0 caract\u00e8re personnel au sein de l\u2019UE. Il est entr\u00e9 en application le 25 mai 2018 dans\u2026","rel":"","context":"In &quot;Les r\u00e8glementaires&quot;","block_context":{"text":"Les r\u00e8glementaires","link":"https:\/\/blogdelarechercheclinique.com\/en\/category\/reglementaires\/"},"img":{"alt_text":"Technicien en \u00e9tude clinique","src":"https:\/\/i0.wp.com\/blogdelarechercheclinique.com\/blog-contenu\/uploads\/2024\/06\/TEC.png?fit=550%2C307&ssl=1&resize=350%2C200","width":350,"height":200,"srcset":"https:\/\/i0.wp.com\/blogdelarechercheclinique.com\/blog-contenu\/uploads\/2024\/06\/TEC.png?fit=550%2C307&ssl=1&resize=350%2C200 1x, https:\/\/i0.wp.com\/blogdelarechercheclinique.com\/blog-contenu\/uploads\/2024\/06\/TEC.png?fit=550%2C307&ssl=1&resize=525%2C300 1.5x"},"classes":[]},{"id":14375,"url":"https:\/\/blogdelarechercheclinique.com\/en\/rgpd-notifier-violation-donnees-personnelles\/","url_meta":{"origin":14387,"position":3},"title":"RGPD : Quand notifier une violation de donn\u00e9es \u00e0 caract\u00e8re personnel?","author":"Vanessa Montanari","date":"10 June 2024","format":false,"excerpt":"On se retrouve une nouvelle fois pour parler du R\u00e8glement G\u00e9n\u00e9ral sur la Protection des Donn\u00e9es (le RGPD). Il s'agit du texte de r\u00e9f\u00e9rence en mati\u00e8re de protection des donn\u00e9es \u00e0 caract\u00e8re personnel.\u00a0 Ce texte est entr\u00e9 en application au sein de l\u2019Union Europ\u00e9enne le 25 mai 2018.","rel":"","context":"In &quot;Les r\u00e8glementaires&quot;","block_context":{"text":"Les r\u00e8glementaires","link":"https:\/\/blogdelarechercheclinique.com\/en\/category\/reglementaires\/"},"img":{"alt_text":"Violation donn\u00e9es personnelles","src":"https:\/\/i0.wp.com\/blogdelarechercheclinique.com\/blog-contenu\/uploads\/2024\/06\/violation-donnees-personnelles.png?fit=556%2C307&ssl=1&resize=350%2C200","width":350,"height":200,"srcset":"https:\/\/i0.wp.com\/blogdelarechercheclinique.com\/blog-contenu\/uploads\/2024\/06\/violation-donnees-personnelles.png?fit=556%2C307&ssl=1&resize=350%2C200 1x, https:\/\/i0.wp.com\/blogdelarechercheclinique.com\/blog-contenu\/uploads\/2024\/06\/violation-donnees-personnelles.png?fit=556%2C307&ssl=1&resize=525%2C300 1.5x"},"classes":[]},{"id":14403,"url":"https:\/\/blogdelarechercheclinique.com\/en\/seisme-invalidation-privacy-shield-recherche-clinique\/","url_meta":{"origin":14387,"position":4},"title":"Le s\u00e9isme: invalidation du privacy shield et recherche clinique","author":"Vanessa Montanari","date":"11 June 2024","format":false,"excerpt":"Aujourd'hui, on va aborder le th\u00e8me de la protection des donn\u00e9es personnelles \u00e0 travers l'invalidation du privacy shield.","rel":"","context":"In &quot;Jeux - \u00e9v\u00e8nements&quot;","block_context":{"text":"Jeux - \u00e9v\u00e8nements","link":"https:\/\/blogdelarechercheclinique.com\/en\/category\/jeux-evenements\/"},"img":{"alt_text":"Privacy shield","src":"https:\/\/i0.wp.com\/blogdelarechercheclinique.com\/blog-contenu\/uploads\/2024\/06\/invalidation-privacy-shield.png?fit=552%2C307&ssl=1&resize=350%2C200","width":350,"height":200,"srcset":"https:\/\/i0.wp.com\/blogdelarechercheclinique.com\/blog-contenu\/uploads\/2024\/06\/invalidation-privacy-shield.png?fit=552%2C307&ssl=1&resize=350%2C200 1x, https:\/\/i0.wp.com\/blogdelarechercheclinique.com\/blog-contenu\/uploads\/2024\/06\/invalidation-privacy-shield.png?fit=552%2C307&ssl=1&resize=525%2C300 1.5x"},"classes":[]},{"id":11689,"url":"https:\/\/blogdelarechercheclinique.com\/en\/dpo-data-protection-officer\/","url_meta":{"origin":14387,"position":5},"title":"How do I become a DPO (Data Protection Officer)?","author":"Vanessa Montanari","date":"21 April 2021","format":false,"excerpt":"The question of the day is how to become a DPO. As a reminder, the DPO or data protection officer, is the person who will take care of the compliance of the company that has appointed him to the GDPR. That is to say, he is the one who will\u2026","rel":"","context":"In &quot;Becoming a Clinical Research Associate: training, funding&quot;","block_context":{"text":"Becoming a Clinical Research Associate: training, funding","link":"https:\/\/blogdelarechercheclinique.com\/en\/category\/becoming-a-clinical-research-associate-training-funding\/"},"img":{"alt_text":"D\u00e9l\u00e9gu\u00e9 \u00e0 la protection des donn\u00e9es","src":"https:\/\/i0.wp.com\/blogdelarechercheclinique.com\/blog-contenu\/uploads\/2024\/06\/DPO.png?fit=552%2C308&ssl=1&resize=350%2C200","width":350,"height":200,"srcset":"https:\/\/i0.wp.com\/blogdelarechercheclinique.com\/blog-contenu\/uploads\/2024\/06\/DPO.png?fit=552%2C308&ssl=1&resize=350%2C200 1x, https:\/\/i0.wp.com\/blogdelarechercheclinique.com\/blog-contenu\/uploads\/2024\/06\/DPO.png?fit=552%2C308&ssl=1&resize=525%2C300 1.5x"},"classes":[]}],"jetpack_sharing_enabled":true,"_links":{"self":[{"href":"https:\/\/blogdelarechercheclinique.com\/en\/wp-json\/wp\/v2\/posts\/14387","targetHints":{"allow":["GET"]}}],"collection":[{"href":"https:\/\/blogdelarechercheclinique.com\/en\/wp-json\/wp\/v2\/posts"}],"about":[{"href":"https:\/\/blogdelarechercheclinique.com\/en\/wp-json\/wp\/v2\/types\/post"}],"author":[{"embeddable":true,"href":"https:\/\/blogdelarechercheclinique.com\/en\/wp-json\/wp\/v2\/users\/4"}],"replies":[{"embeddable":true,"href":"https:\/\/blogdelarechercheclinique.com\/en\/wp-json\/wp\/v2\/comments?post=14387"}],"version-history":[{"count":1,"href":"https:\/\/blogdelarechercheclinique.com\/en\/wp-json\/wp\/v2\/posts\/14387\/revisions"}],"predecessor-version":[{"id":14389,"href":"https:\/\/blogdelarechercheclinique.com\/en\/wp-json\/wp\/v2\/posts\/14387\/revisions\/14389"}],"wp:featuredmedia":[{"embeddable":true,"href":"https:\/\/blogdelarechercheclinique.com\/en\/wp-json\/wp\/v2\/media\/14388"}],"wp:attachment":[{"href":"https:\/\/blogdelarechercheclinique.com\/en\/wp-json\/wp\/v2\/media?parent=14387"}],"wp:term":[{"taxonomy":"category","embeddable":true,"href":"https:\/\/blogdelarechercheclinique.com\/en\/wp-json\/wp\/v2\/categories?post=14387"},{"taxonomy":"post_tag","embeddable":true,"href":"https:\/\/blogdelarechercheclinique.com\/en\/wp-json\/wp\/v2\/tags?post=14387"}],"curies":[{"name":"wp","href":"https:\/\/api.w.org\/{rel}","templated":true}]}}