{"id":3403,"date":"2016-11-23T08:19:34","date_gmt":"2016-11-23T07:19:34","guid":{"rendered":"https:\/\/blogdelarechercheclinique.com\/?p=3403"},"modified":"2024-07-04T15:36:50","modified_gmt":"2024-07-04T13:36:50","slug":"procedure-operatoire-standardisee","status":"publish","type":"post","link":"https:\/\/blogdelarechercheclinique.com\/en\/procedure-operatoire-standardisee\/","title":{"rendered":"Qu&rsquo;est-ce qu&rsquo;une proc\u00e9dure op\u00e9ratoire standardis\u00e9e?"},"content":{"rendered":"<p>Nous avons r\u00e9alis\u00e9 une vid\u00e9o pour vous aider \u00e0 comprendre ce que sont <a href=\"https:\/\/blogdelarechercheclinique.com\/en\/\"><strong>les proc\u00e9dures op\u00e9rationnelles standardis\u00e9es<\/strong><\/a>. Pour cela, nous avons interview\u00e9 Tania Schmit, notre responsable qualit\u00e9.<\/p>\n<p><iframe data-src=\"https:\/\/www.youtube.com\/embed\/i3Ndi1fWOt4\" width=\"560\" height=\"315\" frameborder=\"0\" allowfullscreen=\"allowfullscreen\" data-mce-fragment=\"1\" src=\"data:image\/svg+xml;base64,PHN2ZyB3aWR0aD0iMSIgaGVpZ2h0PSIxIiB4bWxucz0iaHR0cDovL3d3dy53My5vcmcvMjAwMC9zdmciPjwvc3ZnPg==\" class=\"lazyload\" data-load-mode=\"1\"><\/iframe><!--more--><\/p>\n<p><em>Bonjour \u00e0 tous, je suis Vanessa Montanari, g\u00e9rante de la soci\u00e9t\u00e9 Pharmaspecific. Je vous pr\u00e9sente Tania Schmit. Tania est consultante qualit\u00e9. Elle est \u00e9galement responsable qualit\u00e9 pour Pharmaspecific.<\/em><\/p>\n<p><em>Tania, je te remercie de ta pr\u00e9sence et d\u2019avoir accept\u00e9 de r\u00e9pondre \u00e0 mes questions pour \u00e9clairer les lecteurs de notre blog. Nous allons parler aujourd\u2019hui des proc\u00e9dures op\u00e9ratoires standardis\u00e9es.<\/em><\/p>\n<h2><span style=\"color: #0000ff;\"><strong>Ma premi\u00e8re question est: qu\u2019est-ce qu\u2019une proc\u00e9dure op\u00e9ratoire standardis\u00e9e ?\u00a0<\/strong><\/span><\/h2>\n<p>Une <strong>proc\u00e9dure op\u00e9ratoire standardis\u00e9e<\/strong> est un document qui d\u00e9crit une activit\u00e9 d\u00e9termin\u00e9e. C\u2019est-\u00e0-dire que dans ce document, nous allons trouver la description chronologique de la mani\u00e8re dont vont se r\u00e9aliser les op\u00e9rations d\u2019une activit\u00e9 sp\u00e9cifique. Par exemple\u00a0: la r\u00e9alisation d\u2019une <a href=\"https:\/\/blogdelarechercheclinique.com\/en\/comment-reussir-sa-visite-de-monitoring\/\">visite de monitoring<\/a>, le recrutement d\u2019un nouveau salari\u00e9\u2026<\/p>\n<p>Dans ce document, nous allons aussi trouver les acteurs impliqu\u00e9s et les personnes responsables de la r\u00e9alisation de chaque op\u00e9ration. On doit aussi pr\u00e9ciser les moyens qui vont \u00eatre utilis\u00e9s pour r\u00e9aliser cette activit\u00e9 soit un ordinateur, une machine, un appareil, une voiture, par exemple. Pour finaliser on doit aussi d\u00e9terminer les documents annexes qui vont \u00eatre utilis\u00e9s pour r\u00e9aliser l\u2019activit\u00e9\u00a0; soit un formulaire, un devis par exemple. Une proc\u00e9dure peut concerner plusieurs services ou activit\u00e9s d\u2019une soci\u00e9t\u00e9.<\/p>\n<h2><span style=\"color: #0000ff;\"><strong>\u00c0 quoi servent les proc\u00e9dures op\u00e9ratoires standardis\u00e9es ?<\/strong><\/span><\/h2>\n<p>Une <strong>proc\u00e9dure op\u00e9ratoire standardis\u00e9e<\/strong> sert \u00e0 plusieurs choses\u00a0:<\/p>\n<ul>\n<li>La formalisation d\u2019une activit\u00e9\u00a0: si nous avons des doutes sur la mani\u00e8re de r\u00e9aliser l\u2019activit\u00e9, nous pouvons nous reporter \u00e0 la proc\u00e9dure formelle \u00e9crite et c\u2019est l\u00e0 que l\u2019on va trouver l\u2019explication pr\u00e9cise sur la r\u00e9alisation de l\u2019activit\u00e9.<\/li>\n<li>La formation d\u2019un nouveau salari\u00e9\u00a0: tout nouveau salari\u00e9 de la soci\u00e9t\u00e9 doit \u00eatre form\u00e9 sur les activit\u00e9s sp\u00e9cifiques qui le concernent. Dans cette optique, dans un premier temps, nous pouvons lui donner \u00e0 lire les proc\u00e9dures, de mani\u00e8re \u00e0 ce qu\u2019il puisse commencer \u00e0 comprendre les t\u00e2ches qui vont lui \u00eatre confi\u00e9es. Suite \u00e0 cela, une formation sur le terrain compl\u00e9tera la compr\u00e9hension de son travail.<\/li>\n<li>La formalisation et l\u2019archivage du savoir-faire de la soci\u00e9t\u00e9 pour sa p\u00e9rennit\u00e9.<\/li>\n<\/ul>\n<p>Je dirais aussi que r\u00e9aliser des <a href=\"https:\/\/blogdelarechercheclinique.com\/en\/\"><strong>proc\u00e9dures sert \u00e0 identifier d\u2019\u00e9ventuels dysfonctionnements<\/strong><\/a> dans la r\u00e9alisation de certaines activit\u00e9s. Puisque nous devons d\u00e9crire dans une proc\u00e9dure ce que nous faisons sur le terrain de mani\u00e8re logique et ordonn\u00e9e, nous pouvons \u00e9ventuellement identifier des t\u00e2ches qui n\u2019ont pas de raison d\u2019\u00eatre pour r\u00e9aliser l\u2019activit\u00e9.<\/p>\n<h2><span style=\"color: #0000ff;\"><strong>Dans quel cadre \u00e9crit-on des proc\u00e9dures op\u00e9ratoires standardis\u00e9es\u00a0?<\/strong><\/span><\/h2>\n<p><strong>\u00a0<\/strong>Il n\u2019existe pas un cadre pr\u00e9cis pour \u00e9crire des proc\u00e9dures. Toutes les soci\u00e9t\u00e9s ou organisations peuvent cr\u00e9er leurs propres proc\u00e9dures afin de mieux comprendre et faire comprendre leurs activit\u00e9s. Dans ce contexte, nous pouvons \u00e9crire des proc\u00e9dures si nous voulons formaliser nos activit\u00e9s. Si nous voulons cr\u00e9er un syst\u00e8me de management de la qualit\u00e9 ou si nous voulons commencer une d\u00e9marche de certification de la norme qualit\u00e9 ISO 9001 ou d\u2019une autre norme.<\/p>\n<h2><strong>\u00a0<span style=\"color: #0000ff;\">Tania, qui peut \u00e9crire des proc\u00e9dures op\u00e9ratives standardis\u00e9es ?<\/span><\/strong><\/h2>\n<p>Il est fortement conseill\u00e9 de faire participer les salari\u00e9s \u00e0 l\u2019\u00e9criture des proc\u00e9dures. Cet exercice va les aider \u00e0 la compr\u00e9hension de ce document. N\u2019oublions pas que ce sont les salari\u00e9s qui sont les principaux utilisateurs de ces documents. Il est pr\u00e9conis\u00e9 qu\u2019un correspondant qualit\u00e9 ou quelqu\u2019un qui a des comp\u00e9tences dans ce domaine puisse encadrer la r\u00e9daction de ces documents.<\/p>\n<p><em>Oui, en effet, Tania, \u00e0 Pharmaspecific, ce sont les collaborateurs qui ont particip\u00e9 activement \u00e0 la r\u00e9daction des proc\u00e9dures avec ton aide. C&rsquo;est un point important qui leur permet de s&rsquo;impliquer dans la d\u00e9marche \u00ab\u00a0qualit\u00e9\u00a0\u00bb de l&rsquo;entreprise.\u00a0<\/em><\/p>\n<h2><span style=\"color: #0000ff;\"><strong>Comment r\u00e9dige t-on une proc\u00e9dure op\u00e9ratoire standardis\u00e9e\u00a0?<\/strong><\/span><\/h2>\n<p>Dans les proc\u00e9dures nous devons pr\u00e9ciser les points suivants :<\/p>\n<ul>\n<li><span style=\"color: #3366ff;\">Les \u00e9tapes et les sous-\u00e9tapes menant \u00e0 la r\u00e9alisation de l\u2019activit\u00e9<\/span><\/li>\n<li><span style=\"color: #3366ff;\">Les acteurs et les responsables de ces op\u00e9rations<\/span><\/li>\n<li><span style=\"color: #3366ff;\">Et les moyens et les documents qui sont utilis\u00e9s<\/span><\/li>\n<\/ul>\n<p>Il est aussi conseill\u00e9 d\u2019avoir un syst\u00e8me d\u2019identification pour les proc\u00e9dures ainsi que d\u00e9terminer les responsables \u00e0 la r\u00e9daction, la v\u00e9rification et la validation de ces documents. Finalement, nous pouvons pr\u00e9senter nos proc\u00e9dures de 2 mani\u00e8res\u00a0: la premi\u00e8re, de fa\u00e7on r\u00e9dactionnelle et la deuxi\u00e8me, avec l\u2019aide d\u2019un logigramme.<\/p>\n<p><em>Tania, je te remercie de nous avoir \u00e9clairer sur les proc\u00e9dures op\u00e9ratoires standardis\u00e9es.\u00a0Nous avons obtenu la certification ISO9001 gr\u00e2ce \u00e0 ton aide. Merci encore Tania.<\/em><\/p>\n<p>Merci \u00e0 tous d\u2019avoir regard\u00e9 cette vid\u00e9o, pour en savoir plus sur<strong> Pharmaspecific, <\/strong>vous pouvez cliquer sur le site web de l\u2019entreprise. A bient\u00f4t,<\/p>\n<hr \/>\n<p>Vous avez besoin d&rsquo;<strong>une prestation en recherche clinique ? contactez PHARMASPECIFIC <\/strong>en vous rendant sur notre site en cliquant ici<strong> : <a href=\"https:\/\/pharmaspecific.com\/devis\/\" target=\"_blank\" rel=\"noopener noreferrer\">https:\/\/pharmaspecific.com\/devis\/<\/a><\/strong><\/p>\n<p><em>Si tu as des questions sur le m\u00e9tier d\u2019attach\u00e9 de recherche clinique ou sur une carri\u00e8re dans la recherche clinique, tu peux la mettre dans les commentaires ci-dessous. Nous te r\u00e9pondrons dans les plus brefs d\u00e9lais.\u00a0<\/em><\/p>\n<p><em>Si tu veux \u00eatre coach\u00e9, si tu veux une r\u00e9ponse personnalis\u00e9e \u00e0 tes questions ou \u00eatre en contact avec d\u2019autres professionnels de la recherche clinique, tu peux te rendre sur\u00a0<a href=\"https:\/\/pharmaspecific-training.com\/\" target=\"_blank\" rel=\"noopener noreferrer\">https:\/\/pharmaspecific-training.com\/<\/a><\/em><\/p>","protected":false},"excerpt":{"rendered":"<p>Nous avons r\u00e9alis\u00e9 une vid\u00e9o pour vous aider \u00e0 comprendre ce que sont les proc\u00e9dures op\u00e9rationnelles standardis\u00e9es. Pour cela, nous avons interview\u00e9 Tania Schmit, notre responsable qualit\u00e9.<\/p>","protected":false},"author":4,"featured_media":14735,"comment_status":"open","ping_status":"open","sticky":false,"template":"","format":"standard","meta":{"om_disable_all_campaigns":false,"rop_custom_images_group":[],"rop_custom_messages_group":[],"rop_publish_now":"initial","rop_publish_now_accounts":{"facebook_122143508198123560_331463380343150":""},"rop_publish_now_history":[],"rop_publish_now_status":"pending","_sitemap_exclude":false,"_sitemap_priority":"","_sitemap_frequency":"","_exactmetrics_skip_tracking":false,"_exactmetrics_sitenote_active":false,"_exactmetrics_sitenote_note":"","_exactmetrics_sitenote_category":0,"_jetpack_memberships_contains_paid_content":false,"footnotes":""},"categories":[389],"tags":[257,258,259],"class_list":{"0":"post-3403","1":"post","2":"type-post","3":"status-publish","4":"format-standard","5":"has-post-thumbnail","7":"category-reglementaires","8":"tag-document","9":"tag-procedure","10":"tag-procedure-operatoire"},"translation":{"provider":"WPGlobus","version":"3.0.2","language":"en","enabled_languages":["fr","en"],"languages":{"fr":{"title":true,"content":true,"excerpt":true},"en":{"title":false,"content":false,"excerpt":false}}},"yoast_head":"<!-- This site is optimized with the Yoast SEO plugin v26.9 - https:\/\/yoast.com\/product\/yoast-seo-wordpress\/ -->\n<title>Qu&#039;est-ce qu&#039;une proc\u00e9dure op\u00e9ratoire standardis\u00e9e ?<\/title>\n<meta name=\"robots\" content=\"index, follow, max-snippet:-1, max-image-preview:large, max-video-preview:-1\" \/>\n<link rel=\"canonical\" href=\"https:\/\/blogdelarechercheclinique.com\/en\/procedure-operatoire-standardisee\/\" \/>\n<meta property=\"og:locale\" content=\"en_US\" \/>\n<meta property=\"og:type\" content=\"article\" \/>\n<meta property=\"og:title\" content=\"Qu&#039;est-ce qu&#039;une proc\u00e9dure op\u00e9ratoire standardis\u00e9e? -\" \/>\n<meta property=\"og:url\" content=\"https:\/\/blogdelarechercheclinique.com\/en\/procedure-operatoire-standardisee\/\" \/>\n<meta property=\"article:publisher\" content=\"https:\/\/www.facebook.com\/blogdelarechercheclinique\" \/>\n<meta property=\"article:published_time\" content=\"2016-11-23T07:19:34+00:00\" \/>\n<meta property=\"article:modified_time\" content=\"2024-07-04T13:36:50+00:00\" \/>\n<meta property=\"og:image\" content=\"https:\/\/i0.wp.com\/blogdelarechercheclinique.com\/blog-contenu\/uploads\/2016\/11\/procedure-operatoire-standardisee.png?fit=551%2C308&ssl=1\" \/>\n\t<meta property=\"og:image:width\" content=\"551\" \/>\n\t<meta property=\"og:image:height\" content=\"308\" \/>\n\t<meta property=\"og:image:type\" content=\"image\/png\" \/>\n<meta name=\"author\" content=\"Vanessa Montanari\" \/>\n<meta name=\"twitter:card\" content=\"summary_large_image\" \/>\n<meta name=\"twitter:label1\" content=\"Written by\" \/>\n\t<meta name=\"twitter:data1\" content=\"Vanessa Montanari\" \/>\n\t<meta name=\"twitter:label2\" content=\"Est. reading time\" \/>\n\t<meta name=\"twitter:data2\" content=\"5 minutes\" \/>\n<script type=\"application\/ld+json\" class=\"yoast-schema-graph\">{\"@context\":\"https:\/\/schema.org\",\"@graph\":[{\"@type\":\"Article\",\"@id\":\"https:\/\/blogdelarechercheclinique.com\/procedure-operatoire-standardisee\/#article\",\"isPartOf\":{\"@id\":\"https:\/\/blogdelarechercheclinique.com\/procedure-operatoire-standardisee\/\"},\"author\":{\"name\":\"Vanessa Montanari\",\"@id\":\"https:\/\/blogdelarechercheclinique.com\/#\/schema\/person\/13ee3f7a1251afe7e98918a482685938\"},\"headline\":\"Qu&rsquo;est-ce qu&rsquo;une proc\u00e9dure op\u00e9ratoire standardis\u00e9e?\",\"datePublished\":\"2016-11-23T07:19:34+00:00\",\"dateModified\":\"2024-07-04T13:36:50+00:00\",\"mainEntityOfPage\":{\"@id\":\"https:\/\/blogdelarechercheclinique.com\/procedure-operatoire-standardisee\/\"},\"wordCount\":989,\"commentCount\":0,\"publisher\":{\"@id\":\"https:\/\/blogdelarechercheclinique.com\/#organization\"},\"image\":{\"@id\":\"https:\/\/blogdelarechercheclinique.com\/procedure-operatoire-standardisee\/#primaryimage\"},\"thumbnailUrl\":\"https:\/\/i0.wp.com\/blogdelarechercheclinique.com\/blog-contenu\/uploads\/2016\/11\/procedure-operatoire-standardisee.png?fit=551%2C308&ssl=1\",\"keywords\":[\"document\",\"proc\u00e9dure\",\"proc\u00e9dure op\u00e9ratoire\"],\"articleSection\":[\"Les r\u00e8glementaires\"],\"inLanguage\":\"en-US\",\"potentialAction\":[{\"@type\":\"CommentAction\",\"name\":\"Comment\",\"target\":[\"https:\/\/blogdelarechercheclinique.com\/procedure-operatoire-standardisee\/#respond\"]}]},{\"@type\":\"WebPage\",\"@id\":\"https:\/\/blogdelarechercheclinique.com\/procedure-operatoire-standardisee\/\",\"url\":\"https:\/\/blogdelarechercheclinique.com\/procedure-operatoire-standardisee\/\",\"name\":\"Qu'est-ce qu'une proc\u00e9dure op\u00e9ratoire standardis\u00e9e ?\",\"isPartOf\":{\"@id\":\"https:\/\/blogdelarechercheclinique.com\/#website\"},\"primaryImageOfPage\":{\"@id\":\"https:\/\/blogdelarechercheclinique.com\/procedure-operatoire-standardisee\/#primaryimage\"},\"image\":{\"@id\":\"https:\/\/blogdelarechercheclinique.com\/procedure-operatoire-standardisee\/#primaryimage\"},\"thumbnailUrl\":\"https:\/\/i0.wp.com\/blogdelarechercheclinique.com\/blog-contenu\/uploads\/2016\/11\/procedure-operatoire-standardisee.png?fit=551%2C308&ssl=1\",\"datePublished\":\"2016-11-23T07:19:34+00:00\",\"dateModified\":\"2024-07-04T13:36:50+00:00\",\"description\":\"Une proc\u00e9dure op\u00e9ratoire standardis\u00e9e est un document qui les diff\u00e9rentes \u00e9tapes de r\u00e9alisation d\u2019une activit\u00e9 sp\u00e9cifique.\",\"breadcrumb\":{\"@id\":\"https:\/\/blogdelarechercheclinique.com\/procedure-operatoire-standardisee\/#breadcrumb\"},\"inLanguage\":\"en-US\",\"potentialAction\":[{\"@type\":\"ReadAction\",\"target\":[\"https:\/\/blogdelarechercheclinique.com\/procedure-operatoire-standardisee\/\"]}]},{\"@type\":\"ImageObject\",\"inLanguage\":\"en-US\",\"@id\":\"https:\/\/blogdelarechercheclinique.com\/procedure-operatoire-standardisee\/#primaryimage\",\"url\":\"https:\/\/i0.wp.com\/blogdelarechercheclinique.com\/blog-contenu\/uploads\/2016\/11\/procedure-operatoire-standardisee.png?fit=551%2C308&ssl=1\",\"contentUrl\":\"https:\/\/i0.wp.com\/blogdelarechercheclinique.com\/blog-contenu\/uploads\/2016\/11\/procedure-operatoire-standardisee.png?fit=551%2C308&ssl=1\",\"width\":551,\"height\":308,\"caption\":\"Proc\u00e9dure op\u00e9ratoire standardis\u00e9e\"},{\"@type\":\"BreadcrumbList\",\"@id\":\"https:\/\/blogdelarechercheclinique.com\/procedure-operatoire-standardisee\/#breadcrumb\",\"itemListElement\":[{\"@type\":\"ListItem\",\"position\":1,\"name\":\"Accueil\",\"item\":\"https:\/\/blogdelarechercheclinique.com\/\"},{\"@type\":\"ListItem\",\"position\":2,\"name\":\"Qu&rsquo;est-ce qu&rsquo;une proc\u00e9dure op\u00e9ratoire standardis\u00e9e?\"}]},{\"@type\":\"WebSite\",\"@id\":\"https:\/\/blogdelarechercheclinique.com\/#website\",\"url\":\"https:\/\/blogdelarechercheclinique.com\/\",\"name\":\"Blog de la recherche clinique\",\"description\":\"\",\"publisher\":{\"@id\":\"https:\/\/blogdelarechercheclinique.com\/#organization\"},\"potentialAction\":[{\"@type\":\"SearchAction\",\"target\":{\"@type\":\"EntryPoint\",\"urlTemplate\":\"https:\/\/blogdelarechercheclinique.com\/?s={search_term_string}\"},\"query-input\":{\"@type\":\"PropertyValueSpecification\",\"valueRequired\":true,\"valueName\":\"search_term_string\"}}],\"inLanguage\":\"en-US\"},{\"@type\":\"Organization\",\"@id\":\"https:\/\/blogdelarechercheclinique.com\/#organization\",\"name\":\"Blog de la recherche clinique\",\"url\":\"https:\/\/blogdelarechercheclinique.com\/\",\"logo\":{\"@type\":\"ImageObject\",\"inLanguage\":\"en-US\",\"@id\":\"https:\/\/blogdelarechercheclinique.com\/#\/schema\/logo\/image\/\",\"url\":\"https:\/\/i0.wp.com\/blogdelarechercheclinique.com\/blog-contenu\/uploads\/2024\/04\/cropped-BLOG-logo.png?fit=512%2C512&ssl=1\",\"contentUrl\":\"https:\/\/i0.wp.com\/blogdelarechercheclinique.com\/blog-contenu\/uploads\/2024\/04\/cropped-BLOG-logo.png?fit=512%2C512&ssl=1\",\"width\":512,\"height\":512,\"caption\":\"Blog de la recherche clinique\"},\"image\":{\"@id\":\"https:\/\/blogdelarechercheclinique.com\/#\/schema\/logo\/image\/\"},\"sameAs\":[\"https:\/\/www.facebook.com\/blogdelarechercheclinique\"]},{\"@type\":\"Person\",\"@id\":\"https:\/\/blogdelarechercheclinique.com\/#\/schema\/person\/13ee3f7a1251afe7e98918a482685938\",\"name\":\"Vanessa Montanari\",\"image\":{\"@type\":\"ImageObject\",\"inLanguage\":\"en-US\",\"@id\":\"https:\/\/blogdelarechercheclinique.com\/#\/schema\/person\/image\/\",\"url\":\"https:\/\/secure.gravatar.com\/avatar\/ddf428208f542d6c2239ace6606ebe9beb71049642a9c784967f23e4e76e8efc?s=96&d=mm&r=g\",\"contentUrl\":\"https:\/\/secure.gravatar.com\/avatar\/ddf428208f542d6c2239ace6606ebe9beb71049642a9c784967f23e4e76e8efc?s=96&d=mm&r=g\",\"caption\":\"Vanessa Montanari\"},\"url\":\"https:\/\/blogdelarechercheclinique.com\/en\/author\/vanessa\/\"}]}<\/script>\n<!-- \/ Yoast SEO plugin. -->","yoast_head_json":{"title":"Qu'est-ce qu'une proc\u00e9dure op\u00e9ratoire standardis\u00e9e ?","robots":{"index":"index","follow":"follow","max-snippet":"max-snippet:-1","max-image-preview":"max-image-preview:large","max-video-preview":"max-video-preview:-1"},"canonical":"https:\/\/blogdelarechercheclinique.com\/en\/procedure-operatoire-standardisee\/","og_locale":"en_US","og_type":"article","og_title":"Qu'est-ce qu'une proc\u00e9dure op\u00e9ratoire standardis\u00e9e? -","og_url":"https:\/\/blogdelarechercheclinique.com\/en\/procedure-operatoire-standardisee\/","article_publisher":"https:\/\/www.facebook.com\/blogdelarechercheclinique","article_published_time":"2016-11-23T07:19:34+00:00","article_modified_time":"2024-07-04T13:36:50+00:00","og_image":[{"width":551,"height":308,"url":"https:\/\/i0.wp.com\/blogdelarechercheclinique.com\/blog-contenu\/uploads\/2016\/11\/procedure-operatoire-standardisee.png?fit=551%2C308&ssl=1","type":"image\/png"}],"author":"Vanessa Montanari","twitter_card":"summary_large_image","twitter_misc":{"Written by":"Vanessa Montanari","Est. reading time":"5 minutes"},"schema":{"@context":"https:\/\/schema.org","@graph":[{"@type":"Article","@id":"https:\/\/blogdelarechercheclinique.com\/procedure-operatoire-standardisee\/#article","isPartOf":{"@id":"https:\/\/blogdelarechercheclinique.com\/procedure-operatoire-standardisee\/"},"author":{"name":"Vanessa Montanari","@id":"https:\/\/blogdelarechercheclinique.com\/#\/schema\/person\/13ee3f7a1251afe7e98918a482685938"},"headline":"Qu&rsquo;est-ce qu&rsquo;une proc\u00e9dure op\u00e9ratoire standardis\u00e9e?","datePublished":"2016-11-23T07:19:34+00:00","dateModified":"2024-07-04T13:36:50+00:00","mainEntityOfPage":{"@id":"https:\/\/blogdelarechercheclinique.com\/procedure-operatoire-standardisee\/"},"wordCount":989,"commentCount":0,"publisher":{"@id":"https:\/\/blogdelarechercheclinique.com\/#organization"},"image":{"@id":"https:\/\/blogdelarechercheclinique.com\/procedure-operatoire-standardisee\/#primaryimage"},"thumbnailUrl":"https:\/\/i0.wp.com\/blogdelarechercheclinique.com\/blog-contenu\/uploads\/2016\/11\/procedure-operatoire-standardisee.png?fit=551%2C308&ssl=1","keywords":["document","proc\u00e9dure","proc\u00e9dure op\u00e9ratoire"],"articleSection":["Les r\u00e8glementaires"],"inLanguage":"en-US","potentialAction":[{"@type":"CommentAction","name":"Comment","target":["https:\/\/blogdelarechercheclinique.com\/procedure-operatoire-standardisee\/#respond"]}]},{"@type":"WebPage","@id":"https:\/\/blogdelarechercheclinique.com\/procedure-operatoire-standardisee\/","url":"https:\/\/blogdelarechercheclinique.com\/procedure-operatoire-standardisee\/","name":"Qu'est-ce qu'une proc\u00e9dure op\u00e9ratoire standardis\u00e9e ?","isPartOf":{"@id":"https:\/\/blogdelarechercheclinique.com\/#website"},"primaryImageOfPage":{"@id":"https:\/\/blogdelarechercheclinique.com\/procedure-operatoire-standardisee\/#primaryimage"},"image":{"@id":"https:\/\/blogdelarechercheclinique.com\/procedure-operatoire-standardisee\/#primaryimage"},"thumbnailUrl":"https:\/\/i0.wp.com\/blogdelarechercheclinique.com\/blog-contenu\/uploads\/2016\/11\/procedure-operatoire-standardisee.png?fit=551%2C308&ssl=1","datePublished":"2016-11-23T07:19:34+00:00","dateModified":"2024-07-04T13:36:50+00:00","description":"Une proc\u00e9dure op\u00e9ratoire standardis\u00e9e est un document qui les diff\u00e9rentes \u00e9tapes de r\u00e9alisation d\u2019une activit\u00e9 sp\u00e9cifique.","breadcrumb":{"@id":"https:\/\/blogdelarechercheclinique.com\/procedure-operatoire-standardisee\/#breadcrumb"},"inLanguage":"en-US","potentialAction":[{"@type":"ReadAction","target":["https:\/\/blogdelarechercheclinique.com\/procedure-operatoire-standardisee\/"]}]},{"@type":"ImageObject","inLanguage":"en-US","@id":"https:\/\/blogdelarechercheclinique.com\/procedure-operatoire-standardisee\/#primaryimage","url":"https:\/\/i0.wp.com\/blogdelarechercheclinique.com\/blog-contenu\/uploads\/2016\/11\/procedure-operatoire-standardisee.png?fit=551%2C308&ssl=1","contentUrl":"https:\/\/i0.wp.com\/blogdelarechercheclinique.com\/blog-contenu\/uploads\/2016\/11\/procedure-operatoire-standardisee.png?fit=551%2C308&ssl=1","width":551,"height":308,"caption":"Proc\u00e9dure op\u00e9ratoire standardis\u00e9e"},{"@type":"BreadcrumbList","@id":"https:\/\/blogdelarechercheclinique.com\/procedure-operatoire-standardisee\/#breadcrumb","itemListElement":[{"@type":"ListItem","position":1,"name":"Accueil","item":"https:\/\/blogdelarechercheclinique.com\/"},{"@type":"ListItem","position":2,"name":"Qu&rsquo;est-ce qu&rsquo;une proc\u00e9dure op\u00e9ratoire standardis\u00e9e?"}]},{"@type":"WebSite","@id":"https:\/\/blogdelarechercheclinique.com\/#website","url":"https:\/\/blogdelarechercheclinique.com\/","name":"Blog de la recherche clinique","description":"","publisher":{"@id":"https:\/\/blogdelarechercheclinique.com\/#organization"},"potentialAction":[{"@type":"SearchAction","target":{"@type":"EntryPoint","urlTemplate":"https:\/\/blogdelarechercheclinique.com\/?s={search_term_string}"},"query-input":{"@type":"PropertyValueSpecification","valueRequired":true,"valueName":"search_term_string"}}],"inLanguage":"en-US"},{"@type":"Organization","@id":"https:\/\/blogdelarechercheclinique.com\/#organization","name":"Blog de la recherche clinique","url":"https:\/\/blogdelarechercheclinique.com\/","logo":{"@type":"ImageObject","inLanguage":"en-US","@id":"https:\/\/blogdelarechercheclinique.com\/#\/schema\/logo\/image\/","url":"https:\/\/i0.wp.com\/blogdelarechercheclinique.com\/blog-contenu\/uploads\/2024\/04\/cropped-BLOG-logo.png?fit=512%2C512&ssl=1","contentUrl":"https:\/\/i0.wp.com\/blogdelarechercheclinique.com\/blog-contenu\/uploads\/2024\/04\/cropped-BLOG-logo.png?fit=512%2C512&ssl=1","width":512,"height":512,"caption":"Blog de la recherche clinique"},"image":{"@id":"https:\/\/blogdelarechercheclinique.com\/#\/schema\/logo\/image\/"},"sameAs":["https:\/\/www.facebook.com\/blogdelarechercheclinique"]},{"@type":"Person","@id":"https:\/\/blogdelarechercheclinique.com\/#\/schema\/person\/13ee3f7a1251afe7e98918a482685938","name":"Vanessa Montanari","image":{"@type":"ImageObject","inLanguage":"en-US","@id":"https:\/\/blogdelarechercheclinique.com\/#\/schema\/person\/image\/","url":"https:\/\/secure.gravatar.com\/avatar\/ddf428208f542d6c2239ace6606ebe9beb71049642a9c784967f23e4e76e8efc?s=96&d=mm&r=g","contentUrl":"https:\/\/secure.gravatar.com\/avatar\/ddf428208f542d6c2239ace6606ebe9beb71049642a9c784967f23e4e76e8efc?s=96&d=mm&r=g","caption":"Vanessa Montanari"},"url":"https:\/\/blogdelarechercheclinique.com\/en\/author\/vanessa\/"}]}},"jetpack_featured_media_url":"https:\/\/i0.wp.com\/blogdelarechercheclinique.com\/blog-contenu\/uploads\/2016\/11\/procedure-operatoire-standardisee.png?fit=551%2C308&ssl=1","jetpack-related-posts":[{"id":3842,"url":"https:\/\/blogdelarechercheclinique.com\/en\/ecrire-de-super-procedures-operatoires-standardisees\/","url_meta":{"origin":3403,"position":0},"title":"Comment \u00e9crire de SUPER proc\u00e9dures op\u00e9ratoires standardis\u00e9es?","author":"Vanessa Montanari","date":"28 April 2017","format":false,"excerpt":"Article r\u00e9dig\u00e9 par la Soci\u00e9t\u00e9 Pharmaspecific, sp\u00e9cialiste en recherche clinique Bienvenue \u00e0 toi cher lecteur ! Aujourd\u2019hui, nous allons t\u2019expliquer ce que sont les proc\u00e9dures op\u00e9ratoires standardis\u00e9es et comment bien les r\u00e9diger. Tu trouveras \u00e0 la fin de cet article un exemple de plan d\u2019une proc\u00e9dure. R\u00e9dig\u00e9 par H\u00e9di Selmi\u2026","rel":"","context":"In &quot;Pratiquer le m\u00e9tier d'Attach\u00e9 de recherche clinique&quot;","block_context":{"text":"Pratiquer le m\u00e9tier d'Attach\u00e9 de recherche clinique","link":"https:\/\/blogdelarechercheclinique.com\/en\/category\/pratiquer-le-metier-dattache-de-recherche-clinique\/"},"img":{"alt_text":"","src":"","width":0,"height":0},"classes":[]},{"id":14733,"url":"https:\/\/blogdelarechercheclinique.com\/en\/standard-operating-procedures\/","url_meta":{"origin":3403,"position":1},"title":"What is standard operating procedures?","author":"Vanessa Montanari","date":"4 July 2024","format":false,"excerpt":"We made a video to help you understand what standard operating procedures are. For this, we interviewed Tania Schmit, our quality manager.","rel":"","context":"In &quot;Clinical Research News&quot;","block_context":{"text":"Clinical Research News","link":"https:\/\/blogdelarechercheclinique.com\/en\/category\/clinical-research-news\/"},"img":{"alt_text":"Proc\u00e9dure op\u00e9ratoire standardis\u00e9e","src":"https:\/\/i0.wp.com\/blogdelarechercheclinique.com\/blog-contenu\/uploads\/2016\/11\/procedure-operatoire-standardisee.png?fit=551%2C308&ssl=1&resize=350%2C200","width":350,"height":200,"srcset":"https:\/\/i0.wp.com\/blogdelarechercheclinique.com\/blog-contenu\/uploads\/2016\/11\/procedure-operatoire-standardisee.png?fit=551%2C308&ssl=1&resize=350%2C200 1x, https:\/\/i0.wp.com\/blogdelarechercheclinique.com\/blog-contenu\/uploads\/2016\/11\/procedure-operatoire-standardisee.png?fit=551%2C308&ssl=1&resize=525%2C300 1.5x"},"classes":[]},{"id":13938,"url":"https:\/\/blogdelarechercheclinique.com\/en\/mise-a-jour-et-consultation-publique-de-lich-e6\/","url_meta":{"origin":3403,"position":2},"title":"Mise \u00e0 jour et consultation publique de l&rsquo;ICH E6","author":"Vanessa Montanari","date":"21 October 2015","format":false,"excerpt":"En tant que TEC, ARC ou Chef de projet, tu dois connaitre sur le bout des doigts les ICH (International Conference on Harmonisation). Mais sais-tu qu\u2019en Juin dernier ce document a \u00e9t\u00e9 mis \u00e0 jour ? Si oui, c\u2019est parfait\u00a0! Si non, il est encore temps de te rattraper.","rel":"","context":"In &quot;Les r\u00e8glementaires&quot;","block_context":{"text":"Les r\u00e8glementaires","link":"https:\/\/blogdelarechercheclinique.com\/en\/category\/reglementaires\/"},"img":{"alt_text":"Mise \u00e0 jour ICH E6","src":"https:\/\/i0.wp.com\/blogdelarechercheclinique.com\/blog-contenu\/uploads\/2024\/05\/ICH.png?fit=1035%2C687&ssl=1&resize=350%2C200","width":350,"height":200,"srcset":"https:\/\/i0.wp.com\/blogdelarechercheclinique.com\/blog-contenu\/uploads\/2024\/05\/ICH.png?fit=1035%2C687&ssl=1&resize=350%2C200 1x, https:\/\/i0.wp.com\/blogdelarechercheclinique.com\/blog-contenu\/uploads\/2024\/05\/ICH.png?fit=1035%2C687&ssl=1&resize=525%2C300 1.5x, https:\/\/i0.wp.com\/blogdelarechercheclinique.com\/blog-contenu\/uploads\/2024\/05\/ICH.png?fit=1035%2C687&ssl=1&resize=700%2C400 2x"},"classes":[]},{"id":1169,"url":"https:\/\/blogdelarechercheclinique.com\/en\/toutes-cles-devenir-bon-arc\/","url_meta":{"origin":3403,"position":3},"title":"Saviez vous toutes les cl\u00e9s pour devenir un bon ARC","author":"Vanessa Montanari","date":"10 September 2015","format":false,"excerpt":"Tu es attir\u00e9 par le m\u00e9tier d\u2019ARC et tu souhaites t\u2019orienter vers ce poste\u00a0? , mais sais-tu exactement dans quel m\u00e9tier tu t\u2019engages\u00a0? Sais-tu pr\u00e9cis\u00e9ment ce qu\u2019on attend d\u2019un bon ARC\u00a0? As-tu le niveau d\u2019\u00e9tudes n\u00e9cessaire pour pouvoir postuler \u00e0 ce poste\u00a0?","rel":"","context":"In &quot;Devenir Attach\u00e9 de recherche clinique: formation, financement&quot;","block_context":{"text":"Devenir Attach\u00e9 de recherche clinique: formation, financement","link":"https:\/\/blogdelarechercheclinique.com\/en\/category\/devenir-attache-de-recherche-clinique\/"},"img":{"alt_text":"Tous ce qu'on doit savoir pour devenir ARC","src":"https:\/\/i0.wp.com\/blogdelarechercheclinique.com\/blog-contenu\/uploads\/2015\/09\/toutes-les-cles.png?fit=1200%2C927&ssl=1&resize=350%2C200","width":350,"height":200,"srcset":"https:\/\/i0.wp.com\/blogdelarechercheclinique.com\/blog-contenu\/uploads\/2015\/09\/toutes-les-cles.png?fit=1200%2C927&ssl=1&resize=350%2C200 1x, https:\/\/i0.wp.com\/blogdelarechercheclinique.com\/blog-contenu\/uploads\/2015\/09\/toutes-les-cles.png?fit=1200%2C927&ssl=1&resize=525%2C300 1.5x, https:\/\/i0.wp.com\/blogdelarechercheclinique.com\/blog-contenu\/uploads\/2015\/09\/toutes-les-cles.png?fit=1200%2C927&ssl=1&resize=700%2C400 2x, https:\/\/i0.wp.com\/blogdelarechercheclinique.com\/blog-contenu\/uploads\/2015\/09\/toutes-les-cles.png?fit=1200%2C927&ssl=1&resize=1050%2C600 3x"},"classes":[]},{"id":14738,"url":"https:\/\/blogdelarechercheclinique.com\/en\/certification-iso-9001\/","url_meta":{"origin":3403,"position":4},"title":"Qu&rsquo;est-ce qu&rsquo;on entend par Certification ISO 9001?","author":"Vanessa Montanari","date":"4 July 2024","format":false,"excerpt":"Nous avons r\u00e9alis\u00e9 une vid\u00e9o pour vous aider \u00e0 comprendre ce qu'est l'ISO9001. Pour cela, nous avons interview\u00e9 Tania Schmit, notre responsable qualit\u00e9.","rel":"","context":"In &quot;Actualit\u00e9s de la recherche clinique&quot;","block_context":{"text":"Actualit\u00e9s de la recherche clinique","link":"https:\/\/blogdelarechercheclinique.com\/en\/category\/actualites-de-la-recherche-clinique\/"},"img":{"alt_text":"ISO 9001","src":"https:\/\/i0.wp.com\/blogdelarechercheclinique.com\/blog-contenu\/uploads\/2024\/07\/ISO-9001.png?fit=545%2C300&ssl=1&resize=350%2C200","width":350,"height":200,"srcset":"https:\/\/i0.wp.com\/blogdelarechercheclinique.com\/blog-contenu\/uploads\/2024\/07\/ISO-9001.png?fit=545%2C300&ssl=1&resize=350%2C200 1x, https:\/\/i0.wp.com\/blogdelarechercheclinique.com\/blog-contenu\/uploads\/2024\/07\/ISO-9001.png?fit=545%2C300&ssl=1&resize=525%2C300 1.5x"},"classes":[]},{"id":3378,"url":"https:\/\/blogdelarechercheclinique.com\/en\/arc-paysage-asiatique-dessais-cliniques\/","url_meta":{"origin":3403,"position":5},"title":"Un ARC et le paysage asiatique d\u2019essais cliniques","author":"Vanessa Montanari","date":"14 November 2016","format":false,"excerpt":"Quel est le r\u00f4le d'ARC dans l'Asie? L'attach\u00e9 de recherche clinique (ARC) a un r\u00f4le important au sein d'un laboratoire biopharmaceutique ou d\u2019une CRO. En plus d'\u00eatre le principal moyen de communication entre le promoteur et le site, l\u2019ARC prot\u00e8ge \u00e9galement l'int\u00e9grit\u00e9 des donn\u00e9es et veille \u00e0 ce que les\u2026","rel":"","context":"In &quot;Pratiquer le m\u00e9tier d'Attach\u00e9 de recherche clinique&quot;","block_context":{"text":"Pratiquer le m\u00e9tier d'Attach\u00e9 de recherche clinique","link":"https:\/\/blogdelarechercheclinique.com\/en\/category\/pratiquer-le-metier-dattache-de-recherche-clinique\/"},"img":{"alt_text":"ARC","src":"https:\/\/i0.wp.com\/blogdelarechercheclinique.com\/wp-content\/uploads\/2016\/11\/asia-1807536_1920.jpg?resize=350%2C200&ssl=1","width":350,"height":200,"srcset":"https:\/\/i0.wp.com\/blogdelarechercheclinique.com\/wp-content\/uploads\/2016\/11\/asia-1807536_1920.jpg?resize=350%2C200&ssl=1 1x, https:\/\/i0.wp.com\/blogdelarechercheclinique.com\/wp-content\/uploads\/2016\/11\/asia-1807536_1920.jpg?resize=525%2C300&ssl=1 1.5x, https:\/\/i0.wp.com\/blogdelarechercheclinique.com\/wp-content\/uploads\/2016\/11\/asia-1807536_1920.jpg?resize=700%2C400&ssl=1 2x, https:\/\/i0.wp.com\/blogdelarechercheclinique.com\/wp-content\/uploads\/2016\/11\/asia-1807536_1920.jpg?resize=1050%2C600&ssl=1 3x"},"classes":[]}],"jetpack_sharing_enabled":true,"_links":{"self":[{"href":"https:\/\/blogdelarechercheclinique.com\/en\/wp-json\/wp\/v2\/posts\/3403","targetHints":{"allow":["GET"]}}],"collection":[{"href":"https:\/\/blogdelarechercheclinique.com\/en\/wp-json\/wp\/v2\/posts"}],"about":[{"href":"https:\/\/blogdelarechercheclinique.com\/en\/wp-json\/wp\/v2\/types\/post"}],"author":[{"embeddable":true,"href":"https:\/\/blogdelarechercheclinique.com\/en\/wp-json\/wp\/v2\/users\/4"}],"replies":[{"embeddable":true,"href":"https:\/\/blogdelarechercheclinique.com\/en\/wp-json\/wp\/v2\/comments?post=3403"}],"version-history":[{"count":1,"href":"https:\/\/blogdelarechercheclinique.com\/en\/wp-json\/wp\/v2\/posts\/3403\/revisions"}],"predecessor-version":[{"id":14736,"href":"https:\/\/blogdelarechercheclinique.com\/en\/wp-json\/wp\/v2\/posts\/3403\/revisions\/14736"}],"wp:featuredmedia":[{"embeddable":true,"href":"https:\/\/blogdelarechercheclinique.com\/en\/wp-json\/wp\/v2\/media\/14735"}],"wp:attachment":[{"href":"https:\/\/blogdelarechercheclinique.com\/en\/wp-json\/wp\/v2\/media?parent=3403"}],"wp:term":[{"taxonomy":"category","embeddable":true,"href":"https:\/\/blogdelarechercheclinique.com\/en\/wp-json\/wp\/v2\/categories?post=3403"},{"taxonomy":"post_tag","embeddable":true,"href":"https:\/\/blogdelarechercheclinique.com\/en\/wp-json\/wp\/v2\/tags?post=3403"}],"curies":[{"name":"wp","href":"https:\/\/api.w.org\/{rel}","templated":true}]}}