{"id":3552,"date":"2016-12-21T15:58:10","date_gmt":"2016-12-21T14:58:10","guid":{"rendered":"https:\/\/blogdelarechercheclinique.com\/?p=3552"},"modified":"2024-07-04T11:40:48","modified_gmt":"2024-07-04T09:40:48","slug":"questions-reponses-pour-noel","status":"publish","type":"post","link":"https:\/\/blogdelarechercheclinique.com\/en\/questions-reponses-pour-noel\/","title":{"rendered":"Les questions -r\u00e9ponses pour No\u00ebl sont termin\u00e9es"},"content":{"rendered":"<p>&nbsp;<\/p>\n<p style=\"text-align: center;\"><span style=\"color: #0000ff;\">Les Questions-R\u00e9ponses sont maintenant termin\u00e9es et nous souhaitons f\u00e9liciter Abir.<\/span><\/p>\n<p style=\"text-align: center;\"><span style=\"color: #0000ff;\">Abir, merci pour ta participation. Pour te r\u00e9compenser, nous allons t&rsquo;envoyer un cadeau surprise dans les prochains jours.<\/span><\/p>\n<hr \/>\n<p class=\"p1\"><span class=\"s1\"><i>Article r\u00e9dig\u00e9 par la Soc<\/i><\/span><\/p>\n<p><i>i\u00e9t\u00e9 Pharmaspecific, sp\u00e9cialiste en recherche clinique<\/i><\/p>\n<p style=\"text-align: justify;\">Comme vous le savez tous, derni\u00e8rement nous avons organis\u00e9 un <a href=\"#https:\/\/blogdelarechercheclinique.com\/toutes-nos-felicitations-a-gagnante-de-crazy-tof\/\">jeu concours<\/a> pour f\u00eater notre deuxi\u00e8me anniversaire auquel Jallila est sortie vainqueur et a haut remport\u00e9 la victoire avec de jolis cadeaux. La f\u00eate continue, car pour vous faire plaisir davantage, nous organisons une s\u00e9ance de questions\/r\u00e9ponses.<\/p>\n<p style=\"text-align: justify;\">\n<p style=\"text-align: justify;\"><!--more--><\/p>\n<p style=\"text-align: justify;\">\n<p><img data-recalc-dims=\"1\" decoding=\"async\" class=\"size-full wp-image-14719 aligncenter lazyload\" style=\"--smush-placeholder-width: 438px; --smush-placeholder-aspect-ratio: 438\/441;text-align: justify;\" data-src=\"https:\/\/i0.wp.com\/blogdelarechercheclinique.com\/blog-contenu\/uploads\/2016\/12\/Questions-reponses.png?resize=438%2C441&#038;ssl=1\" alt=\"Questions r\u00e9ponses\" width=\"438\" height=\"441\" data-srcset=\"https:\/\/i0.wp.com\/blogdelarechercheclinique.com\/blog-contenu\/uploads\/2016\/12\/Questions-reponses.png?w=438&amp;ssl=1 438w, https:\/\/i0.wp.com\/blogdelarechercheclinique.com\/blog-contenu\/uploads\/2016\/12\/Questions-reponses.png?resize=298%2C300&amp;ssl=1 298w, https:\/\/i0.wp.com\/blogdelarechercheclinique.com\/blog-contenu\/uploads\/2016\/12\/Questions-reponses.png?resize=150%2C150&amp;ssl=1 150w, https:\/\/i0.wp.com\/blogdelarechercheclinique.com\/blog-contenu\/uploads\/2016\/12\/Questions-reponses.png?resize=140%2C140&amp;ssl=1 140w, https:\/\/i0.wp.com\/blogdelarechercheclinique.com\/blog-contenu\/uploads\/2016\/12\/Questions-reponses.png?resize=100%2C100&amp;ssl=1 100w\" data-sizes=\"(max-width: 438px) 100vw, 438px\" src=\"data:image\/svg+xml;base64,PHN2ZyB3aWR0aD0iMSIgaGVpZ2h0PSIxIiB4bWxucz0iaHR0cDovL3d3dy53My5vcmcvMjAwMC9zdmciPjwvc3ZnPg==\" \/><\/p>\n<p style=\"text-align: justify;\">Tout le monde pourra y participer, et bien \u00e9videmment, vous aurez le droit de me poser toutes sortes de questions que ce soit en relation avec Pharmaspecific, la recherche clinique ou m\u00eame des questions personnelles.<\/p>\n<p style=\"text-align: justify;\">J&rsquo;y r\u00e9pondrai via un podcast ou une vid\u00e9o, soyez-en s\u00fbr, aucune d\u2019elles ne demeureront sans r\u00e9ponses. C\u2019est donc une belle occasion pour vous de me poser toutes les questions qui trottent votre esprit depuis tout ce temps.<\/p>\n<p style=\"text-align: justify;\">Ce n\u2019est pas tout, comme No\u00ebl approche \u00e0 grands pas, nous allons offrir un cadeau au vainqueur du tirage au sort parmi les participants. Super non?<\/p>\n<p style=\"text-align: justify;\">Tu te demandes s\u00fbrement de quel cadeau s\u2019agit-il ?<br \/>\nBonne question, ce sera une belle surprise.<\/p>\n<p style=\"text-align: justify;\">Alors, pose-moi toutes tes questions et en m\u00eame temps, tente ta chance de recevoir un super cadeau.<\/p>\n<p style=\"text-align: justify;\">\u00c0 vos claviers !!!<\/p>\n<p style=\"text-align: justify;\"><p class=\"wpcf7-contact-form-not-found\"><strong>Error:<\/strong> Contact form not found.<\/p>\n<hr \/>\n<p style=\"text-align: center;\"><strong>Vous avez besoin d&rsquo;une prestation en recherche clinique ? contactez PHARMASPECIFIC en vous rendant sur notre site en cliquant ici : <a href=\"https:\/\/pharmaspecific.com\/devis\/\" target=\"_blank\" rel=\"noopener noreferrer\">https:\/\/pharmaspecific.com\/devis\/<\/a><\/strong><\/p>\n<p style=\"text-align: center;\"><em>Si tu as des questions sur le m\u00e9tier d\u2019attach\u00e9 de recherche clinique ou sur une carri\u00e8re dans la recherche clinique, tu peux la mettre dans les commentaires ci-dessous. Nous te r\u00e9pondrons dans les plus brefs d\u00e9lais.\u00a0<\/em><\/p>\n<p style=\"text-align: center;\"><em>Si tu veux \u00eatre coach\u00e9, si tu veux une r\u00e9ponse personnalis\u00e9e \u00e0 tes questions ou \u00eatre en contact avec d\u2019autres professionnels de la recherche clinique, tu peux te rendre sur\u00a0<a href=\"https:\/\/pharmaspecific-training.com\/\" target=\"_blank\" rel=\"noopener noreferrer\">https:\/\/pharmaspecific-training.com\/<\/a><\/em><\/p>","protected":false},"excerpt":{"rendered":"<p>Les Questions-R\u00e9ponses sont maintenant termin\u00e9es et nous souhaitons f\u00e9liciter Abir.<\/p>\n<p>Abir, merci pour ta participation. Pour te r\u00e9compenser, nous allons t&rsquo;envoyer un cadeau surprise dans les prochains jours.<\/p>","protected":false},"author":4,"featured_media":14719,"comment_status":"open","ping_status":"open","sticky":false,"template":"","format":"standard","meta":{"om_disable_all_campaigns":false,"rop_custom_images_group":[],"rop_custom_messages_group":[],"rop_publish_now":"initial","rop_publish_now_accounts":{"facebook_122143508198123560_331463380343150":""},"rop_publish_now_history":[],"rop_publish_now_status":"pending","_sitemap_exclude":false,"_sitemap_priority":"","_sitemap_frequency":"","_exactmetrics_skip_tracking":false,"_exactmetrics_sitenote_active":false,"_exactmetrics_sitenote_note":"","_exactmetrics_sitenote_category":0,"_jetpack_memberships_contains_paid_content":false,"footnotes":""},"categories":[390],"tags":[268,239,269,270],"class_list":{"0":"post-3552","1":"post","2":"type-post","3":"status-publish","4":"format-standard","5":"has-post-thumbnail","7":"category-jeux-evenements","8":"tag-cadeaux","9":"tag-fete","10":"tag-noel","11":"tag-questions-reponses"},"translation":{"provider":"WPGlobus","version":"3.0.2","language":"en","enabled_languages":["fr","en"],"languages":{"fr":{"title":true,"content":true,"excerpt":true},"en":{"title":false,"content":false,"excerpt":false}}},"yoast_head":"<!-- This site is optimized with the Yoast SEO plugin v26.9 - https:\/\/yoast.com\/product\/yoast-seo-wordpress\/ -->\n<title>Les questions -r\u00e9ponses pour No\u00ebl sont termin\u00e9es<\/title>\n<meta name=\"robots\" content=\"index, follow, max-snippet:-1, max-image-preview:large, max-video-preview:-1\" \/>\n<link rel=\"canonical\" href=\"https:\/\/blogdelarechercheclinique.com\/en\/questions-reponses-pour-noel\/\" \/>\n<meta property=\"og:locale\" content=\"en_US\" \/>\n<meta property=\"og:type\" content=\"article\" \/>\n<meta property=\"og:title\" content=\"Les questions -r\u00e9ponses pour No\u00ebl sont termin\u00e9es -\" \/>\n<meta property=\"og:url\" content=\"https:\/\/blogdelarechercheclinique.com\/en\/questions-reponses-pour-noel\/\" \/>\n<meta property=\"article:publisher\" content=\"https:\/\/www.facebook.com\/blogdelarechercheclinique\" \/>\n<meta property=\"article:published_time\" content=\"2016-12-21T14:58:10+00:00\" \/>\n<meta property=\"article:modified_time\" content=\"2024-07-04T09:40:48+00:00\" \/>\n<meta property=\"og:image\" content=\"https:\/\/i0.wp.com\/blogdelarechercheclinique.com\/blog-contenu\/uploads\/2016\/12\/Questions-reponses.png?fit=438%2C441&ssl=1\" \/>\n\t<meta property=\"og:image:width\" content=\"438\" \/>\n\t<meta property=\"og:image:height\" content=\"441\" \/>\n\t<meta property=\"og:image:type\" content=\"image\/png\" \/>\n<meta name=\"author\" content=\"Vanessa Montanari\" \/>\n<meta name=\"twitter:card\" content=\"summary_large_image\" \/>\n<meta name=\"twitter:label1\" content=\"Written by\" \/>\n\t<meta name=\"twitter:data1\" content=\"Vanessa Montanari\" \/>\n\t<meta name=\"twitter:label2\" content=\"Est. reading time\" \/>\n\t<meta name=\"twitter:data2\" content=\"2 minutes\" \/>\n<script type=\"application\/ld+json\" class=\"yoast-schema-graph\">{\"@context\":\"https:\/\/schema.org\",\"@graph\":[{\"@type\":\"Article\",\"@id\":\"https:\/\/blogdelarechercheclinique.com\/questions-reponses-pour-noel\/#article\",\"isPartOf\":{\"@id\":\"https:\/\/blogdelarechercheclinique.com\/questions-reponses-pour-noel\/\"},\"author\":{\"name\":\"Vanessa Montanari\",\"@id\":\"https:\/\/blogdelarechercheclinique.com\/#\/schema\/person\/13ee3f7a1251afe7e98918a482685938\"},\"headline\":\"Les questions -r\u00e9ponses pour No\u00ebl sont termin\u00e9es\",\"datePublished\":\"2016-12-21T14:58:10+00:00\",\"dateModified\":\"2024-07-04T09:40:48+00:00\",\"mainEntityOfPage\":{\"@id\":\"https:\/\/blogdelarechercheclinique.com\/questions-reponses-pour-noel\/\"},\"wordCount\":361,\"commentCount\":7,\"publisher\":{\"@id\":\"https:\/\/blogdelarechercheclinique.com\/#organization\"},\"image\":{\"@id\":\"https:\/\/blogdelarechercheclinique.com\/questions-reponses-pour-noel\/#primaryimage\"},\"thumbnailUrl\":\"https:\/\/i0.wp.com\/blogdelarechercheclinique.com\/blog-contenu\/uploads\/2016\/12\/Questions-reponses.png?fit=438%2C441&ssl=1\",\"keywords\":[\"Cadeaux\",\"f\u00eate\",\"No\u00ebl\",\"Questions-R\u00e9ponses\"],\"articleSection\":[\"Jeux - \u00e9v\u00e8nements\"],\"inLanguage\":\"en-US\",\"potentialAction\":[{\"@type\":\"CommentAction\",\"name\":\"Comment\",\"target\":[\"https:\/\/blogdelarechercheclinique.com\/questions-reponses-pour-noel\/#respond\"]}]},{\"@type\":\"WebPage\",\"@id\":\"https:\/\/blogdelarechercheclinique.com\/questions-reponses-pour-noel\/\",\"url\":\"https:\/\/blogdelarechercheclinique.com\/questions-reponses-pour-noel\/\",\"name\":\"Les questions -r\u00e9ponses pour No\u00ebl sont termin\u00e9es\",\"isPartOf\":{\"@id\":\"https:\/\/blogdelarechercheclinique.com\/#website\"},\"primaryImageOfPage\":{\"@id\":\"https:\/\/blogdelarechercheclinique.com\/questions-reponses-pour-noel\/#primaryimage\"},\"image\":{\"@id\":\"https:\/\/blogdelarechercheclinique.com\/questions-reponses-pour-noel\/#primaryimage\"},\"thumbnailUrl\":\"https:\/\/i0.wp.com\/blogdelarechercheclinique.com\/blog-contenu\/uploads\/2016\/12\/Questions-reponses.png?fit=438%2C441&ssl=1\",\"datePublished\":\"2016-12-21T14:58:10+00:00\",\"dateModified\":\"2024-07-04T09:40:48+00:00\",\"description\":\"Les Questions-R\u00e9ponses sont maintenant termin\u00e9es, f\u00e9liciation \u00e0 Abir. Nous allons t'envoyer un cadeau surprise dans les prochains jours.\",\"breadcrumb\":{\"@id\":\"https:\/\/blogdelarechercheclinique.com\/questions-reponses-pour-noel\/#breadcrumb\"},\"inLanguage\":\"en-US\",\"potentialAction\":[{\"@type\":\"ReadAction\",\"target\":[\"https:\/\/blogdelarechercheclinique.com\/questions-reponses-pour-noel\/\"]}]},{\"@type\":\"ImageObject\",\"inLanguage\":\"en-US\",\"@id\":\"https:\/\/blogdelarechercheclinique.com\/questions-reponses-pour-noel\/#primaryimage\",\"url\":\"https:\/\/i0.wp.com\/blogdelarechercheclinique.com\/blog-contenu\/uploads\/2016\/12\/Questions-reponses.png?fit=438%2C441&ssl=1\",\"contentUrl\":\"https:\/\/i0.wp.com\/blogdelarechercheclinique.com\/blog-contenu\/uploads\/2016\/12\/Questions-reponses.png?fit=438%2C441&ssl=1\",\"width\":438,\"height\":441,\"caption\":\"Questions r\u00e9ponses\"},{\"@type\":\"BreadcrumbList\",\"@id\":\"https:\/\/blogdelarechercheclinique.com\/questions-reponses-pour-noel\/#breadcrumb\",\"itemListElement\":[{\"@type\":\"ListItem\",\"position\":1,\"name\":\"Accueil\",\"item\":\"https:\/\/blogdelarechercheclinique.com\/\"},{\"@type\":\"ListItem\",\"position\":2,\"name\":\"Les questions -r\u00e9ponses pour No\u00ebl sont termin\u00e9es\"}]},{\"@type\":\"WebSite\",\"@id\":\"https:\/\/blogdelarechercheclinique.com\/#website\",\"url\":\"https:\/\/blogdelarechercheclinique.com\/\",\"name\":\"Blog de la recherche clinique\",\"description\":\"\",\"publisher\":{\"@id\":\"https:\/\/blogdelarechercheclinique.com\/#organization\"},\"potentialAction\":[{\"@type\":\"SearchAction\",\"target\":{\"@type\":\"EntryPoint\",\"urlTemplate\":\"https:\/\/blogdelarechercheclinique.com\/?s={search_term_string}\"},\"query-input\":{\"@type\":\"PropertyValueSpecification\",\"valueRequired\":true,\"valueName\":\"search_term_string\"}}],\"inLanguage\":\"en-US\"},{\"@type\":\"Organization\",\"@id\":\"https:\/\/blogdelarechercheclinique.com\/#organization\",\"name\":\"Blog de la recherche clinique\",\"url\":\"https:\/\/blogdelarechercheclinique.com\/\",\"logo\":{\"@type\":\"ImageObject\",\"inLanguage\":\"en-US\",\"@id\":\"https:\/\/blogdelarechercheclinique.com\/#\/schema\/logo\/image\/\",\"url\":\"https:\/\/i0.wp.com\/blogdelarechercheclinique.com\/blog-contenu\/uploads\/2024\/04\/cropped-BLOG-logo.png?fit=512%2C512&ssl=1\",\"contentUrl\":\"https:\/\/i0.wp.com\/blogdelarechercheclinique.com\/blog-contenu\/uploads\/2024\/04\/cropped-BLOG-logo.png?fit=512%2C512&ssl=1\",\"width\":512,\"height\":512,\"caption\":\"Blog de la recherche clinique\"},\"image\":{\"@id\":\"https:\/\/blogdelarechercheclinique.com\/#\/schema\/logo\/image\/\"},\"sameAs\":[\"https:\/\/www.facebook.com\/blogdelarechercheclinique\"]},{\"@type\":\"Person\",\"@id\":\"https:\/\/blogdelarechercheclinique.com\/#\/schema\/person\/13ee3f7a1251afe7e98918a482685938\",\"name\":\"Vanessa Montanari\",\"image\":{\"@type\":\"ImageObject\",\"inLanguage\":\"en-US\",\"@id\":\"https:\/\/blogdelarechercheclinique.com\/#\/schema\/person\/image\/\",\"url\":\"https:\/\/secure.gravatar.com\/avatar\/ddf428208f542d6c2239ace6606ebe9beb71049642a9c784967f23e4e76e8efc?s=96&d=mm&r=g\",\"contentUrl\":\"https:\/\/secure.gravatar.com\/avatar\/ddf428208f542d6c2239ace6606ebe9beb71049642a9c784967f23e4e76e8efc?s=96&d=mm&r=g\",\"caption\":\"Vanessa Montanari\"},\"url\":\"https:\/\/blogdelarechercheclinique.com\/en\/author\/vanessa\/\"}]}<\/script>\n<!-- \/ Yoast SEO plugin. -->","yoast_head_json":{"title":"Les questions -r\u00e9ponses pour No\u00ebl sont termin\u00e9es","robots":{"index":"index","follow":"follow","max-snippet":"max-snippet:-1","max-image-preview":"max-image-preview:large","max-video-preview":"max-video-preview:-1"},"canonical":"https:\/\/blogdelarechercheclinique.com\/en\/questions-reponses-pour-noel\/","og_locale":"en_US","og_type":"article","og_title":"Les questions -r\u00e9ponses pour No\u00ebl sont termin\u00e9es -","og_url":"https:\/\/blogdelarechercheclinique.com\/en\/questions-reponses-pour-noel\/","article_publisher":"https:\/\/www.facebook.com\/blogdelarechercheclinique","article_published_time":"2016-12-21T14:58:10+00:00","article_modified_time":"2024-07-04T09:40:48+00:00","og_image":[{"width":438,"height":441,"url":"https:\/\/i0.wp.com\/blogdelarechercheclinique.com\/blog-contenu\/uploads\/2016\/12\/Questions-reponses.png?fit=438%2C441&ssl=1","type":"image\/png"}],"author":"Vanessa Montanari","twitter_card":"summary_large_image","twitter_misc":{"Written by":"Vanessa Montanari","Est. reading time":"2 minutes"},"schema":{"@context":"https:\/\/schema.org","@graph":[{"@type":"Article","@id":"https:\/\/blogdelarechercheclinique.com\/questions-reponses-pour-noel\/#article","isPartOf":{"@id":"https:\/\/blogdelarechercheclinique.com\/questions-reponses-pour-noel\/"},"author":{"name":"Vanessa Montanari","@id":"https:\/\/blogdelarechercheclinique.com\/#\/schema\/person\/13ee3f7a1251afe7e98918a482685938"},"headline":"Les questions -r\u00e9ponses pour No\u00ebl sont termin\u00e9es","datePublished":"2016-12-21T14:58:10+00:00","dateModified":"2024-07-04T09:40:48+00:00","mainEntityOfPage":{"@id":"https:\/\/blogdelarechercheclinique.com\/questions-reponses-pour-noel\/"},"wordCount":361,"commentCount":7,"publisher":{"@id":"https:\/\/blogdelarechercheclinique.com\/#organization"},"image":{"@id":"https:\/\/blogdelarechercheclinique.com\/questions-reponses-pour-noel\/#primaryimage"},"thumbnailUrl":"https:\/\/i0.wp.com\/blogdelarechercheclinique.com\/blog-contenu\/uploads\/2016\/12\/Questions-reponses.png?fit=438%2C441&ssl=1","keywords":["Cadeaux","f\u00eate","No\u00ebl","Questions-R\u00e9ponses"],"articleSection":["Jeux - \u00e9v\u00e8nements"],"inLanguage":"en-US","potentialAction":[{"@type":"CommentAction","name":"Comment","target":["https:\/\/blogdelarechercheclinique.com\/questions-reponses-pour-noel\/#respond"]}]},{"@type":"WebPage","@id":"https:\/\/blogdelarechercheclinique.com\/questions-reponses-pour-noel\/","url":"https:\/\/blogdelarechercheclinique.com\/questions-reponses-pour-noel\/","name":"Les questions -r\u00e9ponses pour No\u00ebl sont termin\u00e9es","isPartOf":{"@id":"https:\/\/blogdelarechercheclinique.com\/#website"},"primaryImageOfPage":{"@id":"https:\/\/blogdelarechercheclinique.com\/questions-reponses-pour-noel\/#primaryimage"},"image":{"@id":"https:\/\/blogdelarechercheclinique.com\/questions-reponses-pour-noel\/#primaryimage"},"thumbnailUrl":"https:\/\/i0.wp.com\/blogdelarechercheclinique.com\/blog-contenu\/uploads\/2016\/12\/Questions-reponses.png?fit=438%2C441&ssl=1","datePublished":"2016-12-21T14:58:10+00:00","dateModified":"2024-07-04T09:40:48+00:00","description":"Les Questions-R\u00e9ponses sont maintenant termin\u00e9es, f\u00e9liciation \u00e0 Abir. Nous allons t'envoyer un cadeau surprise dans les prochains jours.","breadcrumb":{"@id":"https:\/\/blogdelarechercheclinique.com\/questions-reponses-pour-noel\/#breadcrumb"},"inLanguage":"en-US","potentialAction":[{"@type":"ReadAction","target":["https:\/\/blogdelarechercheclinique.com\/questions-reponses-pour-noel\/"]}]},{"@type":"ImageObject","inLanguage":"en-US","@id":"https:\/\/blogdelarechercheclinique.com\/questions-reponses-pour-noel\/#primaryimage","url":"https:\/\/i0.wp.com\/blogdelarechercheclinique.com\/blog-contenu\/uploads\/2016\/12\/Questions-reponses.png?fit=438%2C441&ssl=1","contentUrl":"https:\/\/i0.wp.com\/blogdelarechercheclinique.com\/blog-contenu\/uploads\/2016\/12\/Questions-reponses.png?fit=438%2C441&ssl=1","width":438,"height":441,"caption":"Questions r\u00e9ponses"},{"@type":"BreadcrumbList","@id":"https:\/\/blogdelarechercheclinique.com\/questions-reponses-pour-noel\/#breadcrumb","itemListElement":[{"@type":"ListItem","position":1,"name":"Accueil","item":"https:\/\/blogdelarechercheclinique.com\/"},{"@type":"ListItem","position":2,"name":"Les questions -r\u00e9ponses pour No\u00ebl sont termin\u00e9es"}]},{"@type":"WebSite","@id":"https:\/\/blogdelarechercheclinique.com\/#website","url":"https:\/\/blogdelarechercheclinique.com\/","name":"Blog de la recherche clinique","description":"","publisher":{"@id":"https:\/\/blogdelarechercheclinique.com\/#organization"},"potentialAction":[{"@type":"SearchAction","target":{"@type":"EntryPoint","urlTemplate":"https:\/\/blogdelarechercheclinique.com\/?s={search_term_string}"},"query-input":{"@type":"PropertyValueSpecification","valueRequired":true,"valueName":"search_term_string"}}],"inLanguage":"en-US"},{"@type":"Organization","@id":"https:\/\/blogdelarechercheclinique.com\/#organization","name":"Blog de la recherche clinique","url":"https:\/\/blogdelarechercheclinique.com\/","logo":{"@type":"ImageObject","inLanguage":"en-US","@id":"https:\/\/blogdelarechercheclinique.com\/#\/schema\/logo\/image\/","url":"https:\/\/i0.wp.com\/blogdelarechercheclinique.com\/blog-contenu\/uploads\/2024\/04\/cropped-BLOG-logo.png?fit=512%2C512&ssl=1","contentUrl":"https:\/\/i0.wp.com\/blogdelarechercheclinique.com\/blog-contenu\/uploads\/2024\/04\/cropped-BLOG-logo.png?fit=512%2C512&ssl=1","width":512,"height":512,"caption":"Blog de la recherche clinique"},"image":{"@id":"https:\/\/blogdelarechercheclinique.com\/#\/schema\/logo\/image\/"},"sameAs":["https:\/\/www.facebook.com\/blogdelarechercheclinique"]},{"@type":"Person","@id":"https:\/\/blogdelarechercheclinique.com\/#\/schema\/person\/13ee3f7a1251afe7e98918a482685938","name":"Vanessa Montanari","image":{"@type":"ImageObject","inLanguage":"en-US","@id":"https:\/\/blogdelarechercheclinique.com\/#\/schema\/person\/image\/","url":"https:\/\/secure.gravatar.com\/avatar\/ddf428208f542d6c2239ace6606ebe9beb71049642a9c784967f23e4e76e8efc?s=96&d=mm&r=g","contentUrl":"https:\/\/secure.gravatar.com\/avatar\/ddf428208f542d6c2239ace6606ebe9beb71049642a9c784967f23e4e76e8efc?s=96&d=mm&r=g","caption":"Vanessa Montanari"},"url":"https:\/\/blogdelarechercheclinique.com\/en\/author\/vanessa\/"}]}},"jetpack_featured_media_url":"https:\/\/i0.wp.com\/blogdelarechercheclinique.com\/blog-contenu\/uploads\/2016\/12\/Questions-reponses.png?fit=438%2C441&ssl=1","jetpack-related-posts":[{"id":14717,"url":"https:\/\/blogdelarechercheclinique.com\/en\/answers-questions-completed\/","url_meta":{"origin":3552,"position":0},"title":"Christmas answers and questions completed","author":"Vanessa Montanari","date":"4 July 2024","format":false,"excerpt":"Questions and Answers are now completed and we would like to congratulate Abir. We will send you a surprise gift in the next few days.","rel":"","context":"In &quot;FAQ-EN&quot;","block_context":{"text":"FAQ-EN","link":"https:\/\/blogdelarechercheclinique.com\/en\/category\/faq-en\/"},"img":{"alt_text":"Questions r\u00e9ponses","src":"https:\/\/i0.wp.com\/blogdelarechercheclinique.com\/blog-contenu\/uploads\/2016\/12\/Questions-reponses.png?fit=438%2C441&ssl=1&resize=350%2C200","width":350,"height":200},"classes":[]},{"id":3257,"url":"https:\/\/blogdelarechercheclinique.com\/en\/parce-que-2-ans-ca-se-fete\/","url_meta":{"origin":3552,"position":1},"title":"20 Septembre: anniversaire du Blog de la Recherche Clinique","author":"Vanessa Montanari","date":"19 October 2016","format":false,"excerpt":"https:\/\/youtu.be\/cqZVzHR3ztU Article r\u00e9dig\u00e9 par la Soci\u00e9t\u00e9 Pharmaspecific, sp\u00e9cialiste en recherche clinique Comme tu le sais d\u00e9j\u00e0, le 20 septembre, c\u2019\u00e9tait l\u2019anniversaire du Blog de La Recherche Clinique. Cela fait tr\u00e8s exactement 2 ans que l\u2019on apprend, d\u00e9couvre et approfondit ensemble le monde de la recherche clinique. Il semble alors tout\u2026","rel":"","context":"In &quot;Pharmaspecific, notre CRO&quot;","block_context":{"text":"Pharmaspecific, notre CRO","link":"https:\/\/blogdelarechercheclinique.com\/en\/category\/pharmaspecific-notre-cro\/"},"img":{"alt_text":"f\u00eate_blog_recherche_clinique","src":"https:\/\/i0.wp.com\/blogdelarechercheclinique.com\/wp-content\/uploads\/2016\/10\/birthday.jpeg?resize=350%2C200&ssl=1","width":350,"height":200,"srcset":"https:\/\/i0.wp.com\/blogdelarechercheclinique.com\/wp-content\/uploads\/2016\/10\/birthday.jpeg?resize=350%2C200&ssl=1 1x, https:\/\/i0.wp.com\/blogdelarechercheclinique.com\/wp-content\/uploads\/2016\/10\/birthday.jpeg?resize=525%2C300&ssl=1 1.5x, https:\/\/i0.wp.com\/blogdelarechercheclinique.com\/wp-content\/uploads\/2016\/10\/birthday.jpeg?resize=700%2C400&ssl=1 2x, https:\/\/i0.wp.com\/blogdelarechercheclinique.com\/wp-content\/uploads\/2016\/10\/birthday.jpeg?resize=1050%2C600&ssl=1 3x, https:\/\/i0.wp.com\/blogdelarechercheclinique.com\/wp-content\/uploads\/2016\/10\/birthday.jpeg?resize=1400%2C800&ssl=1 4x"},"classes":[]},{"id":13852,"url":"https:\/\/blogdelarechercheclinique.com\/en\/crazy-tof-toutes-nos-felicitations-a-la-gagnante\/","url_meta":{"origin":3552,"position":2},"title":"Crazy Tof: toutes nos f\u00e9licitations \u00e0 la gagnante!","author":"Vanessa Montanari","date":"12 December 2016","format":false,"excerpt":"\u00c0 l\u2019occasion des deux ans du Blog de la recherche clinique, nous avons organis\u00e9 le concours photo Crazy Tof, qui s\u2019est achev\u00e9 le 18 novembre dernier. C\u2019est notre anniversaire mais c\u2019est \u00e0 vous que nous avons d\u00e9cid\u00e9 d\u2019ouvrir des cadeaux, parce que c\u2019est aussi No\u00ebl !","rel":"","context":"In &quot;Jeux - \u00e9v\u00e8nements&quot;","block_context":{"text":"Jeux - \u00e9v\u00e8nements","link":"https:\/\/blogdelarechercheclinique.com\/en\/category\/jeux-evenements\/"},"img":{"alt_text":"Photo Halloween","src":"https:\/\/i0.wp.com\/blogdelarechercheclinique.com\/blog-contenu\/uploads\/2024\/05\/hallowen.jpg?fit=1200%2C900&ssl=1&resize=350%2C200","width":350,"height":200,"srcset":"https:\/\/i0.wp.com\/blogdelarechercheclinique.com\/blog-contenu\/uploads\/2024\/05\/hallowen.jpg?fit=1200%2C900&ssl=1&resize=350%2C200 1x, https:\/\/i0.wp.com\/blogdelarechercheclinique.com\/blog-contenu\/uploads\/2024\/05\/hallowen.jpg?fit=1200%2C900&ssl=1&resize=525%2C300 1.5x, https:\/\/i0.wp.com\/blogdelarechercheclinique.com\/blog-contenu\/uploads\/2024\/05\/hallowen.jpg?fit=1200%2C900&ssl=1&resize=700%2C400 2x, https:\/\/i0.wp.com\/blogdelarechercheclinique.com\/blog-contenu\/uploads\/2024\/05\/hallowen.jpg?fit=1200%2C900&ssl=1&resize=1050%2C600 3x"},"classes":[]},{"id":3622,"url":"https:\/\/blogdelarechercheclinique.com\/en\/questions-reponses-metier-arc\/","url_meta":{"origin":3552,"position":3},"title":"Questions &#8211; R\u00e9ponses de No\u00ebl sur le m\u00e9tier d&rsquo;ARC","author":"Vanessa Montanari","date":"26 January 2017","format":false,"excerpt":"En fait j\u2019aimerais savoir s\u2019il est possible de se lancer dans le freelance, en tant que jeune dipl\u00f4m\u00e9 sans avoir eu une exp\u00e9rience significative en tant qu\u2019 ARC promoteur. Y a t\u2019il des entreprises et autres structures qui accompagnent dans ce sens?","rel":"","context":"In &quot;FAQ&quot;","block_context":{"text":"FAQ","link":"https:\/\/blogdelarechercheclinique.com\/en\/category\/faq\/"},"img":{"alt_text":"M\u00e9tier ARC","src":"https:\/\/i0.wp.com\/blogdelarechercheclinique.com\/blog-contenu\/uploads\/2017\/01\/Questions-reponses-noel.png?fit=827%2C522&ssl=1&resize=350%2C200","width":350,"height":200,"srcset":"https:\/\/i0.wp.com\/blogdelarechercheclinique.com\/blog-contenu\/uploads\/2017\/01\/Questions-reponses-noel.png?fit=827%2C522&ssl=1&resize=350%2C200 1x, https:\/\/i0.wp.com\/blogdelarechercheclinique.com\/blog-contenu\/uploads\/2017\/01\/Questions-reponses-noel.png?fit=827%2C522&ssl=1&resize=525%2C300 1.5x, https:\/\/i0.wp.com\/blogdelarechercheclinique.com\/blog-contenu\/uploads\/2017\/01\/Questions-reponses-noel.png?fit=827%2C522&ssl=1&resize=700%2C400 2x"},"classes":[]},{"id":6242,"url":"https:\/\/blogdelarechercheclinique.com\/en\/video-collaboracteurs\/","url_meta":{"origin":3552,"position":4},"title":"Regarde notre nouvelle vid\u00e9o \u00ab collaborActeurs \u00bb.","author":"Vanessa Montanari","date":"21 November 2019","format":false,"excerpt":"Regarde notre nouvelle vid\u00e9o \u00ab collaborActeurs \u00bb.","rel":"","context":"In &quot;Jeux - \u00e9v\u00e8nements&quot;","block_context":{"text":"Jeux - \u00e9v\u00e8nements","link":"https:\/\/blogdelarechercheclinique.com\/en\/category\/jeux-evenements\/"},"img":{"alt_text":"Vid\u00e9o collabacteurs","src":"https:\/\/i0.wp.com\/blogdelarechercheclinique.com\/blog-contenu\/uploads\/2019\/11\/video-collabacteurs.png?fit=557%2C308&ssl=1&resize=350%2C200","width":350,"height":200,"srcset":"https:\/\/i0.wp.com\/blogdelarechercheclinique.com\/blog-contenu\/uploads\/2019\/11\/video-collabacteurs.png?fit=557%2C308&ssl=1&resize=350%2C200 1x, https:\/\/i0.wp.com\/blogdelarechercheclinique.com\/blog-contenu\/uploads\/2019\/11\/video-collabacteurs.png?fit=557%2C308&ssl=1&resize=525%2C300 1.5x"},"classes":[]},{"id":13904,"url":"https:\/\/blogdelarechercheclinique.com\/en\/3eme-version-du-memento-en-recherche-clinique\/","url_meta":{"origin":3552,"position":5},"title":"3\u00e8me version du m\u00e9mento en recherche clinique","author":"Vanessa Montanari","date":"22 May 2024","format":false,"excerpt":"Il y a plus d\u2019un an, je vous avais parl\u00e9 d\u2019un livre que j\u2019ai beaucoup appr\u00e9ci\u00e9. Un livre \u00e0 mettre entre toutes les mains que vous soyez ARC exp\u00e9riment\u00e9 ou d\u00e9butant, Chef de projet ou ARC Manager. Laurence Culine et ses co-auteurs se pr\u00e9parent \u00e0 la mise \u00e0 jour de\u2026","rel":"","context":"In &quot;Jeux - \u00e9v\u00e8nements&quot;","block_context":{"text":"Jeux - \u00e9v\u00e8nements","link":"https:\/\/blogdelarechercheclinique.com\/en\/category\/jeux-evenements\/"},"img":{"alt_text":"3\u00e8 \u00e9dition M\u00e9mento Laurence Culine","src":"https:\/\/i0.wp.com\/blogdelarechercheclinique.com\/blog-contenu\/uploads\/2024\/05\/3-memento-laurence-culine.png?fit=641%2C757&ssl=1&resize=350%2C200","width":350,"height":200,"srcset":"https:\/\/i0.wp.com\/blogdelarechercheclinique.com\/blog-contenu\/uploads\/2024\/05\/3-memento-laurence-culine.png?fit=641%2C757&ssl=1&resize=350%2C200 1x, https:\/\/i0.wp.com\/blogdelarechercheclinique.com\/blog-contenu\/uploads\/2024\/05\/3-memento-laurence-culine.png?fit=641%2C757&ssl=1&resize=525%2C300 1.5x"},"classes":[]}],"jetpack_sharing_enabled":true,"_links":{"self":[{"href":"https:\/\/blogdelarechercheclinique.com\/en\/wp-json\/wp\/v2\/posts\/3552","targetHints":{"allow":["GET"]}}],"collection":[{"href":"https:\/\/blogdelarechercheclinique.com\/en\/wp-json\/wp\/v2\/posts"}],"about":[{"href":"https:\/\/blogdelarechercheclinique.com\/en\/wp-json\/wp\/v2\/types\/post"}],"author":[{"embeddable":true,"href":"https:\/\/blogdelarechercheclinique.com\/en\/wp-json\/wp\/v2\/users\/4"}],"replies":[{"embeddable":true,"href":"https:\/\/blogdelarechercheclinique.com\/en\/wp-json\/wp\/v2\/comments?post=3552"}],"version-history":[{"count":2,"href":"https:\/\/blogdelarechercheclinique.com\/en\/wp-json\/wp\/v2\/posts\/3552\/revisions"}],"predecessor-version":[{"id":14721,"href":"https:\/\/blogdelarechercheclinique.com\/en\/wp-json\/wp\/v2\/posts\/3552\/revisions\/14721"}],"wp:featuredmedia":[{"embeddable":true,"href":"https:\/\/blogdelarechercheclinique.com\/en\/wp-json\/wp\/v2\/media\/14719"}],"wp:attachment":[{"href":"https:\/\/blogdelarechercheclinique.com\/en\/wp-json\/wp\/v2\/media?parent=3552"}],"wp:term":[{"taxonomy":"category","embeddable":true,"href":"https:\/\/blogdelarechercheclinique.com\/en\/wp-json\/wp\/v2\/categories?post=3552"},{"taxonomy":"post_tag","embeddable":true,"href":"https:\/\/blogdelarechercheclinique.com\/en\/wp-json\/wp\/v2\/tags?post=3552"}],"curies":[{"name":"wp","href":"https:\/\/api.w.org\/{rel}","templated":true}]}}