{"id":4097,"date":"2017-09-27T09:50:53","date_gmt":"2017-09-27T07:50:53","guid":{"rendered":"https:\/\/blogdelarechercheclinique.com\/?p=4097"},"modified":"2025-05-21T11:53:25","modified_gmt":"2025-05-21T09:53:25","slug":"boostez-candidature-poste-arc","status":"publish","type":"post","link":"https:\/\/blogdelarechercheclinique.com\/en\/boostez-candidature-poste-arc\/","title":{"rendered":"Boostez votre candidature pour le poste D&rsquo;ARC"},"content":{"rendered":"<p><iframe data-src=\"https:\/\/www.youtube.com\/embed\/w_YPX_60Xjw\" width=\"560\" height=\"315\" frameborder=\"0\" allowfullscreen=\"allowfullscreen\" data-mce-fragment=\"1\" src=\"data:image\/svg+xml;base64,PHN2ZyB3aWR0aD0iMSIgaGVpZ2h0PSIxIiB4bWxucz0iaHR0cDovL3d3dy53My5vcmcvMjAwMC9zdmciPjwvc3ZnPg==\" class=\"lazyload\" data-load-mode=\"1\"><\/iframe><\/p>\n<p class=\"p1\"><span class=\"s1\"><i>Article r\u00e9dig\u00e9 par la Soci\u00e9t\u00e9 Pharmaspecific, sp\u00e9cialiste en recherche clinique<\/i><\/span><\/p>\n<p><em>Apprendre \u00e0 r\u00e9ussir dans ta recherche d&rsquo;un poste d&rsquo;ARC<\/em><\/p>\n<p style=\"text-align: justify;\">Bonjour \u00e0 tous\u00a0! C\u2019est Vanessa Montanari du blog de la recherche clinique.<\/p>\n<p style=\"text-align: justify;\">Aujourd\u2019hui, je vous fais une petite vid\u00e9o sur \u00abVous ne trouvez pas de poste d\u2019ARC, pourquoi\u00a0?\u00a0\u00bb.<\/p>\n<p><!--more--><\/p>\n<p style=\"text-align: justify;\">Il peut y avoir diff\u00e9rentes raisons qui font que vous ne trouvez pas de poste d\u2019ARC\u00a0:<\/p>\n<p style=\"text-align: justify;\">D\u00e9j\u00e0, c\u2019est peut-\u00eatre au niveau de votre CV. C\u2019est peut-\u00eatre sur le fond ou sur la forme.<\/p>\n<p style=\"text-align: justify;\">Au niveau de la forme, cela peut \u00eatre un CV qui est fouillis brouillon, une photo inadapt\u00e9e, un CV qui n\u2019est pas tr\u00e8s clair ou un CV qui donne l\u2019impression que vous manquez de rigueur.<\/p>\n<p style=\"text-align: justify;\">Au niveau du fond, il faut \u00eatre assez pr\u00e9cis au niveau de votre CV. Par exemple, noter les aires th\u00e9rapeutiques, le nombre de centres, le nombre de patients sur lesquels vous avez travaill\u00e9, les diff\u00e9rentes t\u00e2ches que vous avez effectu\u00e9es bien dans les d\u00e9tails (par exemple, si vous avez fait du remplissage, du monitoring, des soumissions r\u00e8glementaires, du management de projet, \u2026). Marquer tous les d\u00e9tails que vous avez faits exactement pendant <a href=\"https:\/\/blogdelarechercheclinique.com\/en\/toute-verite-sur-metier-darc\/\"><strong>votre mission d\u2019ARC<\/strong><\/a>.<\/p>\n<p style=\"text-align: justify;\">En dehors du CV, cela peut \u00eatre \u00e9galement les aires th\u00e9rapeutiques sur lesquels vous travaillez. Par exemple, si vous postuler aupr\u00e8s des entreprises qui travaillent sur du cancer alors que vous avez travaill\u00e9 sur la rhumatologie, il y aura peu de chance que ces soci\u00e9t\u00e9s-l\u00e0 vous recontactent, parce qu\u2019elles recherchent des experts dans l\u2019aire th\u00e9rapeutique qui les int\u00e9ressent. Par cons\u00e9quent, il faut donc postuler dans des entreprises qui travaillent sur les aires th\u00e9rapeutiques dont vous \u00eates expert.<\/p>\n<p style=\"text-align: justify;\">Cela peut \u00eatre \u00e9galement au niveau de l\u2019anglais. Si par exemple, votre niveau d\u2019anglais n\u2019est pas pr\u00e9cis\u00e9 dans votre CV ou que votre niveau d\u2019anglais est scolaire alors que l\u2019entreprise a besoin de quelqu\u2019un qui a un niveau d\u2019anglais plut\u00f4t bon, cela va poser probl\u00e8me. Donc, ils ne vont pas forc\u00e9ment vous rappeler.<\/p>\n<p style=\"text-align: justify;\">Autre chose qui peut-\u00eatre probl\u00e9matique, c\u2019est \u00e9galement l\u2019exp\u00e9rience que vous proposez. Par exemple, si le client souhaite quelqu\u2019un qui est tr\u00e8s exp\u00e9riment\u00e9, et que finalement vous ne l\u2019\u00eates pas, il faut vous attendre \u00e0 ce que vous ne soyez pas contact\u00e9. Il est important d\u2019avoir au moins six (6) mois de stage pour que votre exp\u00e9rience soit suffisamment cons\u00e9quente pour \u00eatre recontact\u00e9 pour certains postes. Regardez si c\u2019est pr\u00e9cis\u00e9 \u00ab\u00a0d\u00e9butant accept\u00e9\u00a0\u00bb. Regardez le nombre d\u2019ann\u00e9es d\u2019exp\u00e9rience qui est demand\u00e9. Par exemple, s\u2019ils demandent une (1) ann\u00e9e d\u2019exp\u00e9rience et que vous en avez six (6) mois, vous pouvez postuler. Mais si on demande cinq (5) ans d\u2019exp\u00e9rience, c\u2019est que le client recherche vraiment quelqu\u2019un d\u2019exp\u00e9riment\u00e9 et que l\u00e0, les d\u00e9butants ne passeront pas.<\/p>\n<p style=\"text-align: justify;\">\u00c9galement, vous pouvez vous demander si vous avez soumis votre CV \u00e0 suffisamment d\u2019entreprises. Il y a parfois des personnes qui soumettent une dizaine de CVs \u00e0 des entreprises et qui s\u2019attendent \u00e0 \u00eatre recontact\u00e9es par ces dix (10) entreprises. Moi, je pars du principe qu\u2019il faut envoyer pas moins de 70 CVs cibl\u00e9s \u00e0 des entreprises. Quand je dis cibl\u00e9s, c\u2019est que vous avez cherch\u00e9 des annonces, vous avez trouv\u00e9 des annonces, ou alors vous avez des contacts des personnes que vous connaissez et qui peuvent faire passer vos Cvs \u00e0 des recruteurs. Donc, vraiment, 70 Cvs cibl\u00e9s, c\u2019est-\u00e0-dire que vous correspondez au profil et vous soumettez votre CV. Sur ces 70 Cvs cibl\u00e9s, j\u2019estime environ 10% de r\u00e9ponses si votre CV est bien comme il faut. Si vous avez donc envoy\u00e9 70 CVs, vous aurez au moins sept (7) personnes qui vous r\u00e9pondent, soit pour vous faire passer des entretiens, soit ils vous appellent. Mais si vous envoyez une trentaine de Cvs non cibl\u00e9s, il faut aussi vous attendre \u00e0 essuyer des pl\u00e2tres. Il faut s\u2019attendre \u00e0 ce que cela ne puisse pas r\u00e9ussir.<\/p>\n<p style=\"text-align: justify;\">Pensez \u00e9galement \u00e0 bien choisir votre \u00e9cole de formation. Choisissez des \u00e9coles ou des masters qui ont un tr\u00e8s bon r\u00e9seau. Un bon r\u00e9seau d\u2019entreprises avec qui ils sont en contact et avec lesquels ils pourront vous mettre en contact pour de futurs stages. C\u2019est un point important et \u00e7a augmente vos chances de trouver des missions et un poste dans le domaine de la recherche clinique.<\/p>\n<p style=\"text-align: justify;\">Il faut \u00e9galement avoir une certaine m\u00e9thode pour rechercher un poste. Par exemple, si on vous appelle et vous ne savez m\u00eame plus de quelle soci\u00e9t\u00e9 il s\u2019agit, cela peut \u00eatre g\u00eanant. La personne se rend compte que finalement, ils ne sont qu\u2019un num\u00e9ro parmi les entreprises que vous avez contact\u00e9es, que vous avez tent\u00e9 d\u2019approcher, et ce serait un petit peu dommage d\u2019\u00eatre mal vu par rapport \u00e0 cela. Il faut bien conna\u00eetre les soci\u00e9t\u00e9s pour lesquelles vous postulez, \u00eatre organis\u00e9 dans vos recherches, avoir des tableaux de suivi et \u00eatre capable de savoir quand est-ce que vous avez postul\u00e9 \u00e0 telle et telle entreprise. Donc, cela est vraiment un minimum.<\/p>\n<p style=\"text-align: justify;\">Autre chose, si vous avez plut\u00f4t une exp\u00e9rience en tant que TEC, vous trouverez plus facilement un poste de TEC que des postes en CRO ou en laboratoires pharmaceutiques. Si vous avez plut\u00f4t des postes d\u2019ARC, vous <a href=\"https:\/\/blogdelarechercheclinique.com\/en\/\"><strong>trouverez des postes d\u2019ARC<\/strong><\/a> et vous pourrez \u00e9galement, si vous le souhaitez, \u00e0 un moment devenir TEC. Donc, il faut vraiment prendre cela en compte, car quand vous travaillez plut\u00f4t dans le public, vous aurez tendance \u00e0 trouver des postes dans le public. Si vous avez commenc\u00e9 dans le priv\u00e9, vous aurez plut\u00f4t tendance \u00e0 travailler dans le priv\u00e9 ou alors, vous pouvez travailler dans le public.<\/p>\n<p style=\"text-align: justify;\">J\u2019esp\u00e8re que ces petits conseils vont vous aider. Moi, de mon c\u00f4t\u00e9, je suis \u00e0 Rawai, en Thailande et je suis en train de regarder un beau coucher de soleil, sur un beau point de vue sur Rawai. Je vais y aller, je vais aller regarder mon point de vue et je vous souhaite un bon courage pour vos recherches.<\/p>\n<p style=\"text-align: justify;\">\u00c0 bient\u00f4t\u00a0!<\/p>\n<hr \/>\n<p style=\"text-align: left;\">Vous avez besoin <strong>d&rsquo;une prestation en recherche clinique ? contactez PHARMASPECIFIC <\/strong>en vous rendant sur notre site en cliquant ici<strong> : <a href=\"https:\/\/pharmaspecific.com\/devis\/\" target=\"_blank\" rel=\"noopener noreferrer\">https:\/\/pharmaspecific.com\/devis\/<\/a><\/strong><\/p>\n<p style=\"text-align: left;\"><em>Si tu as des questions sur le m\u00e9tier d\u2019attach\u00e9 de recherche clinique ou sur une carri\u00e8re dans la recherche clinique, tu peux la mettre dans les commentaires ci-dessous. Nous te r\u00e9pondrons dans les plus brefs d\u00e9lais.\u00a0<\/em><\/p>\n<p style=\"text-align: left;\"><em>Si tu veux \u00eatre coach\u00e9, si tu veux une r\u00e9ponse personnalis\u00e9e \u00e0 tes questions ou \u00eatre en contact avec d\u2019autres professionnels de la recherche clinique, tu peux te rendre sur\u00a0<a href=\"https:\/\/pharmaspecific-training.com\/\" target=\"_blank\" rel=\"noopener noreferrer\">https:\/\/pharmaspecific-training.com\/<\/a><\/em><\/p>","protected":false},"excerpt":{"rendered":"<p>Il peut y avoir diff\u00e9rentes raisons qui font que vous ne trouvez pas de poste d\u2019ARC.<\/p>","protected":false},"author":4,"featured_media":14841,"comment_status":"open","ping_status":"open","sticky":false,"template":"","format":"standard","meta":{"om_disable_all_campaigns":false,"rop_custom_images_group":[],"rop_custom_messages_group":[],"rop_publish_now":"initial","rop_publish_now_accounts":{"facebook_122143508198123560_331463380343150":""},"rop_publish_now_history":[],"rop_publish_now_status":"pending","_sitemap_exclude":false,"_sitemap_priority":"","_sitemap_frequency":"","_exactmetrics_skip_tracking":false,"_exactmetrics_sitenote_active":false,"_exactmetrics_sitenote_note":"","_exactmetrics_sitenote_category":0,"_jetpack_memberships_contains_paid_content":false,"footnotes":""},"categories":[452],"tags":[16,72,78,143],"class_list":{"0":"post-4097","1":"post","2":"type-post","3":"status-publish","4":"format-standard","5":"has-post-thumbnail","7":"category-trouver-un-emploi-en-recherche-clinique","8":"tag-arc","9":"tag-arc-emploi","10":"tag-offre-emploi-arc","11":"tag-postuler-arc"},"translation":{"provider":"WPGlobus","version":"3.0.2","language":"en","enabled_languages":["fr","en"],"languages":{"fr":{"title":true,"content":true,"excerpt":true},"en":{"title":false,"content":false,"excerpt":false}}},"yoast_head":"<!-- This site is optimized with the Yoast SEO plugin v26.9 - https:\/\/yoast.com\/product\/yoast-seo-wordpress\/ -->\n<title>Boostez votre candidature pour le poste D&#039;ARC<\/title>\n<meta name=\"robots\" content=\"index, follow, max-snippet:-1, max-image-preview:large, max-video-preview:-1\" \/>\n<link rel=\"canonical\" href=\"https:\/\/blogdelarechercheclinique.com\/en\/boostez-candidature-poste-arc\/\" \/>\n<meta property=\"og:locale\" content=\"en_US\" \/>\n<meta property=\"og:type\" content=\"article\" \/>\n<meta property=\"og:title\" content=\"Boostez votre candidature pour le poste D&#039;ARC -\" \/>\n<meta property=\"og:url\" content=\"https:\/\/blogdelarechercheclinique.com\/en\/boostez-candidature-poste-arc\/\" \/>\n<meta property=\"article:publisher\" content=\"https:\/\/www.facebook.com\/blogdelarechercheclinique\" \/>\n<meta property=\"article:published_time\" content=\"2017-09-27T07:50:53+00:00\" \/>\n<meta property=\"article:modified_time\" content=\"2025-05-21T09:53:25+00:00\" \/>\n<meta property=\"og:image\" content=\"https:\/\/blogdelarechercheclinique.com\/blog-contenu\/uploads\/2024\/07\/CRA-Job.png\" \/>\n\t<meta property=\"og:image:width\" content=\"951\" \/>\n\t<meta property=\"og:image:height\" content=\"527\" \/>\n\t<meta property=\"og:image:type\" content=\"image\/png\" \/>\n<meta name=\"author\" content=\"Vanessa Montanari\" \/>\n<meta name=\"twitter:card\" content=\"summary_large_image\" \/>\n<meta name=\"twitter:label1\" content=\"Written by\" \/>\n\t<meta name=\"twitter:data1\" content=\"Vanessa Montanari\" \/>\n\t<meta name=\"twitter:label2\" content=\"Est. reading time\" \/>\n\t<meta name=\"twitter:data2\" content=\"6 minutes\" \/>\n<script type=\"application\/ld+json\" class=\"yoast-schema-graph\">{\"@context\":\"https:\/\/schema.org\",\"@graph\":[{\"@type\":\"Article\",\"@id\":\"https:\/\/blogdelarechercheclinique.com\/boostez-candidature-poste-arc\/#article\",\"isPartOf\":{\"@id\":\"https:\/\/blogdelarechercheclinique.com\/boostez-candidature-poste-arc\/\"},\"author\":{\"name\":\"Vanessa Montanari\",\"@id\":\"https:\/\/blogdelarechercheclinique.com\/#\/schema\/person\/13ee3f7a1251afe7e98918a482685938\"},\"headline\":\"Boostez votre candidature pour le poste D&rsquo;ARC\",\"datePublished\":\"2017-09-27T07:50:53+00:00\",\"dateModified\":\"2025-05-21T09:53:25+00:00\",\"mainEntityOfPage\":{\"@id\":\"https:\/\/blogdelarechercheclinique.com\/boostez-candidature-poste-arc\/\"},\"wordCount\":1179,\"commentCount\":0,\"publisher\":{\"@id\":\"https:\/\/blogdelarechercheclinique.com\/#organization\"},\"image\":{\"@id\":\"https:\/\/blogdelarechercheclinique.com\/boostez-candidature-poste-arc\/#primaryimage\"},\"thumbnailUrl\":\"https:\/\/i0.wp.com\/blogdelarechercheclinique.com\/blog-contenu\/uploads\/2024\/07\/CRA-Job.png?fit=951%2C527&ssl=1\",\"keywords\":[\"ARC\",\"ARC emploi\",\"offre emploi ARC\",\"postuler ARC\"],\"articleSection\":[\"Trouver un emploi en recherche clinique\"],\"inLanguage\":\"en-US\",\"potentialAction\":[{\"@type\":\"CommentAction\",\"name\":\"Comment\",\"target\":[\"https:\/\/blogdelarechercheclinique.com\/boostez-candidature-poste-arc\/#respond\"]}]},{\"@type\":\"WebPage\",\"@id\":\"https:\/\/blogdelarechercheclinique.com\/boostez-candidature-poste-arc\/\",\"url\":\"https:\/\/blogdelarechercheclinique.com\/boostez-candidature-poste-arc\/\",\"name\":\"Boostez votre candidature pour le poste D'ARC\",\"isPartOf\":{\"@id\":\"https:\/\/blogdelarechercheclinique.com\/#website\"},\"primaryImageOfPage\":{\"@id\":\"https:\/\/blogdelarechercheclinique.com\/boostez-candidature-poste-arc\/#primaryimage\"},\"image\":{\"@id\":\"https:\/\/blogdelarechercheclinique.com\/boostez-candidature-poste-arc\/#primaryimage\"},\"thumbnailUrl\":\"https:\/\/i0.wp.com\/blogdelarechercheclinique.com\/blog-contenu\/uploads\/2024\/07\/CRA-Job.png?fit=951%2C527&ssl=1\",\"datePublished\":\"2017-09-27T07:50:53+00:00\",\"dateModified\":\"2025-05-21T09:53:25+00:00\",\"description\":\"Il peut y avoir diff\u00e9rentes raisons qui font que vous ne trouvez pas de poste d\u2019ARC. Je vous fais une petite vid\u00e9o.\",\"breadcrumb\":{\"@id\":\"https:\/\/blogdelarechercheclinique.com\/boostez-candidature-poste-arc\/#breadcrumb\"},\"inLanguage\":\"en-US\",\"potentialAction\":[{\"@type\":\"ReadAction\",\"target\":[\"https:\/\/blogdelarechercheclinique.com\/boostez-candidature-poste-arc\/\"]}]},{\"@type\":\"ImageObject\",\"inLanguage\":\"en-US\",\"@id\":\"https:\/\/blogdelarechercheclinique.com\/boostez-candidature-poste-arc\/#primaryimage\",\"url\":\"https:\/\/i0.wp.com\/blogdelarechercheclinique.com\/blog-contenu\/uploads\/2024\/07\/CRA-Job.png?fit=951%2C527&ssl=1\",\"contentUrl\":\"https:\/\/i0.wp.com\/blogdelarechercheclinique.com\/blog-contenu\/uploads\/2024\/07\/CRA-Job.png?fit=951%2C527&ssl=1\",\"width\":951,\"height\":527,\"caption\":\"CRA Job\"},{\"@type\":\"BreadcrumbList\",\"@id\":\"https:\/\/blogdelarechercheclinique.com\/boostez-candidature-poste-arc\/#breadcrumb\",\"itemListElement\":[{\"@type\":\"ListItem\",\"position\":1,\"name\":\"Accueil\",\"item\":\"https:\/\/blogdelarechercheclinique.com\/\"},{\"@type\":\"ListItem\",\"position\":2,\"name\":\"Boostez votre candidature pour le poste D&rsquo;ARC\"}]},{\"@type\":\"WebSite\",\"@id\":\"https:\/\/blogdelarechercheclinique.com\/#website\",\"url\":\"https:\/\/blogdelarechercheclinique.com\/\",\"name\":\"Blog de la recherche clinique\",\"description\":\"\",\"publisher\":{\"@id\":\"https:\/\/blogdelarechercheclinique.com\/#organization\"},\"potentialAction\":[{\"@type\":\"SearchAction\",\"target\":{\"@type\":\"EntryPoint\",\"urlTemplate\":\"https:\/\/blogdelarechercheclinique.com\/?s={search_term_string}\"},\"query-input\":{\"@type\":\"PropertyValueSpecification\",\"valueRequired\":true,\"valueName\":\"search_term_string\"}}],\"inLanguage\":\"en-US\"},{\"@type\":\"Organization\",\"@id\":\"https:\/\/blogdelarechercheclinique.com\/#organization\",\"name\":\"Blog de la recherche clinique\",\"url\":\"https:\/\/blogdelarechercheclinique.com\/\",\"logo\":{\"@type\":\"ImageObject\",\"inLanguage\":\"en-US\",\"@id\":\"https:\/\/blogdelarechercheclinique.com\/#\/schema\/logo\/image\/\",\"url\":\"https:\/\/i0.wp.com\/blogdelarechercheclinique.com\/blog-contenu\/uploads\/2024\/04\/cropped-BLOG-logo.png?fit=512%2C512&ssl=1\",\"contentUrl\":\"https:\/\/i0.wp.com\/blogdelarechercheclinique.com\/blog-contenu\/uploads\/2024\/04\/cropped-BLOG-logo.png?fit=512%2C512&ssl=1\",\"width\":512,\"height\":512,\"caption\":\"Blog de la recherche clinique\"},\"image\":{\"@id\":\"https:\/\/blogdelarechercheclinique.com\/#\/schema\/logo\/image\/\"},\"sameAs\":[\"https:\/\/www.facebook.com\/blogdelarechercheclinique\"]},{\"@type\":\"Person\",\"@id\":\"https:\/\/blogdelarechercheclinique.com\/#\/schema\/person\/13ee3f7a1251afe7e98918a482685938\",\"name\":\"Vanessa Montanari\",\"image\":{\"@type\":\"ImageObject\",\"inLanguage\":\"en-US\",\"@id\":\"https:\/\/blogdelarechercheclinique.com\/#\/schema\/person\/image\/\",\"url\":\"https:\/\/secure.gravatar.com\/avatar\/ddf428208f542d6c2239ace6606ebe9beb71049642a9c784967f23e4e76e8efc?s=96&d=mm&r=g\",\"contentUrl\":\"https:\/\/secure.gravatar.com\/avatar\/ddf428208f542d6c2239ace6606ebe9beb71049642a9c784967f23e4e76e8efc?s=96&d=mm&r=g\",\"caption\":\"Vanessa Montanari\"},\"url\":\"https:\/\/blogdelarechercheclinique.com\/en\/author\/vanessa\/\"}]}<\/script>\n<!-- \/ Yoast SEO plugin. -->","yoast_head_json":{"title":"Boostez votre candidature pour le poste D'ARC","robots":{"index":"index","follow":"follow","max-snippet":"max-snippet:-1","max-image-preview":"max-image-preview:large","max-video-preview":"max-video-preview:-1"},"canonical":"https:\/\/blogdelarechercheclinique.com\/en\/boostez-candidature-poste-arc\/","og_locale":"en_US","og_type":"article","og_title":"Boostez votre candidature pour le poste D'ARC -","og_url":"https:\/\/blogdelarechercheclinique.com\/en\/boostez-candidature-poste-arc\/","article_publisher":"https:\/\/www.facebook.com\/blogdelarechercheclinique","article_published_time":"2017-09-27T07:50:53+00:00","article_modified_time":"2025-05-21T09:53:25+00:00","og_image":[{"width":951,"height":527,"url":"https:\/\/blogdelarechercheclinique.com\/blog-contenu\/uploads\/2024\/07\/CRA-Job.png","type":"image\/png"}],"author":"Vanessa Montanari","twitter_card":"summary_large_image","twitter_misc":{"Written by":"Vanessa Montanari","Est. reading time":"6 minutes"},"schema":{"@context":"https:\/\/schema.org","@graph":[{"@type":"Article","@id":"https:\/\/blogdelarechercheclinique.com\/boostez-candidature-poste-arc\/#article","isPartOf":{"@id":"https:\/\/blogdelarechercheclinique.com\/boostez-candidature-poste-arc\/"},"author":{"name":"Vanessa Montanari","@id":"https:\/\/blogdelarechercheclinique.com\/#\/schema\/person\/13ee3f7a1251afe7e98918a482685938"},"headline":"Boostez votre candidature pour le poste D&rsquo;ARC","datePublished":"2017-09-27T07:50:53+00:00","dateModified":"2025-05-21T09:53:25+00:00","mainEntityOfPage":{"@id":"https:\/\/blogdelarechercheclinique.com\/boostez-candidature-poste-arc\/"},"wordCount":1179,"commentCount":0,"publisher":{"@id":"https:\/\/blogdelarechercheclinique.com\/#organization"},"image":{"@id":"https:\/\/blogdelarechercheclinique.com\/boostez-candidature-poste-arc\/#primaryimage"},"thumbnailUrl":"https:\/\/i0.wp.com\/blogdelarechercheclinique.com\/blog-contenu\/uploads\/2024\/07\/CRA-Job.png?fit=951%2C527&ssl=1","keywords":["ARC","ARC emploi","offre emploi ARC","postuler ARC"],"articleSection":["Trouver un emploi en recherche clinique"],"inLanguage":"en-US","potentialAction":[{"@type":"CommentAction","name":"Comment","target":["https:\/\/blogdelarechercheclinique.com\/boostez-candidature-poste-arc\/#respond"]}]},{"@type":"WebPage","@id":"https:\/\/blogdelarechercheclinique.com\/boostez-candidature-poste-arc\/","url":"https:\/\/blogdelarechercheclinique.com\/boostez-candidature-poste-arc\/","name":"Boostez votre candidature pour le poste D'ARC","isPartOf":{"@id":"https:\/\/blogdelarechercheclinique.com\/#website"},"primaryImageOfPage":{"@id":"https:\/\/blogdelarechercheclinique.com\/boostez-candidature-poste-arc\/#primaryimage"},"image":{"@id":"https:\/\/blogdelarechercheclinique.com\/boostez-candidature-poste-arc\/#primaryimage"},"thumbnailUrl":"https:\/\/i0.wp.com\/blogdelarechercheclinique.com\/blog-contenu\/uploads\/2024\/07\/CRA-Job.png?fit=951%2C527&ssl=1","datePublished":"2017-09-27T07:50:53+00:00","dateModified":"2025-05-21T09:53:25+00:00","description":"Il peut y avoir diff\u00e9rentes raisons qui font que vous ne trouvez pas de poste d\u2019ARC. Je vous fais une petite vid\u00e9o.","breadcrumb":{"@id":"https:\/\/blogdelarechercheclinique.com\/boostez-candidature-poste-arc\/#breadcrumb"},"inLanguage":"en-US","potentialAction":[{"@type":"ReadAction","target":["https:\/\/blogdelarechercheclinique.com\/boostez-candidature-poste-arc\/"]}]},{"@type":"ImageObject","inLanguage":"en-US","@id":"https:\/\/blogdelarechercheclinique.com\/boostez-candidature-poste-arc\/#primaryimage","url":"https:\/\/i0.wp.com\/blogdelarechercheclinique.com\/blog-contenu\/uploads\/2024\/07\/CRA-Job.png?fit=951%2C527&ssl=1","contentUrl":"https:\/\/i0.wp.com\/blogdelarechercheclinique.com\/blog-contenu\/uploads\/2024\/07\/CRA-Job.png?fit=951%2C527&ssl=1","width":951,"height":527,"caption":"CRA Job"},{"@type":"BreadcrumbList","@id":"https:\/\/blogdelarechercheclinique.com\/boostez-candidature-poste-arc\/#breadcrumb","itemListElement":[{"@type":"ListItem","position":1,"name":"Accueil","item":"https:\/\/blogdelarechercheclinique.com\/"},{"@type":"ListItem","position":2,"name":"Boostez votre candidature pour le poste D&rsquo;ARC"}]},{"@type":"WebSite","@id":"https:\/\/blogdelarechercheclinique.com\/#website","url":"https:\/\/blogdelarechercheclinique.com\/","name":"Blog de la recherche clinique","description":"","publisher":{"@id":"https:\/\/blogdelarechercheclinique.com\/#organization"},"potentialAction":[{"@type":"SearchAction","target":{"@type":"EntryPoint","urlTemplate":"https:\/\/blogdelarechercheclinique.com\/?s={search_term_string}"},"query-input":{"@type":"PropertyValueSpecification","valueRequired":true,"valueName":"search_term_string"}}],"inLanguage":"en-US"},{"@type":"Organization","@id":"https:\/\/blogdelarechercheclinique.com\/#organization","name":"Blog de la recherche clinique","url":"https:\/\/blogdelarechercheclinique.com\/","logo":{"@type":"ImageObject","inLanguage":"en-US","@id":"https:\/\/blogdelarechercheclinique.com\/#\/schema\/logo\/image\/","url":"https:\/\/i0.wp.com\/blogdelarechercheclinique.com\/blog-contenu\/uploads\/2024\/04\/cropped-BLOG-logo.png?fit=512%2C512&ssl=1","contentUrl":"https:\/\/i0.wp.com\/blogdelarechercheclinique.com\/blog-contenu\/uploads\/2024\/04\/cropped-BLOG-logo.png?fit=512%2C512&ssl=1","width":512,"height":512,"caption":"Blog de la recherche clinique"},"image":{"@id":"https:\/\/blogdelarechercheclinique.com\/#\/schema\/logo\/image\/"},"sameAs":["https:\/\/www.facebook.com\/blogdelarechercheclinique"]},{"@type":"Person","@id":"https:\/\/blogdelarechercheclinique.com\/#\/schema\/person\/13ee3f7a1251afe7e98918a482685938","name":"Vanessa Montanari","image":{"@type":"ImageObject","inLanguage":"en-US","@id":"https:\/\/blogdelarechercheclinique.com\/#\/schema\/person\/image\/","url":"https:\/\/secure.gravatar.com\/avatar\/ddf428208f542d6c2239ace6606ebe9beb71049642a9c784967f23e4e76e8efc?s=96&d=mm&r=g","contentUrl":"https:\/\/secure.gravatar.com\/avatar\/ddf428208f542d6c2239ace6606ebe9beb71049642a9c784967f23e4e76e8efc?s=96&d=mm&r=g","caption":"Vanessa Montanari"},"url":"https:\/\/blogdelarechercheclinique.com\/en\/author\/vanessa\/"}]}},"jetpack_featured_media_url":"https:\/\/i0.wp.com\/blogdelarechercheclinique.com\/blog-contenu\/uploads\/2024\/07\/CRA-Job.png?fit=951%2C527&ssl=1","jetpack-related-posts":[{"id":1242,"url":"https:\/\/blogdelarechercheclinique.com\/en\/un-cv-pour-etre-recrute\/","url_meta":{"origin":4097,"position":0},"title":"Nos conseils pour r\u00e9aliser un CV clair et lisible","author":"Vanessa Montanari","date":"7 October 2015","format":false,"excerpt":"Tu cherches un poste d\u2019ARC, TEC ou de chef de projet\u00a0? Il faut donc que ton CV soit clair et lisible afin de mettre toutes les chances de ton c\u00f4t\u00e9\u00a0!","rel":"","context":"In &quot;Les entretiens d'embauche en recherche clinique&quot;","block_context":{"text":"Les entretiens d'embauche en recherche clinique","link":"https:\/\/blogdelarechercheclinique.com\/en\/category\/les-entretiens-dembauche-en-recherche-clinique\/"},"img":{"alt_text":"Comment r\u00e9diger un CV qui d\u00e9croche","src":"https:\/\/i0.wp.com\/blogdelarechercheclinique.com\/blog-contenu\/uploads\/2015\/10\/CV-recrute.jpg?resize=350%2C200&ssl=1","width":350,"height":200},"classes":[]},{"id":538,"url":"https:\/\/blogdelarechercheclinique.com\/en\/partie-1-metier-arc-reponses-questions\/","url_meta":{"origin":4097,"position":1},"title":"Partie 1 &#8211; M\u00e9tier d&rsquo;ARC : mes r\u00e9ponses \u00e0 toutes vos questions","author":"Vanessa Montanari","date":"16 February 2017","format":false,"excerpt":"J'ai fait ce podcast pour r\u00e9pondre aux questions-r\u00e9ponses de No\u00ebl de Sol\u00e8ne, Anne, Marie, Laetitia, Liliane, Fiona, J\u00e9r\u00e9mie sur le m\u00e9tier d'ARC. Bonne \u00e9coute \u00e0 tous !","rel":"","context":"In &quot;FAQ&quot;","block_context":{"text":"FAQ","link":"https:\/\/blogdelarechercheclinique.com\/en\/category\/faq\/"},"img":{"alt_text":"Mes r\u00e9ponses \u00e0 toutes vos questions.","src":"https:\/\/i0.wp.com\/blogdelarechercheclinique.com\/blog-contenu\/uploads\/2017\/02\/Ask-me-question.png?fit=728%2C448&ssl=1&resize=350%2C200","width":350,"height":200,"srcset":"https:\/\/i0.wp.com\/blogdelarechercheclinique.com\/blog-contenu\/uploads\/2017\/02\/Ask-me-question.png?fit=728%2C448&ssl=1&resize=350%2C200 1x, https:\/\/i0.wp.com\/blogdelarechercheclinique.com\/blog-contenu\/uploads\/2017\/02\/Ask-me-question.png?fit=728%2C448&ssl=1&resize=525%2C300 1.5x, https:\/\/i0.wp.com\/blogdelarechercheclinique.com\/blog-contenu\/uploads\/2017\/02\/Ask-me-question.png?fit=728%2C448&ssl=1&resize=700%2C400 2x"},"classes":[]},{"id":3681,"url":"https:\/\/blogdelarechercheclinique.com\/en\/reponses-a-vos-questions-metier-darc-partie-1\/","url_meta":{"origin":4097,"position":2},"title":"Partie 1 &#8211; M\u00e9tier d&rsquo;ARC : mes r\u00e9ponses \u00e0 toutes vos questions","author":"Vanessa Montanari","date":"15 February 2017","format":false,"excerpt":"J'ai fait ce podcast pour r\u00e9pondre aux questions-r\u00e9ponses de No\u00ebl de Sol\u00e8ne, Anne, Marie, Laetitia, Liliane, Fiona, J\u00e9r\u00e9mie sur le m\u00e9tier d'ARC. Bonne \u00e9coute \u00e0 tous !","rel":"","context":"In &quot;Jeux - \u00e9v\u00e8nements&quot;","block_context":{"text":"Jeux - \u00e9v\u00e8nements","link":"https:\/\/blogdelarechercheclinique.com\/en\/category\/jeux-evenements\/"},"img":{"alt_text":"","src":"","width":0,"height":0},"classes":[]},{"id":158,"url":"https:\/\/blogdelarechercheclinique.com\/en\/canada-experience-internationale\/","url_meta":{"origin":4097,"position":3},"title":"Le Canada : l&rsquo;envie d&rsquo;avoir une exp\u00e9rience de travail internationale","author":"lala","date":"5 March 2019","format":false,"excerpt":"Tu recherches un nouveau challenge, tu r\u00eaves du continent am\u00e9ricain? Mbaye y est d\u00e9j\u00e0, il nous raconte son exp\u00e9rience.","rel":"","context":"In &quot;Actualit\u00e9s de la recherche clinique&quot;","block_context":{"text":"Actualit\u00e9s de la recherche clinique","link":"https:\/\/blogdelarechercheclinique.com\/en\/category\/actualites-de-la-recherche-clinique\/"},"img":{"alt_text":"La recherche clinique est tr\u00e8s d\u00e9velopp\u00e9e au Canada avec beaucoup d'annonces d'offres d'emploi tous les jours.","src":"https:\/\/i0.wp.com\/blogdelarechercheclinique.com\/blog-contenu\/uploads\/2021\/11\/ARC-expatriee-Canada-2.png?fit=1200%2C595&ssl=1&resize=350%2C200","width":350,"height":200,"srcset":"https:\/\/i0.wp.com\/blogdelarechercheclinique.com\/blog-contenu\/uploads\/2021\/11\/ARC-expatriee-Canada-2.png?fit=1200%2C595&ssl=1&resize=350%2C200 1x, https:\/\/i0.wp.com\/blogdelarechercheclinique.com\/blog-contenu\/uploads\/2021\/11\/ARC-expatriee-Canada-2.png?fit=1200%2C595&ssl=1&resize=525%2C300 1.5x, https:\/\/i0.wp.com\/blogdelarechercheclinique.com\/blog-contenu\/uploads\/2021\/11\/ARC-expatriee-Canada-2.png?fit=1200%2C595&ssl=1&resize=700%2C400 2x, https:\/\/i0.wp.com\/blogdelarechercheclinique.com\/blog-contenu\/uploads\/2021\/11\/ARC-expatriee-Canada-2.png?fit=1200%2C595&ssl=1&resize=1050%2C600 3x"},"classes":[]},{"id":6030,"url":"https:\/\/blogdelarechercheclinique.com\/en\/canada-experience-travail-international\/","url_meta":{"origin":4097,"position":4},"title":"Le Canada : l&rsquo;envie d&rsquo;avoir une exp\u00e9rience de travail internationale","author":"Vanessa Montanari","date":"5 March 2019","format":false,"excerpt":"C\u2019est d\u00e9cid\u00e9, je pars en Canada ! Tu recherches un nouveau challenge, tu r\u00eaves du continent am\u00e9ricain? Mbaye y est d\u00e9j\u00e0, il nous raconte son exp\u00e9rience. \u00a0 Bonjour, est-ce que tu peux te pr\u00e9senter en quelques mots? Quel est ton parcours professionnel? Je m'appelle Mbaye, Je suis trentenaire. Je suis\u2026","rel":"","context":"In &quot;Actualit\u00e9s de la recherche clinique&quot;","block_context":{"text":"Actualit\u00e9s de la recherche clinique","link":"https:\/\/blogdelarechercheclinique.com\/en\/category\/actualites-de-la-recherche-clinique\/"},"img":{"alt_text":"ARC au Canada","src":"https:\/\/i0.wp.com\/blogdelarechercheclinique.com\/blog-contenu\/uploads\/2019\/03\/arc-canada.png?fit=1200%2C675&ssl=1&resize=350%2C200","width":350,"height":200,"srcset":"https:\/\/i0.wp.com\/blogdelarechercheclinique.com\/blog-contenu\/uploads\/2019\/03\/arc-canada.png?fit=1200%2C675&ssl=1&resize=350%2C200 1x, https:\/\/i0.wp.com\/blogdelarechercheclinique.com\/blog-contenu\/uploads\/2019\/03\/arc-canada.png?fit=1200%2C675&ssl=1&resize=525%2C300 1.5x, https:\/\/i0.wp.com\/blogdelarechercheclinique.com\/blog-contenu\/uploads\/2019\/03\/arc-canada.png?fit=1200%2C675&ssl=1&resize=700%2C400 2x, https:\/\/i0.wp.com\/blogdelarechercheclinique.com\/blog-contenu\/uploads\/2019\/03\/arc-canada.png?fit=1200%2C675&ssl=1&resize=1050%2C600 3x"},"classes":[]},{"id":1,"url":"https:\/\/blogdelarechercheclinique.com\/en\/arc-expatriee-angleterre\/","url_meta":{"origin":4097,"position":5},"title":"Interview de Myl\u00e8ne, une ARC expatri\u00e9e en Angleterre","author":"lala","date":"6 January 2015","format":false,"excerpt":"\"C\u2019est d\u00e9cid\u00e9 je pars en Angleterre\" : Interview d'une ARC expatri\u00e9e","rel":"","context":"In &quot;FAQ&quot;","block_context":{"text":"FAQ","link":"https:\/\/blogdelarechercheclinique.com\/en\/category\/faq\/"},"img":{"alt_text":"Arc expatri\u00e9e en Anglettre","src":"https:\/\/i0.wp.com\/blogdelarechercheclinique.com\/blog-contenu\/uploads\/2015\/01\/ARC-Angleterre.png?fit=741%2C590&ssl=1&resize=350%2C200","width":350,"height":200,"srcset":"https:\/\/i0.wp.com\/blogdelarechercheclinique.com\/blog-contenu\/uploads\/2015\/01\/ARC-Angleterre.png?fit=741%2C590&ssl=1&resize=350%2C200 1x, https:\/\/i0.wp.com\/blogdelarechercheclinique.com\/blog-contenu\/uploads\/2015\/01\/ARC-Angleterre.png?fit=741%2C590&ssl=1&resize=525%2C300 1.5x, https:\/\/i0.wp.com\/blogdelarechercheclinique.com\/blog-contenu\/uploads\/2015\/01\/ARC-Angleterre.png?fit=741%2C590&ssl=1&resize=700%2C400 2x"},"classes":[]}],"jetpack_sharing_enabled":true,"_links":{"self":[{"href":"https:\/\/blogdelarechercheclinique.com\/en\/wp-json\/wp\/v2\/posts\/4097","targetHints":{"allow":["GET"]}}],"collection":[{"href":"https:\/\/blogdelarechercheclinique.com\/en\/wp-json\/wp\/v2\/posts"}],"about":[{"href":"https:\/\/blogdelarechercheclinique.com\/en\/wp-json\/wp\/v2\/types\/post"}],"author":[{"embeddable":true,"href":"https:\/\/blogdelarechercheclinique.com\/en\/wp-json\/wp\/v2\/users\/4"}],"replies":[{"embeddable":true,"href":"https:\/\/blogdelarechercheclinique.com\/en\/wp-json\/wp\/v2\/comments?post=4097"}],"version-history":[{"count":1,"href":"https:\/\/blogdelarechercheclinique.com\/en\/wp-json\/wp\/v2\/posts\/4097\/revisions"}],"predecessor-version":[{"id":14844,"href":"https:\/\/blogdelarechercheclinique.com\/en\/wp-json\/wp\/v2\/posts\/4097\/revisions\/14844"}],"wp:featuredmedia":[{"embeddable":true,"href":"https:\/\/blogdelarechercheclinique.com\/en\/wp-json\/wp\/v2\/media\/14841"}],"wp:attachment":[{"href":"https:\/\/blogdelarechercheclinique.com\/en\/wp-json\/wp\/v2\/media?parent=4097"}],"wp:term":[{"taxonomy":"category","embeddable":true,"href":"https:\/\/blogdelarechercheclinique.com\/en\/wp-json\/wp\/v2\/categories?post=4097"},{"taxonomy":"post_tag","embeddable":true,"href":"https:\/\/blogdelarechercheclinique.com\/en\/wp-json\/wp\/v2\/tags?post=4097"}],"curies":[{"name":"wp","href":"https:\/\/api.w.org\/{rel}","templated":true}]}}