{"id":4770,"date":"2018-01-31T12:11:33","date_gmt":"2018-01-31T11:11:33","guid":{"rendered":"https:\/\/blogdelarechercheclinique.com\/?p=4770"},"modified":"2024-05-10T09:33:23","modified_gmt":"2024-05-10T07:33:23","slug":"vanessa-montanari-france-televisions","status":"publish","type":"post","link":"https:\/\/blogdelarechercheclinique.com\/en\/vanessa-montanari-france-televisions\/","title":{"rendered":"La chaine France O invite Vanessa Montanari"},"content":{"rendered":"<p class=\"p1\"><span class=\"s1\"><i>Article r\u00e9dig\u00e9 par la Soci\u00e9t\u00e9 Pharmaspecific, sp\u00e9cialiste en recherche clinique<\/i><\/span><\/p>\n<p>Certains \u00e9taient au courant&#8230;<\/p>\n<p>Ce Lundi 29 Janvier 2018, je suis pass\u00e9e sur France t\u00e9l\u00e9visions et plus particuli\u00e8rement sur la chaine France O dans le cadre de l&rsquo;\u00e9mission LTOM (Les t\u00e9moins d&rsquo;Outre-mer) anim\u00e9 par la Journaliste Karine Baste-R\u00e9gis (France 3, Francetv info) et le chroniqueur Emeric Berco. Cette \u00e9mission participative de d\u00e9bat et d&rsquo;actualit\u00e9,\u00a0d\u00e9crypte l&rsquo;actualit\u00e9 nationale et internationale \u00e0 travers le prisme de l&rsquo;outre-mer. Elle donne la parole aux citoyens gr\u00e2ce \u00e0 une plateforme num\u00e9rique et \u00e0 une application mobile d\u00e9di\u00e9es, et propose aussi aux invit\u00e9s pr\u00e9sents en plateau de d\u00e9battre et surtout de r\u00e9agir \u00e0 ces contributions venues des territoires d\u2019Outre-mer. Il y a m\u00eame une pause culinaire avec Louise Denisot, chroniqueuse culinaire (fille de Philippe Denisot, l&rsquo;animateur TV canal+).<\/p>\n<p>J&rsquo;y \u00e9tais pr\u00e9sente en tant qu&rsquo;invit\u00e9e et plus particuli\u00e8rement en tant que g\u00e9rante d&rsquo;entreprise dans le cadre des entretiens d&#8217;embauche. Nous \u00e9tions 4 \u00e0 donner notre avis sur le sujet (une chroniqueuse emploi RTL et France 5, une dirigeante, deux candidats). Je pense que c&rsquo;est un th\u00e8me int\u00e9ressant, si tu passes des entretiens en tant qu&rsquo;ARC ou si tu souhaites changer un jour de poste.<\/p>\n<p>Tu trouveras ci-dessous, toutes les photos et la vid\u00e9o de l&rsquo;\u00e9mission.<\/p>\n<p><!--more--><\/p>\n<p>Sache que j&rsquo;ai besoin de ton aide pour faire conna\u00eetre le blog de la recherche clinique au plus grand nombre. Pour cela, j&rsquo;aurai besoin que tu commentes le plus souvent possible nos posts sur notre page Facebook, afin de pouvoir interagir avec les autres ARC (d&rsquo;ailleurs, tu peux commenter tous les jours, ce serait parfait \ud83d\ude42 ).<\/p>\n<p>Connecte toi sur la page Facebook du blog en cliquant ici :\u00a0<a class=\"validating\" href=\"https:\/\/www.facebook.com\/blogdelarechercheclinique\/\" data-cke-saved-href=\"https:\/\/www.facebook.com\/blogdelarechercheclinique\/\">https:\/\/www.facebook.com\/blogdelarechercheclinique\/<\/a><\/p>\n<p>Pour tous ceux qui auront pris le temps de commenter et d&rsquo;\u00e9changer, je pr\u00e9parerai un petit cadeau : un Webinaire ou un Facebook live priv\u00e9 sur invitation, o\u00f9 je donnerai mes secrets pour r\u00e9ussir en recherche clinique (emploi ou pratique m\u00e9tier). Je pense m\u00eame faire venir un invit\u00e9 surprise \u00e0 cet \u00e9v\u00e9nement. Attention, tu dois \u00e9galement \u00eatre inscrit sur le formulaire de r\u00e9cup\u00e9ration de notre guide se trouvant en bas de cet article (sinon, je ne pourrais pas t&rsquo;envoyer ton invitation au Facebook live !)<\/p>\n<p>Nous contacterons donc tous ceux qui ont comment\u00e9 plusieurs fois \u00e0 compter de ce jour jusqu&rsquo;au 15 f\u00e9vrier 2018. Le\u00a0 Webinar gratuit aura lieu fin f\u00e9vrier 2018.<\/p>\n<p>A bient\u00f4t,<\/p>\n<p>Vanessa<\/p>\n<hr \/>\n<p style=\"text-align: center;\"><strong>Vous avez besoin d&rsquo;une prestation en recherche clinique ? contactez PHARMASPECIFIC en vous rendant sur notre site en cliquant ici : <a href=\"https:\/\/pharmaspecific.com\/devis\/\" target=\"_blank\" rel=\"noopener noreferrer\">https:\/\/pharmaspecific.com\/devis\/<\/a><\/strong><\/p>\n<p style=\"text-align: center;\"><em>Si tu as des questions sur le m\u00e9tier d\u2019attach\u00e9 de recherche clinique ou sur une carri\u00e8re dans la recherche clinique, tu peux la mettre dans les commentaires ci-dessous. Nous te r\u00e9pondrons dans les plus brefs d\u00e9lais.\u00a0<\/em><\/p>\n<p style=\"text-align: center;\"><em>Si tu veux \u00eatre coach\u00e9, si tu veux une r\u00e9ponse personnalis\u00e9e \u00e0 tes questions ou \u00eatre en contact avec d\u2019autres professionnels de la recherche clinique, tu peux te rendre sur\u00a0<a href=\"https:\/\/pharmaspecific-training.com\/\" target=\"_blank\" rel=\"noopener noreferrer\">https:\/\/pharmaspecific-training.com\/<\/a><\/em><\/p>\n<p><iframe title=\"Comment r\u00e9ussir son entretien d&#039;embauche ?\" frameborder=\"0\" width=\"1080\" height=\"607\" data-src=\"https:\/\/geo.dailymotion.com\/player.html?video=x6dvuvu&#038;\" allowfullscreen allow=\"autoplay; fullscreen; picture-in-picture; web-share\" src=\"data:image\/svg+xml;base64,PHN2ZyB3aWR0aD0iMSIgaGVpZ2h0PSIxIiB4bWxucz0iaHR0cDovL3d3dy53My5vcmcvMjAwMC9zdmciPjwvc3ZnPg==\" class=\"lazyload\" data-load-mode=\"1\"><\/iframe><\/p>\n<p>Le d\u00e9bat \u00ab\u00a0Comment r\u00e9ussir son entretien d&#8217;embauche?\u00a0\u00bb<a href=\"https:\/\/i0.wp.com\/blogdelarechercheclinique.com\/wp-content\/uploads\/2018\/01\/photo-2.jpg?ssl=1\"><img data-recalc-dims=\"1\" decoding=\"async\" class=\"alignleft size-medium wp-image-4776 lazyload\" data-src=\"https:\/\/i0.wp.com\/blogdelarechercheclinique.com\/wp-content\/uploads\/2018\/01\/photo-2-300x225.jpg?resize=300%2C225&#038;ssl=1\" alt=\"\" width=\"300\" height=\"225\" src=\"data:image\/svg+xml;base64,PHN2ZyB3aWR0aD0iMSIgaGVpZ2h0PSIxIiB4bWxucz0iaHR0cDovL3d3dy53My5vcmcvMjAwMC9zdmciPjwvc3ZnPg==\" style=\"--smush-placeholder-width: 300px; --smush-placeholder-aspect-ratio: 300\/225;\" \/><\/a><a href=\"https:\/\/i0.wp.com\/blogdelarechercheclinique.com\/wp-content\/uploads\/2018\/01\/photo-1-2.jpg?ssl=1\"><img data-recalc-dims=\"1\" decoding=\"async\" class=\"alignleft size-medium wp-image-4786 lazyload\" data-src=\"https:\/\/i0.wp.com\/blogdelarechercheclinique.com\/wp-content\/uploads\/2018\/01\/photo-1-2-225x300.jpg?resize=225%2C300&#038;ssl=1\" alt=\"\" width=\"225\" height=\"300\" src=\"data:image\/svg+xml;base64,PHN2ZyB3aWR0aD0iMSIgaGVpZ2h0PSIxIiB4bWxucz0iaHR0cDovL3d3dy53My5vcmcvMjAwMC9zdmciPjwvc3ZnPg==\" style=\"--smush-placeholder-width: 225px; --smush-placeholder-aspect-ratio: 225\/300;\" \/><\/a> <a href=\"https:\/\/i0.wp.com\/blogdelarechercheclinique.com\/wp-content\/uploads\/2018\/01\/photo-6-2.jpg?ssl=1\"><img data-recalc-dims=\"1\" decoding=\"async\" class=\"alignleft size-medium wp-image-4789 lazyload\" data-src=\"https:\/\/i0.wp.com\/blogdelarechercheclinique.com\/wp-content\/uploads\/2018\/01\/photo-6-2-225x300.jpg?resize=225%2C300&#038;ssl=1\" alt=\"\" width=\"225\" height=\"300\" src=\"data:image\/svg+xml;base64,PHN2ZyB3aWR0aD0iMSIgaGVpZ2h0PSIxIiB4bWxucz0iaHR0cDovL3d3dy53My5vcmcvMjAwMC9zdmciPjwvc3ZnPg==\" style=\"--smush-placeholder-width: 225px; --smush-placeholder-aspect-ratio: 225\/300;\" \/><\/a> <a href=\"https:\/\/i0.wp.com\/blogdelarechercheclinique.com\/wp-content\/uploads\/2018\/01\/photo-4-2.jpg?ssl=1\"><img data-recalc-dims=\"1\" decoding=\"async\" class=\"alignleft size-medium wp-image-4787 lazyload\" data-src=\"https:\/\/i0.wp.com\/blogdelarechercheclinique.com\/wp-content\/uploads\/2018\/01\/photo-4-2-300x225.jpg?resize=300%2C225&#038;ssl=1\" alt=\"\" width=\"300\" height=\"225\" src=\"data:image\/svg+xml;base64,PHN2ZyB3aWR0aD0iMSIgaGVpZ2h0PSIxIiB4bWxucz0iaHR0cDovL3d3dy53My5vcmcvMjAwMC9zdmciPjwvc3ZnPg==\" style=\"--smush-placeholder-width: 300px; --smush-placeholder-aspect-ratio: 300\/225;\" \/><\/a><\/p>\n<p><a href=\"https:\/\/i0.wp.com\/blogdelarechercheclinique.com\/wp-content\/uploads\/2018\/01\/photo.jpg?ssl=1\"><img data-recalc-dims=\"1\" decoding=\"async\" class=\"alignleft size-medium wp-image-4781 lazyload\" data-src=\"https:\/\/i0.wp.com\/blogdelarechercheclinique.com\/wp-content\/uploads\/2018\/01\/photo-300x225.jpg?resize=300%2C225&#038;ssl=1\" alt=\"\" width=\"300\" height=\"225\" src=\"data:image\/svg+xml;base64,PHN2ZyB3aWR0aD0iMSIgaGVpZ2h0PSIxIiB4bWxucz0iaHR0cDovL3d3dy53My5vcmcvMjAwMC9zdmciPjwvc3ZnPg==\" style=\"--smush-placeholder-width: 300px; --smush-placeholder-aspect-ratio: 300\/225;\" \/><br \/>\n<\/a><\/p>\n<p><a href=\"https:\/\/i0.wp.com\/blogdelarechercheclinique.com\/wp-content\/uploads\/2018\/01\/photo-5-2.jpg?ssl=1\"><img data-recalc-dims=\"1\" decoding=\"async\" class=\"alignleft size-medium wp-image-4788 lazyload\" data-src=\"https:\/\/i0.wp.com\/blogdelarechercheclinique.com\/wp-content\/uploads\/2018\/01\/photo-5-2-225x300.jpg?resize=225%2C300&#038;ssl=1\" alt=\"\" width=\"225\" height=\"300\" src=\"data:image\/svg+xml;base64,PHN2ZyB3aWR0aD0iMSIgaGVpZ2h0PSIxIiB4bWxucz0iaHR0cDovL3d3dy53My5vcmcvMjAwMC9zdmciPjwvc3ZnPg==\" style=\"--smush-placeholder-width: 225px; --smush-placeholder-aspect-ratio: 225\/300;\" \/><\/a><\/p>","protected":false},"excerpt":{"rendered":"<p>Ce Lundi 29 Janvier 2018, je suis pass\u00e9e sur France t\u00e9l\u00e9visions et plus particuli\u00e8rement sur la chaine France O dans le cadre de l&rsquo;\u00e9mission LTOM (Les t\u00e9moins d&rsquo;Outre-mer) anim\u00e9 par la Journaliste Karine Baste-R\u00e9gis (France 3, Francetv info) et le chroniqueur Emeric Berco.<\/p>","protected":false},"author":4,"featured_media":13166,"comment_status":"open","ping_status":"open","sticky":false,"template":"","format":"standard","meta":{"om_disable_all_campaigns":false,"rop_custom_images_group":[],"rop_custom_messages_group":[],"rop_publish_now":"initial","rop_publish_now_accounts":{"facebook_122143508198123560_331463380343150":""},"rop_publish_now_history":[],"rop_publish_now_status":"pending","_sitemap_exclude":false,"_sitemap_priority":"","_sitemap_frequency":"","_exactmetrics_skip_tracking":false,"_exactmetrics_sitenote_active":false,"_exactmetrics_sitenote_note":"","_exactmetrics_sitenote_category":0,"_jetpack_memberships_contains_paid_content":false,"footnotes":""},"categories":[390],"tags":[414,413,8,218],"class_list":{"0":"post-4770","1":"post","2":"type-post","3":"status-publish","4":"format-standard","5":"has-post-thumbnail","7":"category-jeux-evenements","8":"tag-france-o","9":"tag-ltom","10":"tag-recherche-clinique","11":"tag-vanessa-montanari"},"translation":{"provider":"WPGlobus","version":"3.0.2","language":"en","enabled_languages":["fr","en"],"languages":{"fr":{"title":true,"content":true,"excerpt":true},"en":{"title":false,"content":false,"excerpt":false}}},"yoast_head":"<!-- This site is optimized with the Yoast SEO plugin v26.9 - https:\/\/yoast.com\/product\/yoast-seo-wordpress\/ -->\n<title>Vanessa Montanari d\u00e9bat sur France O<\/title>\n<meta name=\"robots\" content=\"index, follow, max-snippet:-1, max-image-preview:large, max-video-preview:-1\" \/>\n<link rel=\"canonical\" href=\"https:\/\/blogdelarechercheclinique.com\/en\/vanessa-montanari-france-televisions\/\" \/>\n<meta property=\"og:locale\" content=\"en_US\" \/>\n<meta property=\"og:type\" content=\"article\" \/>\n<meta property=\"og:title\" content=\"La chaine France O invite Vanessa Montanari -\" \/>\n<meta property=\"og:url\" content=\"https:\/\/blogdelarechercheclinique.com\/en\/vanessa-montanari-france-televisions\/\" \/>\n<meta property=\"article:publisher\" content=\"https:\/\/www.facebook.com\/blogdelarechercheclinique\" \/>\n<meta property=\"article:published_time\" content=\"2018-01-31T11:11:33+00:00\" \/>\n<meta property=\"article:modified_time\" content=\"2024-05-10T07:33:23+00:00\" \/>\n<meta property=\"og:image\" content=\"https:\/\/i0.wp.com\/blogdelarechercheclinique.com\/blog-contenu\/uploads\/2024\/04\/Capture-decran-2024-04-05-175911.png?fit=438%2C502&ssl=1\" \/>\n\t<meta property=\"og:image:width\" content=\"438\" \/>\n\t<meta property=\"og:image:height\" content=\"502\" \/>\n\t<meta property=\"og:image:type\" content=\"image\/png\" \/>\n<meta name=\"author\" content=\"Vanessa Montanari\" \/>\n<meta name=\"twitter:card\" content=\"summary_large_image\" \/>\n<meta name=\"twitter:label1\" content=\"Written by\" \/>\n\t<meta name=\"twitter:data1\" content=\"Vanessa Montanari\" \/>\n\t<meta name=\"twitter:label2\" content=\"Est. reading time\" \/>\n\t<meta name=\"twitter:data2\" content=\"4 minutes\" \/>\n<script type=\"application\/ld+json\" class=\"yoast-schema-graph\">{\"@context\":\"https:\/\/schema.org\",\"@graph\":[{\"@type\":\"Article\",\"@id\":\"https:\/\/blogdelarechercheclinique.com\/vanessa-montanari-france-televisions\/#article\",\"isPartOf\":{\"@id\":\"https:\/\/blogdelarechercheclinique.com\/vanessa-montanari-france-televisions\/\"},\"author\":{\"name\":\"Vanessa Montanari\",\"@id\":\"https:\/\/blogdelarechercheclinique.com\/#\/schema\/person\/13ee3f7a1251afe7e98918a482685938\"},\"headline\":\"La chaine France O invite Vanessa Montanari\",\"datePublished\":\"2018-01-31T11:11:33+00:00\",\"dateModified\":\"2024-05-10T07:33:23+00:00\",\"mainEntityOfPage\":{\"@id\":\"https:\/\/blogdelarechercheclinique.com\/vanessa-montanari-france-televisions\/\"},\"wordCount\":561,\"commentCount\":1,\"publisher\":{\"@id\":\"https:\/\/blogdelarechercheclinique.com\/#organization\"},\"image\":{\"@id\":\"https:\/\/blogdelarechercheclinique.com\/vanessa-montanari-france-televisions\/#primaryimage\"},\"thumbnailUrl\":\"https:\/\/i0.wp.com\/blogdelarechercheclinique.com\/blog-contenu\/uploads\/2024\/04\/Capture-decran-2024-04-05-175911.png?fit=438%2C502&ssl=1\",\"keywords\":[\"France O\",\"LTOM\",\"recherche clinique\",\"vanessa montanari\"],\"articleSection\":[\"Jeux - \u00e9v\u00e8nements\"],\"inLanguage\":\"en-US\",\"potentialAction\":[{\"@type\":\"CommentAction\",\"name\":\"Comment\",\"target\":[\"https:\/\/blogdelarechercheclinique.com\/vanessa-montanari-france-televisions\/#respond\"]}]},{\"@type\":\"WebPage\",\"@id\":\"https:\/\/blogdelarechercheclinique.com\/vanessa-montanari-france-televisions\/\",\"url\":\"https:\/\/blogdelarechercheclinique.com\/vanessa-montanari-france-televisions\/\",\"name\":\"Vanessa Montanari d\u00e9bat sur France O\",\"isPartOf\":{\"@id\":\"https:\/\/blogdelarechercheclinique.com\/#website\"},\"primaryImageOfPage\":{\"@id\":\"https:\/\/blogdelarechercheclinique.com\/vanessa-montanari-france-televisions\/#primaryimage\"},\"image\":{\"@id\":\"https:\/\/blogdelarechercheclinique.com\/vanessa-montanari-france-televisions\/#primaryimage\"},\"thumbnailUrl\":\"https:\/\/i0.wp.com\/blogdelarechercheclinique.com\/blog-contenu\/uploads\/2024\/04\/Capture-decran-2024-04-05-175911.png?fit=438%2C502&ssl=1\",\"datePublished\":\"2018-01-31T11:11:33+00:00\",\"dateModified\":\"2024-05-10T07:33:23+00:00\",\"description\":\"Dans le cadre du recrutement en entreprise, Vanessa Montanari a \u00e9t\u00e9 invit\u00e9 par France O pour d\u00e9battre le sujet.\",\"breadcrumb\":{\"@id\":\"https:\/\/blogdelarechercheclinique.com\/vanessa-montanari-france-televisions\/#breadcrumb\"},\"inLanguage\":\"en-US\",\"potentialAction\":[{\"@type\":\"ReadAction\",\"target\":[\"https:\/\/blogdelarechercheclinique.com\/vanessa-montanari-france-televisions\/\"]}]},{\"@type\":\"ImageObject\",\"inLanguage\":\"en-US\",\"@id\":\"https:\/\/blogdelarechercheclinique.com\/vanessa-montanari-france-televisions\/#primaryimage\",\"url\":\"https:\/\/i0.wp.com\/blogdelarechercheclinique.com\/blog-contenu\/uploads\/2024\/04\/Capture-decran-2024-04-05-175911.png?fit=438%2C502&ssl=1\",\"contentUrl\":\"https:\/\/i0.wp.com\/blogdelarechercheclinique.com\/blog-contenu\/uploads\/2024\/04\/Capture-decran-2024-04-05-175911.png?fit=438%2C502&ssl=1\",\"width\":438,\"height\":502,\"caption\":\"Vanessa Montanari sur France O\"},{\"@type\":\"BreadcrumbList\",\"@id\":\"https:\/\/blogdelarechercheclinique.com\/vanessa-montanari-france-televisions\/#breadcrumb\",\"itemListElement\":[{\"@type\":\"ListItem\",\"position\":1,\"name\":\"Accueil\",\"item\":\"https:\/\/blogdelarechercheclinique.com\/\"},{\"@type\":\"ListItem\",\"position\":2,\"name\":\"La chaine France O invite Vanessa Montanari\"}]},{\"@type\":\"WebSite\",\"@id\":\"https:\/\/blogdelarechercheclinique.com\/#website\",\"url\":\"https:\/\/blogdelarechercheclinique.com\/\",\"name\":\"Blog de la recherche clinique\",\"description\":\"\",\"publisher\":{\"@id\":\"https:\/\/blogdelarechercheclinique.com\/#organization\"},\"potentialAction\":[{\"@type\":\"SearchAction\",\"target\":{\"@type\":\"EntryPoint\",\"urlTemplate\":\"https:\/\/blogdelarechercheclinique.com\/?s={search_term_string}\"},\"query-input\":{\"@type\":\"PropertyValueSpecification\",\"valueRequired\":true,\"valueName\":\"search_term_string\"}}],\"inLanguage\":\"en-US\"},{\"@type\":\"Organization\",\"@id\":\"https:\/\/blogdelarechercheclinique.com\/#organization\",\"name\":\"Blog de la recherche clinique\",\"url\":\"https:\/\/blogdelarechercheclinique.com\/\",\"logo\":{\"@type\":\"ImageObject\",\"inLanguage\":\"en-US\",\"@id\":\"https:\/\/blogdelarechercheclinique.com\/#\/schema\/logo\/image\/\",\"url\":\"https:\/\/i0.wp.com\/blogdelarechercheclinique.com\/blog-contenu\/uploads\/2024\/04\/cropped-BLOG-logo.png?fit=512%2C512&ssl=1\",\"contentUrl\":\"https:\/\/i0.wp.com\/blogdelarechercheclinique.com\/blog-contenu\/uploads\/2024\/04\/cropped-BLOG-logo.png?fit=512%2C512&ssl=1\",\"width\":512,\"height\":512,\"caption\":\"Blog de la recherche clinique\"},\"image\":{\"@id\":\"https:\/\/blogdelarechercheclinique.com\/#\/schema\/logo\/image\/\"},\"sameAs\":[\"https:\/\/www.facebook.com\/blogdelarechercheclinique\"]},{\"@type\":\"Person\",\"@id\":\"https:\/\/blogdelarechercheclinique.com\/#\/schema\/person\/13ee3f7a1251afe7e98918a482685938\",\"name\":\"Vanessa Montanari\",\"image\":{\"@type\":\"ImageObject\",\"inLanguage\":\"en-US\",\"@id\":\"https:\/\/blogdelarechercheclinique.com\/#\/schema\/person\/image\/\",\"url\":\"https:\/\/secure.gravatar.com\/avatar\/ddf428208f542d6c2239ace6606ebe9beb71049642a9c784967f23e4e76e8efc?s=96&d=mm&r=g\",\"contentUrl\":\"https:\/\/secure.gravatar.com\/avatar\/ddf428208f542d6c2239ace6606ebe9beb71049642a9c784967f23e4e76e8efc?s=96&d=mm&r=g\",\"caption\":\"Vanessa Montanari\"},\"url\":\"https:\/\/blogdelarechercheclinique.com\/en\/author\/vanessa\/\"}]}<\/script>\n<!-- \/ Yoast SEO plugin. -->","yoast_head_json":{"title":"Vanessa Montanari d\u00e9bat sur France O","robots":{"index":"index","follow":"follow","max-snippet":"max-snippet:-1","max-image-preview":"max-image-preview:large","max-video-preview":"max-video-preview:-1"},"canonical":"https:\/\/blogdelarechercheclinique.com\/en\/vanessa-montanari-france-televisions\/","og_locale":"en_US","og_type":"article","og_title":"La chaine France O invite Vanessa Montanari -","og_url":"https:\/\/blogdelarechercheclinique.com\/en\/vanessa-montanari-france-televisions\/","article_publisher":"https:\/\/www.facebook.com\/blogdelarechercheclinique","article_published_time":"2018-01-31T11:11:33+00:00","article_modified_time":"2024-05-10T07:33:23+00:00","og_image":[{"width":438,"height":502,"url":"https:\/\/i0.wp.com\/blogdelarechercheclinique.com\/blog-contenu\/uploads\/2024\/04\/Capture-decran-2024-04-05-175911.png?fit=438%2C502&ssl=1","type":"image\/png"}],"author":"Vanessa Montanari","twitter_card":"summary_large_image","twitter_misc":{"Written by":"Vanessa Montanari","Est. reading time":"4 minutes"},"schema":{"@context":"https:\/\/schema.org","@graph":[{"@type":"Article","@id":"https:\/\/blogdelarechercheclinique.com\/vanessa-montanari-france-televisions\/#article","isPartOf":{"@id":"https:\/\/blogdelarechercheclinique.com\/vanessa-montanari-france-televisions\/"},"author":{"name":"Vanessa Montanari","@id":"https:\/\/blogdelarechercheclinique.com\/#\/schema\/person\/13ee3f7a1251afe7e98918a482685938"},"headline":"La chaine France O invite Vanessa Montanari","datePublished":"2018-01-31T11:11:33+00:00","dateModified":"2024-05-10T07:33:23+00:00","mainEntityOfPage":{"@id":"https:\/\/blogdelarechercheclinique.com\/vanessa-montanari-france-televisions\/"},"wordCount":561,"commentCount":1,"publisher":{"@id":"https:\/\/blogdelarechercheclinique.com\/#organization"},"image":{"@id":"https:\/\/blogdelarechercheclinique.com\/vanessa-montanari-france-televisions\/#primaryimage"},"thumbnailUrl":"https:\/\/i0.wp.com\/blogdelarechercheclinique.com\/blog-contenu\/uploads\/2024\/04\/Capture-decran-2024-04-05-175911.png?fit=438%2C502&ssl=1","keywords":["France O","LTOM","recherche clinique","vanessa montanari"],"articleSection":["Jeux - \u00e9v\u00e8nements"],"inLanguage":"en-US","potentialAction":[{"@type":"CommentAction","name":"Comment","target":["https:\/\/blogdelarechercheclinique.com\/vanessa-montanari-france-televisions\/#respond"]}]},{"@type":"WebPage","@id":"https:\/\/blogdelarechercheclinique.com\/vanessa-montanari-france-televisions\/","url":"https:\/\/blogdelarechercheclinique.com\/vanessa-montanari-france-televisions\/","name":"Vanessa Montanari d\u00e9bat sur France O","isPartOf":{"@id":"https:\/\/blogdelarechercheclinique.com\/#website"},"primaryImageOfPage":{"@id":"https:\/\/blogdelarechercheclinique.com\/vanessa-montanari-france-televisions\/#primaryimage"},"image":{"@id":"https:\/\/blogdelarechercheclinique.com\/vanessa-montanari-france-televisions\/#primaryimage"},"thumbnailUrl":"https:\/\/i0.wp.com\/blogdelarechercheclinique.com\/blog-contenu\/uploads\/2024\/04\/Capture-decran-2024-04-05-175911.png?fit=438%2C502&ssl=1","datePublished":"2018-01-31T11:11:33+00:00","dateModified":"2024-05-10T07:33:23+00:00","description":"Dans le cadre du recrutement en entreprise, Vanessa Montanari a \u00e9t\u00e9 invit\u00e9 par France O pour d\u00e9battre le sujet.","breadcrumb":{"@id":"https:\/\/blogdelarechercheclinique.com\/vanessa-montanari-france-televisions\/#breadcrumb"},"inLanguage":"en-US","potentialAction":[{"@type":"ReadAction","target":["https:\/\/blogdelarechercheclinique.com\/vanessa-montanari-france-televisions\/"]}]},{"@type":"ImageObject","inLanguage":"en-US","@id":"https:\/\/blogdelarechercheclinique.com\/vanessa-montanari-france-televisions\/#primaryimage","url":"https:\/\/i0.wp.com\/blogdelarechercheclinique.com\/blog-contenu\/uploads\/2024\/04\/Capture-decran-2024-04-05-175911.png?fit=438%2C502&ssl=1","contentUrl":"https:\/\/i0.wp.com\/blogdelarechercheclinique.com\/blog-contenu\/uploads\/2024\/04\/Capture-decran-2024-04-05-175911.png?fit=438%2C502&ssl=1","width":438,"height":502,"caption":"Vanessa Montanari sur France O"},{"@type":"BreadcrumbList","@id":"https:\/\/blogdelarechercheclinique.com\/vanessa-montanari-france-televisions\/#breadcrumb","itemListElement":[{"@type":"ListItem","position":1,"name":"Accueil","item":"https:\/\/blogdelarechercheclinique.com\/"},{"@type":"ListItem","position":2,"name":"La chaine France O invite Vanessa Montanari"}]},{"@type":"WebSite","@id":"https:\/\/blogdelarechercheclinique.com\/#website","url":"https:\/\/blogdelarechercheclinique.com\/","name":"Blog de la recherche clinique","description":"","publisher":{"@id":"https:\/\/blogdelarechercheclinique.com\/#organization"},"potentialAction":[{"@type":"SearchAction","target":{"@type":"EntryPoint","urlTemplate":"https:\/\/blogdelarechercheclinique.com\/?s={search_term_string}"},"query-input":{"@type":"PropertyValueSpecification","valueRequired":true,"valueName":"search_term_string"}}],"inLanguage":"en-US"},{"@type":"Organization","@id":"https:\/\/blogdelarechercheclinique.com\/#organization","name":"Blog de la recherche clinique","url":"https:\/\/blogdelarechercheclinique.com\/","logo":{"@type":"ImageObject","inLanguage":"en-US","@id":"https:\/\/blogdelarechercheclinique.com\/#\/schema\/logo\/image\/","url":"https:\/\/i0.wp.com\/blogdelarechercheclinique.com\/blog-contenu\/uploads\/2024\/04\/cropped-BLOG-logo.png?fit=512%2C512&ssl=1","contentUrl":"https:\/\/i0.wp.com\/blogdelarechercheclinique.com\/blog-contenu\/uploads\/2024\/04\/cropped-BLOG-logo.png?fit=512%2C512&ssl=1","width":512,"height":512,"caption":"Blog de la recherche clinique"},"image":{"@id":"https:\/\/blogdelarechercheclinique.com\/#\/schema\/logo\/image\/"},"sameAs":["https:\/\/www.facebook.com\/blogdelarechercheclinique"]},{"@type":"Person","@id":"https:\/\/blogdelarechercheclinique.com\/#\/schema\/person\/13ee3f7a1251afe7e98918a482685938","name":"Vanessa Montanari","image":{"@type":"ImageObject","inLanguage":"en-US","@id":"https:\/\/blogdelarechercheclinique.com\/#\/schema\/person\/image\/","url":"https:\/\/secure.gravatar.com\/avatar\/ddf428208f542d6c2239ace6606ebe9beb71049642a9c784967f23e4e76e8efc?s=96&d=mm&r=g","contentUrl":"https:\/\/secure.gravatar.com\/avatar\/ddf428208f542d6c2239ace6606ebe9beb71049642a9c784967f23e4e76e8efc?s=96&d=mm&r=g","caption":"Vanessa Montanari"},"url":"https:\/\/blogdelarechercheclinique.com\/en\/author\/vanessa\/"}]}},"jetpack_featured_media_url":"https:\/\/i0.wp.com\/blogdelarechercheclinique.com\/blog-contenu\/uploads\/2024\/04\/Capture-decran-2024-04-05-175911.png?fit=438%2C502&ssl=1","jetpack-related-posts":[{"id":6282,"url":"https:\/\/blogdelarechercheclinique.com\/en\/coiffure-entretien-embauche\/","url_meta":{"origin":4770,"position":0},"title":"\u201cInterview: La coiffure afro impactera-t-elle sur votre entretien d&#8217;embauche","author":"Vanessa Montanari","date":"28 November 2019","format":false,"excerpt":"A votre avis, La coiffure peut-elle jouer dans la d\u00e9cision finale d\u2019un recruteur ? Mettez votre avis ci-dessous. Prenons l\u2019exemple de la coiffure afro \ud83d\ude42 cliquez ici pour voir mon interview sur le sujet par une journaliste de France t\u00e9l\u00e9visions, France O, \u00e9mission LTOM","rel":"","context":"In &quot;Les entretiens d'embauche en recherche clinique&quot;","block_context":{"text":"Les entretiens d'embauche en recherche clinique","link":"https:\/\/blogdelarechercheclinique.com\/en\/category\/les-entretiens-dembauche-en-recherche-clinique\/"},"img":{"alt_text":"Coiffure en entretien d'embauche","src":"https:\/\/i0.wp.com\/blogdelarechercheclinique.com\/blog-contenu\/uploads\/2019\/11\/coiffure-entretien-embauche.png?fit=556%2C306&ssl=1&resize=350%2C200","width":350,"height":200,"srcset":"https:\/\/i0.wp.com\/blogdelarechercheclinique.com\/blog-contenu\/uploads\/2019\/11\/coiffure-entretien-embauche.png?fit=556%2C306&ssl=1&resize=350%2C200 1x, https:\/\/i0.wp.com\/blogdelarechercheclinique.com\/blog-contenu\/uploads\/2019\/11\/coiffure-entretien-embauche.png?fit=556%2C306&ssl=1&resize=525%2C300 1.5x"},"classes":[]},{"id":6319,"url":"https:\/\/blogdelarechercheclinique.com\/en\/entretien-embauche-collectif\/","url_meta":{"origin":4770,"position":1},"title":"Mon premier entretien d&#8217;embauche collectif!","author":"Vanessa Montanari","date":"13 December 2019","format":false,"excerpt":"Mon premier entretien d'embauche collectif, Avez vous d\u00e9j\u00e0 eu cette exp\u00e9rience ? Mettez votre avis ci-dessous. Cliquez ici pour voir mon interview sur le sujet par une journaliste de France t\u00e9l\u00e9visions, France O, \u00e9mission LTOM","rel":"","context":"In &quot;Les entretiens d'embauche en recherche clinique&quot;","block_context":{"text":"Les entretiens d'embauche en recherche clinique","link":"https:\/\/blogdelarechercheclinique.com\/en\/category\/les-entretiens-dembauche-en-recherche-clinique\/"},"img":{"alt_text":"Entretien collectif","src":"https:\/\/i0.wp.com\/blogdelarechercheclinique.com\/blog-contenu\/uploads\/2019\/12\/entretien-collectif.png?fit=552%2C307&ssl=1&resize=350%2C200","width":350,"height":200,"srcset":"https:\/\/i0.wp.com\/blogdelarechercheclinique.com\/blog-contenu\/uploads\/2019\/12\/entretien-collectif.png?fit=552%2C307&ssl=1&resize=350%2C200 1x, https:\/\/i0.wp.com\/blogdelarechercheclinique.com\/blog-contenu\/uploads\/2019\/12\/entretien-collectif.png?fit=552%2C307&ssl=1&resize=525%2C300 1.5x"},"classes":[]},{"id":4124,"url":"https:\/\/blogdelarechercheclinique.com\/en\/vlog-connais-socra-on-ty-emmene\/","url_meta":{"origin":4770,"position":2},"title":"SOciety of Clinical Research Associates (SOCRA), nous sommes membres","author":"Vanessa Montanari","date":"11 October 2017","format":false,"excerpt":"Une association am\u00e9ricaine qui a pour volont\u00e9 de d\u00e9velopper l'excellence en recherche clinique et qui aide \u00e0 la reconnaissance du m\u00e9tier d'ARC et de CRC (clinical research coordinator - l'\u00e9quivalent de TEC en France) au USA et dans le monde.","rel":"","context":"In &quot;Actualit\u00e9s de la recherche clinique&quot;","block_context":{"text":"Actualit\u00e9s de la recherche clinique","link":"https:\/\/blogdelarechercheclinique.com\/en\/category\/actualites-de-la-recherche-clinique\/"},"img":{"alt_text":"Society of Clinical Research Associates","src":"https:\/\/i0.wp.com\/blogdelarechercheclinique.com\/blog-contenu\/uploads\/2017\/10\/socra.png?fit=500%2C500&ssl=1&resize=350%2C200","width":350,"height":200},"classes":[]},{"id":13972,"url":"https:\/\/blogdelarechercheclinique.com\/en\/les-groupes-cooperateurs-en-oncologie-gco-qui-sont-ils-2\/","url_meta":{"origin":4770,"position":3},"title":"Les Groupes Coop\u00e9rateurs en Oncologie (GCO): qui sont-ils?","author":"Vanessa Montanari","date":"8 July 2015","format":false,"excerpt":"Nous allons te dire dans cet article ce que nous avons retenu de cette entit\u00e9 pas toujours connue des attach\u00e9s de recherche clinique.","rel":"","context":"In &quot;Actualit\u00e9s de la recherche clinique&quot;","block_context":{"text":"Actualit\u00e9s de la recherche clinique","link":"https:\/\/blogdelarechercheclinique.com\/en\/category\/actualites-de-la-recherche-clinique\/"},"img":{"alt_text":"Les groupes coop\u00e9rateurs en oncologie","src":"https:\/\/i0.wp.com\/blogdelarechercheclinique.com\/blog-contenu\/uploads\/2024\/05\/groupe-cooperateur-oncologie.png?fit=1027%2C687&ssl=1&resize=350%2C200","width":350,"height":200,"srcset":"https:\/\/i0.wp.com\/blogdelarechercheclinique.com\/blog-contenu\/uploads\/2024\/05\/groupe-cooperateur-oncologie.png?fit=1027%2C687&ssl=1&resize=350%2C200 1x, https:\/\/i0.wp.com\/blogdelarechercheclinique.com\/blog-contenu\/uploads\/2024\/05\/groupe-cooperateur-oncologie.png?fit=1027%2C687&ssl=1&resize=525%2C300 1.5x, https:\/\/i0.wp.com\/blogdelarechercheclinique.com\/blog-contenu\/uploads\/2024\/05\/groupe-cooperateur-oncologie.png?fit=1027%2C687&ssl=1&resize=700%2C400 2x"},"classes":[]},{"id":4541,"url":"https:\/\/blogdelarechercheclinique.com\/en\/first-in-human-documentaire-a-ne-rater-recherche-clinique\/","url_meta":{"origin":4770,"position":4},"title":"Documentaire sur la recherche clinique : First in Human","author":"Vanessa Montanari","date":"7 December 2017","format":false,"excerpt":"Il s\u2019agit d\u2019essais cliniques dont le NIH (National institutes of Health) est promoteur. Les National Institutes of Health sont des institutions gouvernementales des \u00c9tats-Unis qui s'occupent de la recherche biom\u00e9dicale. Ils d\u00e9pendent du D\u00e9partement de la Sant\u00e9 et des Services sociaux des \u00c9tats-Unis.","rel":"","context":"In &quot;Actualit\u00e9s de la recherche clinique&quot;","block_context":{"text":"Actualit\u00e9s de la recherche clinique","link":"https:\/\/blogdelarechercheclinique.com\/en\/category\/actualites-de-la-recherche-clinique\/"},"img":{"alt_text":"Documentaire: first in human","src":"https:\/\/i0.wp.com\/blogdelarechercheclinique.com\/blog-contenu\/uploads\/2017\/12\/First-in-Human.png?fit=1168%2C565&ssl=1&resize=350%2C200","width":350,"height":200,"srcset":"https:\/\/i0.wp.com\/blogdelarechercheclinique.com\/blog-contenu\/uploads\/2017\/12\/First-in-Human.png?fit=1168%2C565&ssl=1&resize=350%2C200 1x, https:\/\/i0.wp.com\/blogdelarechercheclinique.com\/blog-contenu\/uploads\/2017\/12\/First-in-Human.png?fit=1168%2C565&ssl=1&resize=525%2C300 1.5x, https:\/\/i0.wp.com\/blogdelarechercheclinique.com\/blog-contenu\/uploads\/2017\/12\/First-in-Human.png?fit=1168%2C565&ssl=1&resize=700%2C400 2x, https:\/\/i0.wp.com\/blogdelarechercheclinique.com\/blog-contenu\/uploads\/2017\/12\/First-in-Human.png?fit=1168%2C565&ssl=1&resize=1050%2C600 3x"},"classes":[]},{"id":14000,"url":"https:\/\/blogdelarechercheclinique.com\/en\/recherche-clinique-dispositifs-medicaux\/","url_meta":{"origin":4770,"position":5},"title":"La recherche clinique sur les dispositifs m\u00e9dicaux, comment s\u2019y prendre?","author":"Vanessa Montanari","date":"7 May 2015","format":false,"excerpt":"En effet, une \u00e9tude clinique (investigation clinique pour les dispositifs m\u00e9dicaux) est obligatoire pour l\u2019obtention du marquage CE de certains dispositifs m\u00e9dicaux, dont les cat\u00e9gories et conditions sont pr\u00e9cis\u00e9es par la directive 2007\/47 CE, et tous les dispositifs m\u00e9dicaux sont soumis \u00e0 une obligation de fourniture de donn\u00e9es cliniques apr\u00e8s\u2026","rel":"","context":"In &quot;Pratiquer le m\u00e9tier d'Attach\u00e9 de recherche clinique&quot;","block_context":{"text":"Pratiquer le m\u00e9tier d'Attach\u00e9 de recherche clinique","link":"https:\/\/blogdelarechercheclinique.com\/en\/category\/pratiquer-le-metier-dattache-de-recherche-clinique\/"},"img":{"alt_text":"La recherche clinique sur les dispositifs m\u00e9dicaux","src":"https:\/\/i0.wp.com\/blogdelarechercheclinique.com\/blog-contenu\/uploads\/2024\/05\/dispositif-medicaux.png?fit=853%2C565&ssl=1&resize=350%2C200","width":350,"height":200,"srcset":"https:\/\/i0.wp.com\/blogdelarechercheclinique.com\/blog-contenu\/uploads\/2024\/05\/dispositif-medicaux.png?fit=853%2C565&ssl=1&resize=350%2C200 1x, https:\/\/i0.wp.com\/blogdelarechercheclinique.com\/blog-contenu\/uploads\/2024\/05\/dispositif-medicaux.png?fit=853%2C565&ssl=1&resize=525%2C300 1.5x, https:\/\/i0.wp.com\/blogdelarechercheclinique.com\/blog-contenu\/uploads\/2024\/05\/dispositif-medicaux.png?fit=853%2C565&ssl=1&resize=700%2C400 2x"},"classes":[]}],"jetpack_sharing_enabled":true,"_links":{"self":[{"href":"https:\/\/blogdelarechercheclinique.com\/en\/wp-json\/wp\/v2\/posts\/4770","targetHints":{"allow":["GET"]}}],"collection":[{"href":"https:\/\/blogdelarechercheclinique.com\/en\/wp-json\/wp\/v2\/posts"}],"about":[{"href":"https:\/\/blogdelarechercheclinique.com\/en\/wp-json\/wp\/v2\/types\/post"}],"author":[{"embeddable":true,"href":"https:\/\/blogdelarechercheclinique.com\/en\/wp-json\/wp\/v2\/users\/4"}],"replies":[{"embeddable":true,"href":"https:\/\/blogdelarechercheclinique.com\/en\/wp-json\/wp\/v2\/comments?post=4770"}],"version-history":[{"count":1,"href":"https:\/\/blogdelarechercheclinique.com\/en\/wp-json\/wp\/v2\/posts\/4770\/revisions"}],"predecessor-version":[{"id":13657,"href":"https:\/\/blogdelarechercheclinique.com\/en\/wp-json\/wp\/v2\/posts\/4770\/revisions\/13657"}],"wp:featuredmedia":[{"embeddable":true,"href":"https:\/\/blogdelarechercheclinique.com\/en\/wp-json\/wp\/v2\/media\/13166"}],"wp:attachment":[{"href":"https:\/\/blogdelarechercheclinique.com\/en\/wp-json\/wp\/v2\/media?parent=4770"}],"wp:term":[{"taxonomy":"category","embeddable":true,"href":"https:\/\/blogdelarechercheclinique.com\/en\/wp-json\/wp\/v2\/categories?post=4770"},{"taxonomy":"post_tag","embeddable":true,"href":"https:\/\/blogdelarechercheclinique.com\/en\/wp-json\/wp\/v2\/tags?post=4770"}],"curies":[{"name":"wp","href":"https:\/\/api.w.org\/{rel}","templated":true}]}}